{"id":338452,"date":"2025-08-23T12:05:12","date_gmt":"2025-08-23T12:05:12","guid":{"rendered":"https:\/\/www.europesays.com\/fr\/338452\/"},"modified":"2025-08-23T12:05:12","modified_gmt":"2025-08-23T12:05:12","slug":"mort-de-jean-pormanove-concentrer-le-blame-sur-larcom-est-une-erreur-mediapart","status":"publish","type":"post","link":"https:\/\/www.europesays.com\/fr\/338452\/","title":{"rendered":"Mort de \u00ab Jean Pormanove \u00bb : \u00ab Concentrer le bl\u00e2me sur l\u2019Arcom est une erreur \u00bb &#8211; Mediapart"},"content":{"rendered":"<ol>\n<li><a href=\"https:\/\/news.google.com\/rss\/articles\/CBMitwFBVV95cUxOOGpaUTVrTGxUeXkzYm94TTAtOWVadUVKd2psazJIQ0djOU5zblhsdmpVUHpZVE15SDhqVHFkLXJoUkNoMjlCeXRmMzBjdnlmbnhiNDRQOFpBM25PNzFUZUdjMnVwSXpiaDVsWm9VN0RxbXBVWUxTaE5uOGFxZ3YydksxeFdQX1VhdVgyR1liRVVLNXhhMklVOHhRc1hWQnFxUXVmd3R3aE1YZjVaRzZMOFZ2U1dhUmM?oc=5\" target=\"_blank\" rel=\"nofollow noopener\">Mort de \u00ab Jean Pormanove \u00bb : \u00ab Concentrer le bl\u00e2me sur l\u2019Arcom est une erreur \u00bb<\/a>&nbsp;&nbsp;Mediapart<\/li>\n<li><a href=\"https:\/\/news.google.com\/rss\/articles\/CBMirAJBVV95cUxOMTRNWU9yS2VjLTVxMVNwWlo3Q19lT2VZVlZJOXRUSk83SGtyQUxweXlNb3E0cWJrN0lDb19TMXFnQ0hyMW5IRmwyV1g3VlhkNHk5YS1IRjRkMkt1RUdkYl9OaUh3ZEVud2xXYk9RUTk2MUV5bDdJVndGU1p6VGViWEttR0h0TlZwZmVMT1FmYXBGVDlkbGtMN2dxek92YzBZVnB6Z0JHQlhJQVg3T2J3RGVuMzVpSG9oOTFkLXRXVTdUbmgxLV8zdnFRQnBZN0NBRzlwWnAwVXlBYUN2OGZBT0RkYUhkbmdfUVo3MFlubEprNWhUWGlObk4wdmRyRzlNUkRTNnJTcE9GeGFhNW9oaDl0MF9jV1YtQ002bjNjNFhEcWljMGtwSUlRUnI?oc=5\" target=\"_blank\" rel=\"nofollow noopener\">Mort de Jean Pormanove : les streamers Naruto et Safine ont continu\u00e9 \u00e0 lui infliger des s\u00e9vices en sachant son \u00e9tat de sant\u00e9 fragile<\/a>&nbsp;&nbsp;Lib\u00e9ration<\/li>\n<li><a href=\"https:\/\/news.google.com\/rss\/articles\/CBMi0AFBVV95cUxOMm1xT0laRWJ6MEpNbjU1bzZkVnpfbWNSdzVZT1JQSy13cFJEQTd1aHdrdWRKMzRMQ1hsaHkxVm9HNHhxNjE3Zk04MzhMSlBVZm9Wb3poN0xady1qNEpScFctMF92OVh0ZC1HQTByc3BySGZQZkZsZG54ZmhMUlBWLUUzMTBWaXY3emJaN19UdjFLa1hPZVpHNXN4b05NZmdOSFFlU2hLeVVMMnNJeURfSks0Z19fdFFha2lyYUtySzJaaTBqdm9TcWpUc3N2OG5R?oc=5\" target=\"_blank\" rel=\"nofollow noopener\">\u00ab\u00a0Les bas-fonds d&rsquo;internet\u00a0\u00bb: qui se cache derri\u00e8re la plateforme de streaming Kick?<\/a>&nbsp;&nbsp;BFMTV<\/li>\n<li><a href=\"https:\/\/news.google.com\/rss\/articles\/CBMi_wJBVV95cUxQNTJKZ2NtUVhmRDhhMTAtUWhMMWMyZGR1UmEta2hkZVkwc1ZmUkZtMzF6UEFuM3FGTFpjSlhpUEhGV2lGdlAzVVQ2WlV0ejYzY3NXdEx3aWZNdk1XSGlEczc0el9INXRXS1FTQU12blFHMjBqcVR1N3E2R0gwa21EanNqNUJoRld2ZVkyR01wQWo0aFdQREZpTjlxRVBDSVE1d1piTDh4QTJLYnZJZUZtN29KLUFLQW05V1FxRVVPQXZSaUpQc3U0S1ZrR1UyemhNa1VZaHJXa1hNdEFQOGI1SFJseWJsU05lU0FCN2RydnhGd3lyVXd0X1JVa0xHR2FJcTBpQndqbFU0ZHJ2X0c0YVVSczBDemZCalQ4SXFuVTVxQUh2Ynk0QThmcHE5dWl5eFYzTi1uRUt2eF8xZGIyUTQxRF9hOTB2UFkxbXc1bDBSXzczZUhMSEFpNkw3XzJxVjIxdHk5V241d0RmdnN6Ym9fREtEQkpfOWl3OTVNbw?oc=5\" target=\"_blank\" rel=\"nofollow noopener\">\u00ab\u00a0Tout ce qui prouvait les s\u00e9vices a \u00e9t\u00e9 supprim\u00e9\u00a0\u00bb : un lanceur d&rsquo;alerte publie 1 700 vid\u00e9os pour prouver les mauvais traitements subis par Jean Pormanove<\/a>&nbsp;&nbsp;France Info<\/li>\n<li><a href=\"https:\/\/news.google.com\/rss\/articles\/CBMi0wFBVV95cUxQeWNIYU5hSGU5Mk0zRDMwRnhhSXgyTDd6RC0wRUFCc0phRmkyYVNpbEkwSHQxMlZ0Q2xONXdPcEpDTjNiZF9ncWZvNEcyQW1yci1qTWo4MlJoMWpWcHhXYXpIdXFScGQtQkZoT1EtQlpSX0VzLTdVdHZLRmFmUG10SnhKVnI5bHdCNVRvTEduTnJCdmdnMTFEdDNzMjdLanN1WGdaNmVib0NROGRlQnVqSzBjRksyUVlRMEVfNndtZjZnVUhFb0dveW1xTEpJVk5DVTY4?oc=5\" target=\"_blank\" rel=\"nofollow noopener\">D\u00e9c\u00e8s du streamer Jean Pormanove : la mort en direct, un scandale lucratif<\/a>&nbsp;&nbsp;Le Monde.fr<\/li>\n<\/ol>\n","protected":false},"excerpt":{"rendered":"Mort de \u00ab Jean Pormanove \u00bb : \u00ab Concentrer le bl\u00e2me sur l\u2019Arcom est une erreur \u00bb&nbsp;&nbsp;Mediapart Mort&hellip;\n","protected":false},"author":2,"featured_media":338453,"comment_status":"","ping_status":"","sticky":false,"template":"","format":"standard","meta":{"footnotes":""},"categories":[2],"tags":[11,4690,9006,47480,1011,27,310,47018,47019,12,4125,25],"class_list":{"0":"post-338452","1":"post","2":"type-post","3":"status-publish","4":"format-standard","5":"has-post-thumbnail","7":"category-actualites","8":"tag-actualites","9":"tag-arcom","10":"tag-censure","11":"tag-dsa","12":"tag-fr","13":"tag-france","14":"tag-internet","15":"tag-jean-pormanove","16":"tag-kick","17":"tag-news","18":"tag-numerique","19":"tag-republique-francaise"},"share_on_mastodon":{"url":"https:\/\/pubeurope.com\/@fr\/115077993177780025","error":""},"_links":{"self":[{"href":"https:\/\/www.europesays.com\/fr\/wp-json\/wp\/v2\/posts\/338452","targetHints":{"allow":["GET"]}}],"collection":[{"href":"https:\/\/www.europesays.com\/fr\/wp-json\/wp\/v2\/posts"}],"about":[{"href":"https:\/\/www.europesays.com\/fr\/wp-json\/wp\/v2\/types\/post"}],"author":[{"embeddable":true,"href":"https:\/\/www.europesays.com\/fr\/wp-json\/wp\/v2\/users\/2"}],"replies":[{"embeddable":true,"href":"https:\/\/www.europesays.com\/fr\/wp-json\/wp\/v2\/comments?post=338452"}],"version-history":[{"count":0,"href":"https:\/\/www.europesays.com\/fr\/wp-json\/wp\/v2\/posts\/338452\/revisions"}],"wp:featuredmedia":[{"embeddable":true,"href":"https:\/\/www.europesays.com\/fr\/wp-json\/wp\/v2\/media\/338453"}],"wp:attachment":[{"href":"https:\/\/www.europesays.com\/fr\/wp-json\/wp\/v2\/media?parent=338452"}],"wp:term":[{"taxonomy":"category","embeddable":true,"href":"https:\/\/www.europesays.com\/fr\/wp-json\/wp\/v2\/categories?post=338452"},{"taxonomy":"post_tag","embeddable":true,"href":"https:\/\/www.europesays.com\/fr\/wp-json\/wp\/v2\/tags?post=338452"}],"curies":[{"name":"wp","href":"https:\/\/api.w.org\/{rel}","templated":true}]}}