{"id":338462,"date":"2025-08-23T12:12:13","date_gmt":"2025-08-23T12:12:13","guid":{"rendered":"https:\/\/www.europesays.com\/fr\/338462\/"},"modified":"2025-08-23T12:12:13","modified_gmt":"2025-08-23T12:12:13","slug":"bagnaia-face-au-moment-le-plus-dur-de-sa-carriere-je-me-bats","status":"publish","type":"post","link":"https:\/\/www.europesays.com\/fr\/338462\/","title":{"rendered":"Bagnaia face au \u00ab\u00a0moment le plus dur\u00a0\u00bb de sa carri\u00e8re\u00a0: \u00ab\u00a0Je me bats\u00a0\u00bb"},"content":{"rendered":"<p>Apr\u00e8s avoir plusieurs fois cru qu&rsquo;il avait mis le doigt sur la solution qui l&rsquo;aiderait, <a href=\"https:\/\/fr.motorsport.com\/driver\/pecco-bagnaia\/109394\/\" target=\"_blank\" rel=\"noopener\">Pecco Bagnaia<\/a> se fait de moins en moins d&rsquo;illusions. La version 2025 de la Ducati lui pose toujours les m\u00eames probl\u00e8mes, course apr\u00e8s course, et les pistes de progr\u00e8s pour retrouver de bonnes sensations sur l&rsquo;avant se transforment les unes apr\u00e8s les autres en impasse.<\/p>\n<p>Jamais Bagnaia n&rsquo;avait \u00e9t\u00e9 confront\u00e9 \u00e0 une telle situation dans sa carri\u00e8re. \u00ab\u00a0Oui, c&rsquo;est le moment le plus dur\u00a0\u00bb, a-t-il reconnu apr\u00e8s un vendredi difficile au Balaton Park, sur lequel ses difficult\u00e9s sont exacerb\u00e9es, au point de rendre presque illusoire la lutte pour le top 10, pourtant facilement atteint par <a href=\"https:\/\/fr.motorsport.com\/driver\/marc-marquez\/92646\/\" target=\"_blank\" rel=\"noopener\">Marc M\u00e1rquez<\/a>, qui domine le championnat avec la m\u00eame moto.<\/p>\n<p>\u00ab\u00a0Les dur\u00e9es de course de l&rsquo;an dernier sont toujours comparables \u00e0 celles de cette ann\u00e9e\u00a0\u00bb, a soulign\u00e9 Bagnaia. \u00ab\u00a0C&rsquo;est un fait. Et cette saison, j&rsquo;ai du mal \u00e0 retrouver le potentiel que j&rsquo;avais l&rsquo;an dernier. C&rsquo;est difficile \u00e0 accepter, difficile \u00e0 comprendre et aussi difficile pour l&rsquo;\u00e9quipe parce qu&rsquo;ils travaillent pour me donner ce potentiel mais qu&rsquo;on ne le trouve pas.\u00a0\u00bb<\/p>\n<p>Toujours dans l&rsquo;incompr\u00e9hension, Bagnaia ne veut pas perdre espoir : \u00ab\u00a0C&rsquo;est \u00e9galement un choc pour moi d&rsquo;\u00eatre \u00e0 ce point en difficult\u00e9 au freinage, mais c&rsquo;est comme \u00e7a depuis huit mois. Je me bats d\u00e9j\u00e0 pour trouver de nouvelles solutions, qui sont assez loin, mais je me bats parce que je ne veux pas renoncer. Je veux juste trouver le potentiel, ce qui est assez difficile pour moi, parce que Marc est le seul qui utilise le potentiel de cette moto. Je dois juste l&rsquo;utiliser.\u00a0\u00bb<\/p>\n<p>   <img decoding=\"async\" draggable=\"false\" src=\"https:\/\/www.europesays.com\/fr\/wp-content\/uploads\/2025\/08\/1755951133_227_francesco-bagnaia-ducati-team.jpg\" alt=\"Francesco Bagnaia, Ducati Team\" width=\"1200\" height=\"800\" loading=\"lazy\"\/> <\/p>\n<p class=\"title\">Pecco Bagnaia<\/p>\n<p class=\"photographer\">Photo de: Gold and Goose Photography \/ LAT Images \/ via Getty Images<\/p>\n<p>Bagnaia a plusieurs fois \u00e9voqu\u00e9 l&rsquo;impossibilit\u00e9 de revenir en arri\u00e8re, postulat <a href=\"https:\/\/fr.motorsport.com\/motogp\/news\/marquez-bagnaia-arrivera-surmonter-problemes\/10752235\/\" target=\"_blank\" rel=\"noopener\">que ne partage pas v\u00e9ritablement M\u00e1rquez<\/a>, et a confirm\u00e9 ne pas avoir pu tester de changement radical depuis le d\u00e9but de la saison\u00a0: \u00ab\u00a0Je suis toujours avec la m\u00eame moto\u00a0\u00bb.\u00a0\u00ab\u00a0On travaille juste sur de petits d\u00e9tails, mais maintenant, il nous faut quelque chose de plus important, et j&rsquo;esp\u00e8re que l&rsquo;on trouvera une chose qui aidera vraiment.\u00a0\u00bb<\/p>\n<blockquote>\n<p>J&rsquo;ai essay\u00e9, mais je ne peux pas piloter cette moto comme il le fait.<\/p>\n<\/blockquote>\n<p>Pecco Bagnaia est pourtant le seul \u00e0 r\u00e9clamer ces changements dans le garage Ducati puisque Marc M\u00e1rquez s&rsquo;accommode tr\u00e8s bien de la GP25. Peut-\u00eatre m\u00eame trop aux yeux de l&rsquo;Italien, qui voit en son co\u00e9quipier un pilote \u00ab\u00a0tr\u00e8s bon pour cacher les probl\u00e8mes\u00a0\u00bb, mais dont il ne parvient pas \u00e0 s&rsquo;inspirer.<\/p>\n<p>\u00ab\u00a0Je profite d\u00e9j\u00e0 de la pr\u00e9sence de Marc parce que je vois clairement ce qu&rsquo;il faut. Je reconnais qu&rsquo;il fait de superbes choses avec une moto tr\u00e8s compliqu\u00e9e.\u00a0\u00bb<\/p>\n<p>\u00ab\u00a0Je ne veux pas dire qu&rsquo;elle n&rsquo;est pas bonne, parce que Marc pilote tr\u00e8s bien\u00a0\u00bb, a ajout\u00e9 Bagnaia lorsqu&rsquo;on lui a rappel\u00e9 que <a href=\"https:\/\/fr.motorsport.com\/driver\/fabio-di-giannantonio\/289538\/\" target=\"_blank\" rel=\"noopener\">Fabio Di Giannantonio<\/a>, le troisi\u00e8me et dernier pilote \u00e0 disposer de la GP25, est \u00e9galement distanc\u00e9. \u00ab\u00a0C&rsquo;est difficile \u00e0 savoir. C&rsquo;est vrai, mais j&rsquo;ai du mal.\u00a0\u00bb<\/p>\n<p>   <img decoding=\"async\" draggable=\"false\" src=\"https:\/\/www.europesays.com\/fr\/wp-content\/uploads\/2025\/08\/1755951133_371_marc-marquez-ducati-team.jpg\" alt=\"Marc Marquez, Ducati Team\" width=\"1200\" height=\"800\" loading=\"lazy\"\/> <\/p>\n<p class=\"title\">Marc M\u00e1rquez<\/p>\n<p class=\"photographer\">Photo de: Gold and Goose Photography \/ LAT Images \/ via Getty Images<\/p>\n<p>Bagnaia a beau avoir acc\u00e8s \u00e0 toutes les donn\u00e9es de M\u00e1rquez, il ne se sent pas capable de l&rsquo;imiter\u00a0: \u00ab\u00a0Je ne pense pas parce que j&rsquo;ai essay\u00e9, mais je ne peux pas piloter cette moto comme il le fait. Je ne peux pas piloter cette moto de la fa\u00e7on dont j&rsquo;aimerais le faire.\u00a0\u00bb<\/p>\n<p>Malgr\u00e9 les diff\u00e9rences dans leurs performances, Bagnaia reste convaincu que la GP24 \u00e9tait plus facile \u00e0 ma\u00eetriser que la moto de cette ann\u00e9e, et que M\u00e1rquez dresserait le m\u00eame constat s&rsquo;il avait une v\u00e9ritable exp\u00e9rience \u00e0 son guidon\u00a0: \u00ab\u00a0Je pense que s&rsquo;il avait pilot\u00e9 la GP24 l&rsquo;an dernier, il aurait aim\u00e9 continuer avec la GP24, mais il est aussi rapide avec la GP25, parce que c&rsquo;est comme \u00e7a.\u00a0\u00bb<\/p>\n<p>Lire aussi :<\/p>\n<p>Dans cet article<\/p>\n<p>Soyez le premier inform\u00e9 et souscrivez aux alertes mails pour recevoir les infos en temps r\u00e9el<\/p>\n<p>    S&rsquo;abonner aux alertes de news<\/p>\n","protected":false},"excerpt":{"rendered":"Apr\u00e8s avoir plusieurs fois cru qu&rsquo;il avait mis le doigt sur la solution qui l&rsquo;aiderait, Pecco Bagnaia se&hellip;\n","protected":false},"author":2,"featured_media":338463,"comment_status":"","ping_status":"","sticky":false,"template":"","format":"standard","meta":{"footnotes":""},"categories":[1413],"tags":[47481,21747,4950,1011,27,21746,1457,1456,1458,4951,60],"class_list":{"0":"post-338462","1":"post","2":"type-post","3":"status-publish","4":"format-standard","5":"has-post-thumbnail","7":"category-moto","8":"tag-bagnaia-face-au-moment-le-plus-dur-de-sa-carriu00e8reu00a0-je-me-bats","9":"tag-balaton-park","10":"tag-ducati-team","11":"tag-fr","12":"tag-france","13":"tag-gp-de-hongrie","14":"tag-moto","15":"tag-motocycle","16":"tag-motogp","17":"tag-pecco-bagnaia","18":"tag-sports"},"share_on_mastodon":{"url":"https:\/\/pubeurope.com\/@fr\/115078020719383593","error":""},"_links":{"self":[{"href":"https:\/\/www.europesays.com\/fr\/wp-json\/wp\/v2\/posts\/338462","targetHints":{"allow":["GET"]}}],"collection":[{"href":"https:\/\/www.europesays.com\/fr\/wp-json\/wp\/v2\/posts"}],"about":[{"href":"https:\/\/www.europesays.com\/fr\/wp-json\/wp\/v2\/types\/post"}],"author":[{"embeddable":true,"href":"https:\/\/www.europesays.com\/fr\/wp-json\/wp\/v2\/users\/2"}],"replies":[{"embeddable":true,"href":"https:\/\/www.europesays.com\/fr\/wp-json\/wp\/v2\/comments?post=338462"}],"version-history":[{"count":0,"href":"https:\/\/www.europesays.com\/fr\/wp-json\/wp\/v2\/posts\/338462\/revisions"}],"wp:featuredmedia":[{"embeddable":true,"href":"https:\/\/www.europesays.com\/fr\/wp-json\/wp\/v2\/media\/338463"}],"wp:attachment":[{"href":"https:\/\/www.europesays.com\/fr\/wp-json\/wp\/v2\/media?parent=338462"}],"wp:term":[{"taxonomy":"category","embeddable":true,"href":"https:\/\/www.europesays.com\/fr\/wp-json\/wp\/v2\/categories?post=338462"},{"taxonomy":"post_tag","embeddable":true,"href":"https:\/\/www.europesays.com\/fr\/wp-json\/wp\/v2\/tags?post=338462"}],"curies":[{"name":"wp","href":"https:\/\/api.w.org\/{rel}","templated":true}]}}