{"id":338468,"date":"2025-08-23T12:16:11","date_gmt":"2025-08-23T12:16:11","guid":{"rendered":"https:\/\/www.europesays.com\/fr\/338468\/"},"modified":"2025-08-23T12:16:11","modified_gmt":"2025-08-23T12:16:11","slug":"france-inter-il-ny-a-pas-que-bertrand-chameroy-de-nouveaux-visages-de-lhumour-rejoignent-la-radio","status":"publish","type":"post","link":"https:\/\/www.europesays.com\/fr\/338468\/","title":{"rendered":"France Inter : il n&rsquo;y a pas que Bertrand Chameroy, de nouveaux visages de l&rsquo;humour rejoignent la radio"},"content":{"rendered":"<p>            <img loading=\"lazy\" decoding=\"async\" src=\"https:\/\/www.europesays.com\/fr\/wp-content\/uploads\/2025\/04\/144-64f8c016610ee-35x35-1.jpg\" class=\"author-article-picture\" width=\"35\" height=\"35\"\/><\/p>\n<p>                Par<br \/>\n                                    <a class=\"author-article-bio-link\" href=\"https:\/\/www.purepeople.com\/auteur\/louise-martin_a144\" rel=\"nofollow noopener\" target=\"_blank\">Louise Martin<\/a><br \/>\n                                                    | R\u00e9dactrice<\/p>\n<p>\n                Koh Lanta, Les Marseillais mais aussi Mari\u00e9s au Premier regards\u2026 Louise Martin est une t\u00e9l\u00e9vore qui essaye, \u00e0 ses heures perdues, de refaire les g\u00e2teaux qu\u2019elle admire devant le Meilleur P\u00e2tissier\u2026 mais elle ne risque pas de gagner le tablier bleu ! Les r\u00e9seaux sociaux n\u2019ont pas de secret pour elle, les derniers scoops, les derni\u00e8res \u00e9missions, elle les conna\u00eet tous.\n            <\/p>\n<p>\n    Apr\u00e8s avoir temporairement remplac\u00e9 Matthieu No\u00ebl au sein de la matinale de France Inter la saison derni\u00e8re, Bertrand Chameroy va lui succ\u00e9der officiellement \u00e0 la rentr\u00e9e. Selon les derni\u00e8res informations d\u00e9voil\u00e9es par \u00ab\u00a0Le Parisien\u00a0\u00bb, le chroniqueur de \u00ab\u00a0C \u00e0 vous\u00a0\u00bb ne sera pas le seul nouveau visage de l&rsquo;humour au sein de la station de radio publique.\n<\/p>\n<p>                            <img loading=\"lazy\" decoding=\"async\" class=\"player-thumbnail\" src=\"https:\/\/www.europesays.com\/fr\/wp-content\/uploads\/2025\/08\/38e3296846fb83f3-580x326-1.jpg\" width=\"580\" height=\"326\"\/><\/p>\n<p>                    France Inter : il n&rsquo;y a pas que Bertrand Chameroy, de nouveaux visages de l&rsquo;humour rejoignent la radio<\/p>\n<p>La suite apr\u00e8s la publicit\u00e9<\/p>\n<p>Alors que la rentr\u00e9e aura lieu le lundi 25 ao\u00fbt 2025 pour la grande majorit\u00e9 des radios nationales, de nombreux changements vont intervenir au sein de France Inter. En effet, la matinale de la station publique a<strong> perdu l&rsquo;une de ses incarnations embl\u00e9matique<\/strong> il y a quelques semaines. Pr\u00e9sente aux c\u00f4t\u00e9s de <a href=\"https:\/\/www.purepeople.com\/people\/nicolas-demorand_p2204\" rel=\"nofollow noopener\" target=\"_blank\">Nicolas Demorand<\/a> depuis 2017, <a href=\"https:\/\/www.purepeople.com\/people\/lea-salame_p149105\" rel=\"nofollow noopener\" target=\"_blank\">L\u00e9a Salam\u00e9<\/a> a \u00e9t\u00e9 <a href=\"https:\/\/www.purepeople.com\/article\/benjamin-duhamel-pret-a-quitter-bfmtv-apres-un-depart-de-taille-chez-france-inter-la-station-discute-activement-avec-lui_a538205\/1\" rel=\"nofollow noopener\" target=\"_blank\">contrainte de renoncer<\/a> \u00e0 la matinale de France Inter suite \u00e0 sa nomination \u00e0 la pr\u00e9sentation du JT de 20h de France 2 \u00e0 la place d&rsquo;<a href=\"https:\/\/www.purepeople.com\/people\/anne-sophie-lapix_p160\" rel=\"nofollow noopener\" target=\"_blank\">Anne-Sophie Lapix<\/a>, partie du c\u00f4t\u00e9 de RTL et de M6. Celle qui continuera de pr\u00e9senter l&rsquo;\u00e9mission Quelle \u00e9poque ! chaque semaine sur France 2 devrait <strong>pr\u00e9senter son premier journal t\u00e9l\u00e9vis\u00e9 sur la cha\u00eene publique le lundi 1er septembre 2025<\/strong>. Afin de compenser ce d\u00e9part, France Inter a d\u00e9bauch\u00e9 <a href=\"https:\/\/www.purepeople.com\/people\/benjamin-duhamel_p555018\" rel=\"nofollow noopener\" target=\"_blank\">Benjamin Duhamel <\/a>du c\u00f4t\u00e9 de BFMTV. Le journaliste incarnera notamment l&rsquo;interview politique de 7h50.<\/p>\n<p>Parmi les autres nouvelles t\u00eates qui officieront au sein de la matinale de la station publique cette saison, <strong>on peut notamment citer <\/strong><a href=\"https:\/\/www.purepeople.com\/people\/bertrand-chameroy_p539017\" rel=\"nofollow noopener\" target=\"_blank\"><strong>Bertrand Chameroy<\/strong><\/a><strong>.<\/strong> Chroniqueur incontournable de l&rsquo;\u00e9mission C \u00e0 vous sur France 5, il avait remplac\u00e9 ponctuellement <a href=\"https:\/\/www.purepeople.com\/article\/bertrand-chameroy-devait-remplacer-matthieu-noel-sur-france-inter-et-pourtant_a536677\/1\" rel=\"nofollow noopener\" target=\"_blank\">Matthieu No\u00ebl<\/a> la saison derni\u00e8re lors de son cong\u00e9 paternit\u00e9. Ce dernier ayant fait le choix de quitter la matinale, afin de se concentrer sur son \u00e9mission quotidienne de l&rsquo;apr\u00e8s-midi (Zoom Zoom Zen, ndlr), <strong>la direction de France Inter a donc d\u00e9cid\u00e9 de rappeler Bertrand Chameroy<\/strong> pour lui succ\u00e9der de mani\u00e8re permanente. Mais selon les derni\u00e8res informations du Parisien, l&rsquo;ancien visage de l&rsquo;\u00e9mission Touche pas \u00e0 mon poste sera loin d&rsquo;\u00eatre le seul nouveau visage de l&rsquo;humour sur France Inter cette saison. En effet, la station publique a recrut\u00e9 quatre nouveaux humoristes, dont <a href=\"https:\/\/www.purepeople.com\/article\/-ce-qu-il-y-a-de-terrible-c-est-que-marie-s-infiltre-en-larmes-elle-craque-en-evoquant-la-perte-d-un-proche_a508510\/1\" rel=\"nofollow noopener\" target=\"_blank\">Marie s\u2019infiltre<\/a>, qui sera pr\u00e9sente chaque lundi \u00e0 8h55.\u00a0<\/p>\n<p>France Inter : trois nouveaux humoristes rejoignent l&rsquo;\u00e9mission de Matthieu No\u00ebl<\/p>\n<p>\u00ab\u00a0Ce qui nous pla\u00eet dans son profil, c\u2019est que c\u2019est une artiste populaire qui touche un public large puisqu\u2019elle remplit des Z\u00e9nith. <strong>Elle peut aussi bien faire des sketchs que des chansons<\/strong>, et c\u2019est surtout le culot qui la caract\u00e9rise, elle ose tout et \u00e7a promet de la surprise chaque semaine dans le format comme dans les sujets abord\u00e9s\u00a0\u00bb, a notamment indiqu\u00e9 France Inter au sujet de ce recrutement. Par ailleurs, Fran\u00e7ois Rollin (72 ans) va rejoindre Matthieu No\u00ebl au sein de l&rsquo;\u00e9mission Zoom Zoom Zen, tout comme <strong>Mahaut Drama, d\u00e9j\u00e0 pr\u00e9sente dans <\/strong><strong>Quotidien<\/strong><strong> sur TMC<\/strong>. Ces deux nouvelles recrues officieront chaque vendredi sur l&rsquo;antenne de France Inter. Enfin, Lisa Perrio interviendra d\u00e9sormais chaque jeudi dans Zoom Zoom Zen.<\/p>\n","protected":false},"excerpt":{"rendered":"Par Louise Martin | R\u00e9dactrice Koh Lanta, Les Marseillais mais aussi Mari\u00e9s au Premier regards\u2026 Louise Martin est&hellip;\n","protected":false},"author":2,"featured_media":338469,"comment_status":"","ping_status":"","sticky":false,"template":"","format":"standard","meta":{"footnotes":""},"categories":[1359],"tags":[58,59,1011,27,973],"class_list":{"0":"post-338468","1":"post","2":"type-post","3":"status-publish","4":"format-standard","5":"has-post-thumbnail","7":"category-people","8":"tag-divertissement","9":"tag-entertainment","10":"tag-fr","11":"tag-france","12":"tag-people"},"share_on_mastodon":{"url":"https:\/\/pubeurope.com\/@fr\/115078036825645028","error":""},"_links":{"self":[{"href":"https:\/\/www.europesays.com\/fr\/wp-json\/wp\/v2\/posts\/338468","targetHints":{"allow":["GET"]}}],"collection":[{"href":"https:\/\/www.europesays.com\/fr\/wp-json\/wp\/v2\/posts"}],"about":[{"href":"https:\/\/www.europesays.com\/fr\/wp-json\/wp\/v2\/types\/post"}],"author":[{"embeddable":true,"href":"https:\/\/www.europesays.com\/fr\/wp-json\/wp\/v2\/users\/2"}],"replies":[{"embeddable":true,"href":"https:\/\/www.europesays.com\/fr\/wp-json\/wp\/v2\/comments?post=338468"}],"version-history":[{"count":0,"href":"https:\/\/www.europesays.com\/fr\/wp-json\/wp\/v2\/posts\/338468\/revisions"}],"wp:featuredmedia":[{"embeddable":true,"href":"https:\/\/www.europesays.com\/fr\/wp-json\/wp\/v2\/media\/338469"}],"wp:attachment":[{"href":"https:\/\/www.europesays.com\/fr\/wp-json\/wp\/v2\/media?parent=338468"}],"wp:term":[{"taxonomy":"category","embeddable":true,"href":"https:\/\/www.europesays.com\/fr\/wp-json\/wp\/v2\/categories?post=338468"},{"taxonomy":"post_tag","embeddable":true,"href":"https:\/\/www.europesays.com\/fr\/wp-json\/wp\/v2\/tags?post=338468"}],"curies":[{"name":"wp","href":"https:\/\/api.w.org\/{rel}","templated":true}]}}