{"id":338470,"date":"2025-08-23T12:17:10","date_gmt":"2025-08-23T12:17:10","guid":{"rendered":"https:\/\/www.europesays.com\/fr\/338470\/"},"modified":"2025-08-23T12:17:10","modified_gmt":"2025-08-23T12:17:10","slug":"marseille-ce-tag-pres-du-phare-de-banksy-deja-efface-par-la-mairie","status":"publish","type":"post","link":"https:\/\/www.europesays.com\/fr\/338470\/","title":{"rendered":"Marseille. Ce tag pr\u00e8s du phare de Banksy d\u00e9j\u00e0 effac\u00e9 par la mairie"},"content":{"rendered":"<p>            Par<br \/>\n        <strong><br \/>\n            <a href=\"https:\/\/actu.fr\/auteur\/thomas-blanc\" title=\"Consulter tous les articles de Thomas Blanc\" rel=\"nofollow noopener\" target=\"_blank\">Thomas Blanc<\/a><br \/>\n        <\/strong><\/p>\n<p>        Publi\u00e9 le<\/p>\n<p>            23 ao\u00fbt 2025 \u00e0 7h24        <\/p>\n<p>La rue appartient \u00e0 tout le monde, \u00e0 <a href=\"https:\/\/actu.fr\/marseille\/\" rel=\"nofollow noopener\" target=\"_blank\">Marseille<\/a>, on\u00a0l\u2019a bien compris. <strong>L\u2019expression sur ses murs<\/strong> y est d\u2019ailleurs bien plus marqu\u00e9e que dans les autres villes.<\/p>\n<p class=\" wall-content\">Le phare de Banksy, \u00e0 proximit\u00e9 des Catalans, a par cons\u00e9quent une nouvelle fois attir\u00e9 l\u2019attention d\u2019un autre grapheur qui n\u2019a pas manqu\u00e9 de <strong>signer son \u0153uvre avec humour<\/strong> du pseudonyme \u00ab\u2009Banski\u2009\u00bb.<\/p>\n<p>Pas la premi\u00e8re d\u00e9gradation<\/p>\n<p class=\" wall-content\"><a href=\"https:\/\/actu.fr\/provence-alpes-cote-d-azur\/marseille_13055\/une-oeuvre-de-banksy-installee-a-marseille-ce-que-l-on-sait_62708906.html\" rel=\"nofollow noopener\" target=\"_blank\">L\u2019\u0153uvre de Banksy est arriv\u00e9e \u00e0 la toute fin du mois de mai<\/a> sur les murs du tunnel de la rue Felix Fr\u00e9gier, <strong>dans le quartier des Catalans<\/strong>, dans le 7e arrondissement de Marseille. Elle repr\u00e9sente un phare au pochoir et est accompagn\u00e9e de ce message\u2009: \u00ab\u2009I want to be what you saw in me\u2009\u00bb (\u00ab Je veux \u00eatre ce que tu as vu en moi\u2009\u00bb en fran\u00e7ais).<\/p>\n<p class=\" wall-content\">\n<p class=\" wall-content\">Et cette \u0153uvre <strong>n\u2019a jamais eu la vie facile<\/strong>. \u00c0 peine install\u00e9e, avant m\u00eame d\u2019avoir pu \u00eatre prot\u00e9g\u00e9e par un vernis anti-tag, <a href=\"https:\/\/actu.fr\/provence-alpes-cote-d-azur\/marseille_13055\/une-belle-paire-de-couilles-l-oeuvre-de-bansky-a-marseille-deja-degradee_62713574.html\" rel=\"nofollow noopener\" target=\"_blank\">qu\u2019elle \u00e9tait d\u00e9grad\u00e9e<\/a>. En quelques heures, la d\u00e9gradation avait \u00e9t\u00e9 nettoy\u00e9e.<\/p>\n<p>Effac\u00e9e aussi rapidement qu\u2019elle n\u2019est apparue<\/p>\n<p class=\" wall-content\">C\u2019est maintenant un tout nouveau dessin au <strong>ton provocateur<\/strong> qu\u2019il est possible de voir \u00e0 c\u00f4t\u00e9 du pochoir de Banksy, prot\u00e9g\u00e9 derri\u00e8re un plexiglass. Ou du moins, qu\u2019il \u00e9tait possible de voir. En effet la mairie de la cit\u00e9 phoc\u00e9enne a indiqu\u00e9 \u00e0 actu Marseille avoir \u00ab\u2009\u00e0 la demande des propri\u00e9taires, fait intervenir ses \u00e9quipes pour effacer le tag.\u2009\u00bb Il appartient donc \u00e0 l\u2019Histoire d\u00e9sormais.<\/p>\n<p class=\" wall-content\">\u00ab\u2009Moi aussi, ils vont me prot\u00e9ger derri\u00e8re une vitre\u2009?\u2009\u00bb s\u2019interroge le personnage. Mais au r\u00e9veil ce samedi matin, il n\u2019\u00e9tait plus possible de l\u2019apercevoir.\u00a0<\/p>\n<p class=\" wall-content\">Les traits du bonhomme repr\u00e9sent\u00e9 ressemblaient \u00e0 ceux de <a href=\"https:\/\/www.instagram.com\/tapas.nocturne\/\" rel=\"nofollow noopener\" target=\"_blank\">Tapas Nocturne<\/a>, artiste de <a href=\"https:\/\/actu.fr\/tag\/street-art\" rel=\"nofollow noopener\" target=\"_blank\">street art<\/a> marseillais. En effet, il avait revendiqu\u00e9 \u00eatre l\u2019auteur du dessin sur ses r\u00e9seaux sociaux, c\u2019est donc lui qui se cache derri\u00e8re l\u2019\u00e9tonnante signature \u00ab\u2009Banski\u2009\u00bb.<\/p>\n<p>Votre r\u00e9gion, votre actu !<\/p>\n<p>Recevez chaque jour les infos qui comptent pour vous.<\/p>\n<p>\t<a href=\"https:\/\/actu.fr\/newsletter\" class=\"ac-btn ac-btn--corner ac-btn--medium ac-btn--blue800\" rel=\"nofollow noopener\" target=\"_blank\">S&rsquo;incrire<\/a><\/p>\n<p class=\" wall-content\"><a href=\"https:\/\/www.instagram.com\/reel\/DNddm1zNV4c\/embed\" title=\"Ouvrir le lien sur Instagram\" rel=\"nofollow noopener\" target=\"_blank\">Visualiser le contenu sur Instagram<\/a><\/p>\n<p class=\" wall-content\">\u00ab Vous pensez que les bobos vont aussi le prot\u00e9ger derri\u00e8re une vitre\u2009?\u2009\u00bb a-t-il ironis\u00e9 dans son post Instagram, <strong>interrogeant sur la protection d\u2019une \u0153uvre de street art<\/strong> qui doit par d\u00e9finition appartenir \u00e0 tous.<\/p>\n<p class=\" wall-content\">Personnalisez votre actualit\u00e9 en ajoutant vos villes et m\u00e9dias en favori avec <a href=\"https:\/\/moncompte.actu.fr\" title=\"D\u00e9couvez Mon Actu\" rel=\"nofollow noopener\" data-trk=\"{&quot;cta&quot;:{&quot;action&quot;:&quot;https:\\\/\\\/moncompte.actu.fr&quot;,&quot;category&quot;:&quot;mon compte&quot;,&quot;from&quot;:&quot;article footer&quot;,&quot;name&quot;:&quot;Mon actu&quot;,&quot;type&quot;:&quot;cta&quot;}}\" target=\"_blank\">Mon Actu<\/a>.<\/p>\n<p>                    <script async src=\"\/\/www.instagram.com\/embed.js\"><\/script><\/p>\n","protected":false},"excerpt":{"rendered":"Par Thomas Blanc Publi\u00e9 le 23 ao\u00fbt 2025 \u00e0 7h24 La rue appartient \u00e0 tout le monde, \u00e0&hellip;\n","protected":false},"author":2,"featured_media":338471,"comment_status":"","ping_status":"","sticky":false,"template":"","format":"standard","meta":{"footnotes":""},"categories":[1358],"tags":[1348,1384,1385,1386,58,59,1011,27,1757,7189],"class_list":{"0":"post-338470","1":"post","2":"type-post","3":"status-publish","4":"format-standard","5":"has-post-thumbnail","7":"category-arts-et-design","8":"tag-arts","9":"tag-arts-and-design","10":"tag-arts-et-design","11":"tag-design","12":"tag-divertissement","13":"tag-entertainment","14":"tag-fr","15":"tag-france","16":"tag-insolite","17":"tag-street-art"},"share_on_mastodon":{"url":"https:\/\/pubeurope.com\/@fr\/115078040343150009","error":""},"_links":{"self":[{"href":"https:\/\/www.europesays.com\/fr\/wp-json\/wp\/v2\/posts\/338470","targetHints":{"allow":["GET"]}}],"collection":[{"href":"https:\/\/www.europesays.com\/fr\/wp-json\/wp\/v2\/posts"}],"about":[{"href":"https:\/\/www.europesays.com\/fr\/wp-json\/wp\/v2\/types\/post"}],"author":[{"embeddable":true,"href":"https:\/\/www.europesays.com\/fr\/wp-json\/wp\/v2\/users\/2"}],"replies":[{"embeddable":true,"href":"https:\/\/www.europesays.com\/fr\/wp-json\/wp\/v2\/comments?post=338470"}],"version-history":[{"count":0,"href":"https:\/\/www.europesays.com\/fr\/wp-json\/wp\/v2\/posts\/338470\/revisions"}],"wp:featuredmedia":[{"embeddable":true,"href":"https:\/\/www.europesays.com\/fr\/wp-json\/wp\/v2\/media\/338471"}],"wp:attachment":[{"href":"https:\/\/www.europesays.com\/fr\/wp-json\/wp\/v2\/media?parent=338470"}],"wp:term":[{"taxonomy":"category","embeddable":true,"href":"https:\/\/www.europesays.com\/fr\/wp-json\/wp\/v2\/categories?post=338470"},{"taxonomy":"post_tag","embeddable":true,"href":"https:\/\/www.europesays.com\/fr\/wp-json\/wp\/v2\/tags?post=338470"}],"curies":[{"name":"wp","href":"https:\/\/api.w.org\/{rel}","templated":true}]}}