{"id":338476,"date":"2025-08-23T12:20:10","date_gmt":"2025-08-23T12:20:10","guid":{"rendered":"https:\/\/www.europesays.com\/fr\/338476\/"},"modified":"2025-08-23T12:20:10","modified_gmt":"2025-08-23T12:20:10","slug":"ce-groupe-emblematique-des-annees-90-annonce-la-fin-de-sa-carriere","status":"publish","type":"post","link":"https:\/\/www.europesays.com\/fr\/338476\/","title":{"rendered":"Ce groupe embl\u00e9matique des ann\u00e9es 90 annonce la fin de sa carri\u00e8re"},"content":{"rendered":"<p><img decoding=\"async\" src=\"https:\/\/www.europesays.com\/fr\/wp-content\/uploads\/2025\/08\/photo_1755779970.jpg\" class=\"textcenter img-content\" loading=\"lazy\"\/>Ross Halfin<br \/>\n<br \/>\nC&rsquo;est l&rsquo;une des plus c\u00e9l\u00e8bres formations du trash metal. Depuis sa formation en 1983, et une popularit\u00e9 qui a explos\u00e9 au d\u00e9but des ann\u00e9es 90, Megadeth a \u00e9coul\u00e9 plus de 50 millions d&rsquo;albums, multipli\u00e9 les centaines de concerts \u00e0 travers le monde et sign\u00e9 quelques titres phares comme \u00ab\u00a0Symphony of Destruction\u00a0\u00bb, \u00ab\u00a0Holy Wars&#8230; The Punishment Due\u00a0\u00bb ou \u00ab\u00a0Tornado of Souls\u00a0\u00bb. Mais toute bonne chose a une fin : <a href=\"https:\/\/www.chartsinfrance.net\/actualite\/news-122441.html\" target=\"_blank\" class=\"spip_out\" rel=\"nofollow noopener\">le prochain album de Megadath<\/a> sera le dernier. Celui-ci s&rsquo;intitulera \u00ab\u00a0The End Is Near\u00a0\u00bb et sortira en 2026. La pr\u00e9commande ouvrira fin septembre, au m\u00eame moment que la publication du premier single. \u00ab Il y a tellement de musiciens qui sont arriv\u00e9s \u00e0 la fin de leur carri\u00e8re, que ce soit par accident ou intentionnellement. La plupart d&rsquo;entre eux n&rsquo;ont pas la chance de partir au sommet comme ils le souhaitent \u00bb explique Dave Mustaine, le leader de la bande, sur <a href=\"https:\/\/www.megadeth.com\/blogs\/news\/final-album-global-farewell-tour\" target=\"_blank\" class=\"spip_out\" rel=\"nofollow noopener\">le site officiel<\/a>. <\/p>\n<p>Le player Dailymotion est en train de se charger&#8230;<\/p>\n<p>\u00ab\u00a0Nous avons lanc\u00e9 un style musical\u00a0\u00bb<br \/>\nPour le chanteur et guitariste californien de 63 ans, cet ultime album arrive au \u00ab moment parfait \u00bb et juste avant une tourn\u00e9e d&rsquo;adieu : \u00ab Nous nous sommes fait beaucoup d&rsquo;amis au fil des ans et j&rsquo;esp\u00e8re vous voir tous pour notre derni\u00e8re tourn\u00e9e. Ne soyez pas \u00e9nerv\u00e9s, ne soyez pas triste, soyez heureux pour nous venez c\u00e9l\u00e9brez cela avec nous. Nous avons fait quelque chose de formidable qui ne se reproduira probablement plus \u00bb. Dave Mustaine se dit ainsi fier d&rsquo;avoir lanc\u00e9 \u00ab un style musical \u00bb en m\u00eame temps qu&rsquo;\u00ab une r\u00e9volution \u00bb, tout en changeant \u00e0 jamais \u00ab le monde des guitares \u00bb. Pour rappel, il a \u00e9t\u00e9 le guitariste de Metallica de 1981 \u00e0 1983, avant de former Megadeth : \u00ab Tous les groupes dans lesquels j&rsquo;ai jou\u00e9 ont influenc\u00e9 le monde \u00bb.<\/p>\n<blockquote class=\"instagram-media\" data-instgrm-permalink=\"https:\/\/www.instagram.com\/p\/DNZAw_8Sppo\/?utm_source=ig_embed&amp;utm_campaign=loading\" data-instgrm-version=\"14\" style=\" background:#FFF; border:0; border-radius:3px; box-shadow:0 0 1px 0 rgba(0,0,0,0.5),0 1px 10px 0 rgba(0,0,0,0.15); margin: 1px; max-width:540px; min-width:326px; padding:0; width:99.375%; width:-webkit-calc(100% - 2px); width:calc(100% - 2px);\"\/>\n<p>Cette annonce s&rsquo;accompagne d&rsquo;une vid\u00e9o apocalyptique aux allures de fin du monde dans laquelle Vic Rattlehead, mascotte du groupe sous la forme d&rsquo;une t\u00eate de mort, prend la parole : \u00ab Pendant quatre d\u00e9cennies, j&rsquo;ai \u00e9t\u00e9 mur\u00e9 dans le silence. Mais la fin requiert ma voix. Il est confirm\u00e9 que le prochain album de Megadeth sera le dernier. 40 ann\u00e9es de metal, forg\u00e9es dans l&rsquo;acier et qui se terminent dans le feu. Et quand la nouvelle ann\u00e9e arrivera, la tourn\u00e9e mondiale d&rsquo;adieu aura lieu. Vous avez \u00e9t\u00e9 pr\u00e9venus, donc pr\u00e9parez-vous \u00bb. Sur la pochette de l&rsquo;album, Vic Rattlehead appara\u00eet \u00e0 moiti\u00e9 br\u00fbl\u00e9, comme un symbole de la fin d&rsquo;une \u00e9poque. Et \u00e0 en croire le guitariste Teemu M\u00e4ntysaari, \u00ab les chansons sonnent vraiment bien \u00bb.<\/p>\n<p><script async src=\"\/\/www.instagram.com\/embed.js\"><\/script><\/p>\n","protected":false},"excerpt":{"rendered":"Ross Halfin C&rsquo;est l&rsquo;une des plus c\u00e9l\u00e8bres formations du trash metal. Depuis sa formation en 1983, et une&hellip;\n","protected":false},"author":2,"featured_media":338477,"comment_status":"","ping_status":"","sticky":false,"template":"","format":"standard","meta":{"footnotes":""},"categories":[1355],"tags":[58,59,1011,27,1361,873],"class_list":{"0":"post-338476","1":"post","2":"type-post","3":"status-publish","4":"format-standard","5":"has-post-thumbnail","7":"category-musique","8":"tag-divertissement","9":"tag-entertainment","10":"tag-fr","11":"tag-france","12":"tag-music","13":"tag-musique"},"share_on_mastodon":{"url":"https:\/\/pubeurope.com\/@fr\/115078052384089340","error":""},"_links":{"self":[{"href":"https:\/\/www.europesays.com\/fr\/wp-json\/wp\/v2\/posts\/338476","targetHints":{"allow":["GET"]}}],"collection":[{"href":"https:\/\/www.europesays.com\/fr\/wp-json\/wp\/v2\/posts"}],"about":[{"href":"https:\/\/www.europesays.com\/fr\/wp-json\/wp\/v2\/types\/post"}],"author":[{"embeddable":true,"href":"https:\/\/www.europesays.com\/fr\/wp-json\/wp\/v2\/users\/2"}],"replies":[{"embeddable":true,"href":"https:\/\/www.europesays.com\/fr\/wp-json\/wp\/v2\/comments?post=338476"}],"version-history":[{"count":0,"href":"https:\/\/www.europesays.com\/fr\/wp-json\/wp\/v2\/posts\/338476\/revisions"}],"wp:featuredmedia":[{"embeddable":true,"href":"https:\/\/www.europesays.com\/fr\/wp-json\/wp\/v2\/media\/338477"}],"wp:attachment":[{"href":"https:\/\/www.europesays.com\/fr\/wp-json\/wp\/v2\/media?parent=338476"}],"wp:term":[{"taxonomy":"category","embeddable":true,"href":"https:\/\/www.europesays.com\/fr\/wp-json\/wp\/v2\/categories?post=338476"},{"taxonomy":"post_tag","embeddable":true,"href":"https:\/\/www.europesays.com\/fr\/wp-json\/wp\/v2\/tags?post=338476"}],"curies":[{"name":"wp","href":"https:\/\/api.w.org\/{rel}","templated":true}]}}