{"id":33850,"date":"2025-04-18T10:37:21","date_gmt":"2025-04-18T10:37:21","guid":{"rendered":"https:\/\/www.europesays.com\/fr\/33850\/"},"modified":"2025-04-18T10:37:21","modified_gmt":"2025-04-18T10:37:21","slug":"podcast-stade-rennais-faut-il-craindre-le-fc-nantes-pleine-lucarne-presente-les-enjeux-du","status":"publish","type":"post","link":"https:\/\/www.europesays.com\/fr\/33850\/","title":{"rendered":"PODCAST. Stade Rennais\u00a0: faut-il craindre le FC Nantes\u00a0? Pleine lucarne pr\u00e9sente les enjeux du"},"content":{"rendered":"<p>La fin de saison approche, <a href=\"https:\/\/rennes.maville.com\/sport\/detail_-stade-rennais.-cinq-matches-a-jouer-et-des-enjeux-paralleles-collectifs-comme-individuels-_7-6765794_actu.Htm\" target=\"_self\" rel=\"nofollow noopener\">puisqu\u2019il ne reste plus que cinq journ\u00e9es \u00e0 disputer pour les Rouge et Noir.<\/a> Et la prochaine est l\u2019une des plus importantes de la saison\u00a0: la r\u00e9ception du FC Nantes, ce vendredi 18\u00a0avril au Roazhon Park (20\u00a0h\u00a045).<\/p>\n<p><strong>LIRE AUSSI.<\/strong>\u00a0<a href=\"https:\/\/rennes.maville.com\/sport\/detail_-entretien.-stade-rennais.-anthony-rouault-apres-le-foot-je-redeviendrai-une-personne-normale-_7-6768910_actu.Htm\" target=\"_self\" rel=\"nofollow noopener\">ENTRETIEN. Anthony Rouault\u00a0: \u00ab\u00a0Apr\u00e8s le foot, je redeviendrai une personne normale\u00a0\u00bb<\/a><\/p>\n<p>Les Rennais, qui n\u2019ont plus perdu depuis 2013 face aux Canaris \u00e0 domicile, esp\u00e8rent poursuivre cette incroyable s\u00e9rie et prendre leur revanche apr\u00e8s la d\u00e9faite du match aller \u00e0 la Beaujoire (1-0). Que faut-il attendre de cette partie\u00a0? Quelles sont les qualit\u00e9s des Nantais pour venir bousculer les Rouge et Noir\u00a0? Pleine lucarne, l\u2019\u00e9mission 100\u00a0% Stade Rennais propos\u00e9e par Ouest-France et TV Rennes vous pr\u00e9sente les enjeux du match.<\/p>\n<p>Ce jeudi, autour de la table\u00a0: Nicolas Mangeard (Ouest-France), Fr\u00e9d\u00e9ric Happe (AFP) et Vincent Simonneaux (TVR).<\/p>\n<\/p>\n<p>Bonne \u00e9coute.<\/p>\n<p>\u00a0<\/p>\n","protected":false},"excerpt":{"rendered":"La fin de saison approche, puisqu\u2019il ne reste plus que cinq journ\u00e9es \u00e0 disputer pour les Rouge et&hellip;\n","protected":false},"author":2,"featured_media":33851,"comment_status":"","ping_status":"","sticky":false,"template":"","format":"standard","meta":{"footnotes":""},"categories":[2818],"tags":[1111,11,3809,1465,1777,674,63,1011,27,1792,1922,766,12,2636,25,479,517,1470],"class_list":{"0":"post-33850","1":"post","2":"type-post","3":"status-publish","4":"format-standard","5":"has-post-thumbnail","7":"category-nantes","8":"tag-actu","9":"tag-actualites","10":"tag-ball","11":"tag-basket","12":"tag-eu","13":"tag-europe","14":"tag-football","15":"tag-fr","16":"tag-france","17":"tag-handball","18":"tag-info","19":"tag-nantes","20":"tag-news","21":"tag-pays-de-la-loire","22":"tag-republique-francaise","23":"tag-rugby","24":"tag-sport","25":"tag-volley"},"share_on_mastodon":{"url":"https:\/\/pubeurope.com\/@fr\/114358533767419374","error":""},"_links":{"self":[{"href":"https:\/\/www.europesays.com\/fr\/wp-json\/wp\/v2\/posts\/33850","targetHints":{"allow":["GET"]}}],"collection":[{"href":"https:\/\/www.europesays.com\/fr\/wp-json\/wp\/v2\/posts"}],"about":[{"href":"https:\/\/www.europesays.com\/fr\/wp-json\/wp\/v2\/types\/post"}],"author":[{"embeddable":true,"href":"https:\/\/www.europesays.com\/fr\/wp-json\/wp\/v2\/users\/2"}],"replies":[{"embeddable":true,"href":"https:\/\/www.europesays.com\/fr\/wp-json\/wp\/v2\/comments?post=33850"}],"version-history":[{"count":0,"href":"https:\/\/www.europesays.com\/fr\/wp-json\/wp\/v2\/posts\/33850\/revisions"}],"wp:featuredmedia":[{"embeddable":true,"href":"https:\/\/www.europesays.com\/fr\/wp-json\/wp\/v2\/media\/33851"}],"wp:attachment":[{"href":"https:\/\/www.europesays.com\/fr\/wp-json\/wp\/v2\/media?parent=33850"}],"wp:term":[{"taxonomy":"category","embeddable":true,"href":"https:\/\/www.europesays.com\/fr\/wp-json\/wp\/v2\/categories?post=33850"},{"taxonomy":"post_tag","embeddable":true,"href":"https:\/\/www.europesays.com\/fr\/wp-json\/wp\/v2\/tags?post=33850"}],"curies":[{"name":"wp","href":"https:\/\/api.w.org\/{rel}","templated":true}]}}