{"id":338502,"date":"2025-08-23T12:38:23","date_gmt":"2025-08-23T12:38:23","guid":{"rendered":"https:\/\/www.europesays.com\/fr\/338502\/"},"modified":"2025-08-23T12:38:23","modified_gmt":"2025-08-23T12:38:23","slug":"art-toros-chevaux-revient-pour-sa-troisieme-edition","status":"publish","type":"post","link":"https:\/\/www.europesays.com\/fr\/338502\/","title":{"rendered":"Art Toros &#038; Chevaux revient pour sa troisi\u00e8me \u00e9dition"},"content":{"rendered":"<p>Samedi 30 ao\u00fbt \u00e0 21 h 30, la 3e \u00e9dition du spectacle Art Toros &amp; Chevaux s\u2019annonce plus intense que jamais aux ar\u00e8nes de P\u00e9rols. Chaque ann\u00e9e, l\u2019\u00e9v\u00e9nement attire un public toujours plus nombreux. L\u2019\u00e9dition 2024 avait affich\u00e9 complet, et 2025 s\u2019annonce encore plus spectaculaire.<\/p>\n<p>Six recortadores seront en piste pour d\u00e9fier les l\u00e9gendaires toros de la ganader\u00eda Tardieu : trois Fran\u00e7ais contre trois Espagnols. Apr\u00e8s un premier tour, les meilleurs s\u2019affronteront en finale en mano a mano. En exclusivit\u00e9 cette ann\u00e9e : la pr\u00e9sence des Forcados portugais, qui tenteront d\u2019immobiliser \u00e0 mains nues des toros de 500 kg.<\/p>\n<p>L\u2019\u00e9dition 2025 mettra \u00e0 l\u2019honneur Max Vendrell, enfant du village, dont l\u2019alternative fut c\u00e9l\u00e9br\u00e9e \u00e0 P\u00e9rols en 1991. Aux c\u00f4t\u00e9s de son \u00e9pouse Corinne et de ses amis Manon et Julien Perrin, il d\u00e9voilera un tableau in\u00e9dit inspir\u00e9 du tango \u00e9questre, alliant technique, \u00e9motion et \u00e9l\u00e9gance. Ces quatre talents, connus pour leur expertise avec les chevaux ib\u00e9riques, ont pr\u00e9sent\u00e9 ensemble Tempo Ib\u00e9rique aux Crini\u00e8res d\u2019Or 2024.<\/p>\n<p>Pour cl\u00f4turer cette soir\u00e9e exceptionnelle, Beno\u00eet Soumille, figure embl\u00e9matique du spectacle \u00e9questre fran\u00e7ais, pr\u00e9sentera Caval\u2019Show, un spectacle \u00e9poustouflant alliant voltige \u00e9questre et poste hongroise. Ce num\u00e9ro spectaculaire, m\u00ealant ma\u00eetrise technique, audace et \u00e9l\u00e9gance, a d\u00e9j\u00e0 conquis le public lors du prestigieux gala des Crini\u00e8res d\u2019Or 2024.<\/p>\n<p>Tarif : 15,50 \u20ac. Billetterie : <a href=\"http:\/\/www.vostickets.net\/billet\/FR\/representation-PEROLS-26509-0.wb?REFID=N4kFAAAAAAAgAA\" target=\"_blank\" rel=\"nofollow noopener\">www.vostickets.net\/billet\/FR\/representation-PEROLS-26509-0.wb<\/a><\/p>\n<p>Correspondante Midi Libre \u2013 06 87 26 78 53<\/p>\n","protected":false},"excerpt":{"rendered":"Samedi 30 ao\u00fbt \u00e0 21 h 30, la 3e \u00e9dition du spectacle Art Toros &amp; Chevaux s\u2019annonce plus&hellip;\n","protected":false},"author":2,"featured_media":338503,"comment_status":"","ping_status":"","sticky":false,"template":"","format":"standard","meta":{"footnotes":""},"categories":[9599],"tags":[1111,11,1777,674,1011,27,2208,12,2680,25],"class_list":{"0":"post-338502","1":"post","2":"type-post","3":"status-publish","4":"format-standard","5":"has-post-thumbnail","7":"category-montpellier","8":"tag-actu","9":"tag-actualites","10":"tag-eu","11":"tag-europe","12":"tag-fr","13":"tag-france","14":"tag-montpellier","15":"tag-news","16":"tag-occitanie","17":"tag-republique-francaise"},"share_on_mastodon":{"url":"https:\/\/pubeurope.com\/@fr\/115078122889285857","error":""},"_links":{"self":[{"href":"https:\/\/www.europesays.com\/fr\/wp-json\/wp\/v2\/posts\/338502","targetHints":{"allow":["GET"]}}],"collection":[{"href":"https:\/\/www.europesays.com\/fr\/wp-json\/wp\/v2\/posts"}],"about":[{"href":"https:\/\/www.europesays.com\/fr\/wp-json\/wp\/v2\/types\/post"}],"author":[{"embeddable":true,"href":"https:\/\/www.europesays.com\/fr\/wp-json\/wp\/v2\/users\/2"}],"replies":[{"embeddable":true,"href":"https:\/\/www.europesays.com\/fr\/wp-json\/wp\/v2\/comments?post=338502"}],"version-history":[{"count":0,"href":"https:\/\/www.europesays.com\/fr\/wp-json\/wp\/v2\/posts\/338502\/revisions"}],"wp:featuredmedia":[{"embeddable":true,"href":"https:\/\/www.europesays.com\/fr\/wp-json\/wp\/v2\/media\/338503"}],"wp:attachment":[{"href":"https:\/\/www.europesays.com\/fr\/wp-json\/wp\/v2\/media?parent=338502"}],"wp:term":[{"taxonomy":"category","embeddable":true,"href":"https:\/\/www.europesays.com\/fr\/wp-json\/wp\/v2\/categories?post=338502"},{"taxonomy":"post_tag","embeddable":true,"href":"https:\/\/www.europesays.com\/fr\/wp-json\/wp\/v2\/tags?post=338502"}],"curies":[{"name":"wp","href":"https:\/\/api.w.org\/{rel}","templated":true}]}}