{"id":338504,"date":"2025-08-23T12:39:17","date_gmt":"2025-08-23T12:39:17","guid":{"rendered":"https:\/\/www.europesays.com\/fr\/338504\/"},"modified":"2025-08-23T12:39:17","modified_gmt":"2025-08-23T12:39:17","slug":"mercato-mhsc-apres-9-annees-passees-au-club-joris-chotard-quitte-montpellier-et-senvole-en-bretagne","status":"publish","type":"post","link":"https:\/\/www.europesays.com\/fr\/338504\/","title":{"rendered":"Mercato MHSC\u00a0: apr\u00e8s 9 ann\u00e9es pass\u00e9es au club, Joris Chotard quitte Montpellier et s\u2019envole en Bretagne"},"content":{"rendered":"<p>\n                                                                C\u2019est officiel. Joris Chotard (23 ans) au club depuis 2016, professionnel depuis 2019, quitte le MHSC pour Brest. Le milieu de terrain fran\u00e7ais devrait rapporter environ 3\u00a0millions d\u2019euros, bonus compris, \u00e0 Montpellier.\n                            <\/p>\n<p>Toutes les belles histoires ont une fin. Joris Chotard quitte le MHSC apr\u00e8s 9 ann\u00e9es\u00a0pass\u00e9es au club et rejoint Brest. L\u2019annonce a \u00e9t\u00e9 faite par les deux clubs. Le Fran\u00e7ais, d\u00e9j\u00e0 annonc\u00e9 sur le d\u00e9part la saison derni\u00e8re, quitte finalement Montpellier\u00a0un an apr\u00e8s, pour partir chez les Bretons.<\/p>\n<p>Chotard retrouve la Ligue 1<\/p>\n<p>Avec plus de 177 matches en Ligue 1, Joris Chotard n\u2019aura jou\u00e9 que quelques minutes en Ligue 2 face au Red Star, lors de la premi\u00e8re journ\u00e9e.<\/p>\n<p>Le milieu de terrain va pallier le d\u00e9part de Mahdi Camara (parti de Brest pour rejoindre Rennes). Le m\u00e9daill\u00e9\u00a0d\u2019argent au JO de Paris est le troisi\u00e8me joueur \u00e0 quitter le MHSC cette saison, apr\u00e8s les d\u00e9parts de Birama Tour\u00e9 (Manisa FK, Turquie) et Jordan Ferri (Sampdoria, Italie).<\/p>\n","protected":false},"excerpt":{"rendered":"C\u2019est officiel. Joris Chotard (23 ans) au club depuis 2016, professionnel depuis 2019, quitte le MHSC pour Brest.&hellip;\n","protected":false},"author":2,"featured_media":338505,"comment_status":"","ping_status":"","sticky":false,"template":"","format":"standard","meta":{"footnotes":""},"categories":[9599],"tags":[1111,11,1777,674,1011,27,2208,12,2680,25],"class_list":{"0":"post-338504","1":"post","2":"type-post","3":"status-publish","4":"format-standard","5":"has-post-thumbnail","7":"category-montpellier","8":"tag-actu","9":"tag-actualites","10":"tag-eu","11":"tag-europe","12":"tag-fr","13":"tag-france","14":"tag-montpellier","15":"tag-news","16":"tag-occitanie","17":"tag-republique-francaise"},"share_on_mastodon":{"url":"https:\/\/pubeurope.com\/@fr\/115078126821764606","error":""},"_links":{"self":[{"href":"https:\/\/www.europesays.com\/fr\/wp-json\/wp\/v2\/posts\/338504","targetHints":{"allow":["GET"]}}],"collection":[{"href":"https:\/\/www.europesays.com\/fr\/wp-json\/wp\/v2\/posts"}],"about":[{"href":"https:\/\/www.europesays.com\/fr\/wp-json\/wp\/v2\/types\/post"}],"author":[{"embeddable":true,"href":"https:\/\/www.europesays.com\/fr\/wp-json\/wp\/v2\/users\/2"}],"replies":[{"embeddable":true,"href":"https:\/\/www.europesays.com\/fr\/wp-json\/wp\/v2\/comments?post=338504"}],"version-history":[{"count":0,"href":"https:\/\/www.europesays.com\/fr\/wp-json\/wp\/v2\/posts\/338504\/revisions"}],"wp:featuredmedia":[{"embeddable":true,"href":"https:\/\/www.europesays.com\/fr\/wp-json\/wp\/v2\/media\/338505"}],"wp:attachment":[{"href":"https:\/\/www.europesays.com\/fr\/wp-json\/wp\/v2\/media?parent=338504"}],"wp:term":[{"taxonomy":"category","embeddable":true,"href":"https:\/\/www.europesays.com\/fr\/wp-json\/wp\/v2\/categories?post=338504"},{"taxonomy":"post_tag","embeddable":true,"href":"https:\/\/www.europesays.com\/fr\/wp-json\/wp\/v2\/tags?post=338504"}],"curies":[{"name":"wp","href":"https:\/\/api.w.org\/{rel}","templated":true}]}}