{"id":338508,"date":"2025-08-23T12:45:04","date_gmt":"2025-08-23T12:45:04","guid":{"rendered":"https:\/\/www.europesays.com\/fr\/338508\/"},"modified":"2025-08-23T12:45:04","modified_gmt":"2025-08-23T12:45:04","slug":"football-ligue-2-un-suspendu-de-retour-un-adversaire-qui-se-relance-ce-quil-faut-savoir-avant-clermont","status":"publish","type":"post","link":"https:\/\/www.europesays.com\/fr\/338508\/","title":{"rendered":"Football &#8211; Ligue 2. Un suspendu de retour, un adversaire qui se relance\u2026 Ce qu\u2019il faut savoir avant Clermont"},"content":{"rendered":"<p class=\"insetTitle\">Le groupe du GF38 \u00e0 Clermont<\/p>\n<p><a href=\"https:\/\/www.ledauphine.com\/p\/franck-rizzetto\" target=\"_blank\" rel=\"noopener\">Franck Rizzetto<\/a> a convoqu\u00e9 un groupe de 20 joueurs pour cette 3e journ\u00e9e. Maxime Pattier (3e gardien) et Alan Tchaptchet (d\u00e9fenseur, en instance de transfert) ne devraient pas \u00eatre de la partie \u00e0 Clermont-Ferrand.<br \/><strong>Gardiens<\/strong>\u00a0: M. Diop, Allain, Pattier.<br \/><strong>D\u00e9fenseurs<\/strong>\u00a0: Delos, Zahui, Mouyokolo, Mambo, Mion, Sarikaya, Xantippe, Paquiez, Tchaptchet. <strong>Milieux<\/strong>\u00a0: Benet, Valls, Lele Diba.<br \/><strong>Attaquants<\/strong>\u00a0: Y. Diaby, Sylvestre, Bangr\u00e9, Mouazan, Elphege.<\/p>\n","protected":false},"excerpt":{"rendered":"Le groupe du GF38 \u00e0 Clermont Franck Rizzetto a convoqu\u00e9 un groupe de 20 joueurs pour cette 3e&hellip;\n","protected":false},"author":2,"featured_media":338509,"comment_status":"","ping_status":"","sticky":false,"template":"","format":"standard","meta":{"footnotes":""},"categories":[9566],"tags":[1111,11,2430,112,1777,674,1701,1795,63,1011,27,12637,2731,2732,108,12636,12,25,517],"class_list":{"0":"post-338508","1":"post","2":"type-post","3":"status-publish","4":"format-standard","5":"has-post-thumbnail","7":"category-grenoble","8":"tag-actu","9":"tag-actualites","10":"tag-auvergne-rhone-alpes","11":"tag-edition-grenoble-agglomeration","12":"tag-eu","13":"tag-europe","14":"tag-fil-info-sport","15":"tag-fil-web","16":"tag-football","17":"tag-fr","18":"tag-france","19":"tag-gf38-grenoble-foot-38","20":"tag-grenoble","21":"tag-grenoble-bassin","22":"tag-isere","23":"tag-ligue-2-football","24":"tag-news","25":"tag-republique-francaise","26":"tag-sport"},"share_on_mastodon":{"url":"https:\/\/pubeurope.com\/@fr\/115078150430676010","error":""},"_links":{"self":[{"href":"https:\/\/www.europesays.com\/fr\/wp-json\/wp\/v2\/posts\/338508","targetHints":{"allow":["GET"]}}],"collection":[{"href":"https:\/\/www.europesays.com\/fr\/wp-json\/wp\/v2\/posts"}],"about":[{"href":"https:\/\/www.europesays.com\/fr\/wp-json\/wp\/v2\/types\/post"}],"author":[{"embeddable":true,"href":"https:\/\/www.europesays.com\/fr\/wp-json\/wp\/v2\/users\/2"}],"replies":[{"embeddable":true,"href":"https:\/\/www.europesays.com\/fr\/wp-json\/wp\/v2\/comments?post=338508"}],"version-history":[{"count":0,"href":"https:\/\/www.europesays.com\/fr\/wp-json\/wp\/v2\/posts\/338508\/revisions"}],"wp:featuredmedia":[{"embeddable":true,"href":"https:\/\/www.europesays.com\/fr\/wp-json\/wp\/v2\/media\/338509"}],"wp:attachment":[{"href":"https:\/\/www.europesays.com\/fr\/wp-json\/wp\/v2\/media?parent=338508"}],"wp:term":[{"taxonomy":"category","embeddable":true,"href":"https:\/\/www.europesays.com\/fr\/wp-json\/wp\/v2\/categories?post=338508"},{"taxonomy":"post_tag","embeddable":true,"href":"https:\/\/www.europesays.com\/fr\/wp-json\/wp\/v2\/tags?post=338508"}],"curies":[{"name":"wp","href":"https:\/\/api.w.org\/{rel}","templated":true}]}}