{"id":338512,"date":"2025-08-23T12:47:14","date_gmt":"2025-08-23T12:47:14","guid":{"rendered":"https:\/\/www.europesays.com\/fr\/338512\/"},"modified":"2025-08-23T12:47:14","modified_gmt":"2025-08-23T12:47:14","slug":"le-futur-attaquant-sur-le-podium-des-joueurs-les-plus-chers-du-srfc","status":"publish","type":"post","link":"https:\/\/www.europesays.com\/fr\/338512\/","title":{"rendered":"le futur attaquant sur le podium des joueurs les plus chers du SRFC ?"},"content":{"rendered":"<p><strong>Le Stade Rennais se cherche un nouvel attaquant dans le cadre de la succession d&rsquo;Arnaud Kalimuendo, vendu \u00e0 Nottingham Forest. Un profil pourrait permettre aux Rouge et Noir de r\u00e9aliser l&rsquo;un des transferts les plus importants de leur histoire.<\/strong><\/p>\n<p>En se s\u00e9parant de l&rsquo;attaquant fran\u00e7ais <strong>Arnaud Kalimuendo<\/strong>, c\u00e9d\u00e9 aux Anglais de Nottingham Forest pour 30 M\u20ac, <a href=\"https:\/\/wesportfr.com\/mercato-rennes-le-top-10-des-meilleures-ventes-avec-arnaud-kalimuendo\/\" rel=\"nofollow noopener\" target=\"_blank\">le Stade Rennais a sign\u00e9 l&rsquo;une des meilleures ventes de son histoire<\/a>. Mais au-del\u00e0 de l&rsquo;\u00e9norme op\u00e9ration financi\u00e8re r\u00e9alis\u00e9e, il est d\u00e9sormais urgent pour les Rouge et Noir de recruter un nouveau num\u00e9ro 9 pour compenser la perte sportive de l&rsquo;ancien Parisien, <strong>40 buts en 112 matchs toutes comp\u00e9titions confondues<\/strong>.<\/p>\n<p><strong>\u00c0 lire aussi \u2013 <\/strong><a href=\"https:\/\/wesportfr.com\/mercato-rennes-3-choses-a-savoir-sur-brian-brobbey-cite-pour-remplacer-arnaud-kalimuendo\/\" rel=\"nofollow noopener\" target=\"_blank\">Mercato Rennes : 3 choses \u00e0 savoir sur Brian Brobbey, cit\u00e9 pour remplacer Arnaud Kalimuendo<\/a><\/p>\n<p>La victoire arrach\u00e9e dans les arr\u00eats de jeu contre l&rsquo;Olympique de Marseille (1-0), lors de la 1\u00e8re journ\u00e9e de <a href=\"https:\/\/wesportfr.com\/football\/ligue-1\/\" rel=\"nofollow noopener\" target=\"_blank\">Ligue 1<\/a>, ne doit pas faire oublier que le SRFC manque aujourd&rsquo;hui d&rsquo;une solution cr\u00e9dible sur le long terme au poste d&rsquo;attaquant axial. Face aux Phoc\u00e9ens, Habib Beye alignait Mousa Al Tamari et Mohamed Me\u00eft\u00e9 mais <strong>les Rennais ont clairement besoin d&rsquo;un attaquant capable de claquer des buts \u00e0 chaque journ\u00e9e<\/strong>.<\/p>\n<p>Rennes ne recrutera pas Lucas Stassin<\/p>\n<p>Qui sera l&rsquo;heureux \u00e9lu ? La direction bretonne travaille sur plusieurs pistes. Si <a href=\"https:\/\/wesportfr.com\/mercato-rennes-pourquoi-la-rumeur-de-lucas-stassin-au-srfc-na-aucune-chance-daboutir\/\" rel=\"nofollow noopener\" target=\"_blank\">la rumeur menant au St\u00e9phanois Lucas Stassin n&rsquo;a aucune chance d&rsquo;aboutir<\/a>, le Stade Rennais a coch\u00e9 les noms de <strong>Matthis Abline<\/strong> (FC Nantes), <strong>Esteban Lepaul<\/strong> (Angers) ou encore <strong>Brian Brobbey<\/strong> (Ajax Amsterdam). Mais la priorit\u00e9 se nomme <strong>Conrad Harder<\/strong>, le canonnier danois du Sporting Portugal. Doublure la saison derni\u00e8re d&rsquo;un certain Viktor Gyokeres, depuis transf\u00e9r\u00e9 \u00e0 Arsenal, l&rsquo;avant-centre de 20 ans se trouve aujourd&rsquo;hui en concurrence avec Esteban Lepaul, chacune des deux pistes pr\u00e9sentant avantages et inconv\u00e9nients.<\/p>\n<blockquote class=\"twitter-tweet\">\n<p dir=\"ltr\" lang=\"fr\">\ud83d\udd34\u26ab\ufe0f\ud83d\udd14 Diff\u00e9rents sons de cloche \u00e0 Rennes\u2026 alors que le staff technique pousse pour Conrad Harder (Sporting CP), la hi\u00e9rarchie rennaise privil\u00e9gie l\u2019exp\u00e9rience Ligue 1 d\u2019Est\u00e9ban Lepaul.<\/p>\n<p>\ud83d\udde3\ufe0f De nouvelles discussions en interne devraient sous peu confirmer le choix final du SRFC. <a href=\"https:\/\/t.co\/7oEZTONMiK\" rel=\"nofollow\">pic.twitter.com\/7oEZTONMiK<\/a><\/p>\n<p>\u2014 Sacha Tavolieri (@sachatavolieri) <a href=\"https:\/\/twitter.com\/sachatavolieri\/status\/1959150261194092844?ref_src=twsrc%5Etfw\" rel=\"nofollow noopener\" target=\"_blank\">August 23, 2025<\/a><\/p>\n<\/blockquote>\n<p>Sous contrat jusqu&rsquo;en juin 2029 avec la formation lusitanienne, Conrad Harder pourrait d\u00e9barquer au Roazhon Park pour une somme cons\u00e9quente. Ce samedi, le quotidien Ouest-France\u00a0\u00e9voque des discussions en cours avec le Sporting Portugal pour <strong>un deal estim\u00e9 entre 20 et 25 M\u20ac<\/strong>. Une fourchette qui correspond \u00e0 l&rsquo;actuelle valorisation du natif de Holte, fix\u00e9e \u00e0 24 M\u20ac par le site sp\u00e9cialis\u00e9 Transfermarkt.<\/p>\n<p><strong>\u00c0 lire aussi \u2013 <\/strong><a href=\"https:\/\/wesportfr.com\/mercato-rennes-habib-beye-a-cible-un-nouvel-attaquant-pour-remplacer-arnaud-kalimuendo\/\" rel=\"nofollow noopener\" target=\"_blank\">Mercato Rennes : Habib Beye a cibl\u00e9 un nouvel attaquant pour remplacer Arnaud Kalimuendo<\/a><\/p>\n<p>Amine Gouiri recrue la plus ch\u00e8re de Rennes<\/p>\n<p>Si la transaction vient \u00e0 se confirmer, le Stade Rennais bouclerait son transfert le plus cons\u00e9quent de l&rsquo;\u00e9t\u00e9 2025, une premi\u00e8re place d\u00e9tenue par le lat\u00e9ral gauche <strong>Quentin Merlin<\/strong> (13 M\u20ac). Et r\u00e9aliserait sans doute le 3e achat le plus cons\u00e9quent de son histoire. Pour l&rsquo;heure, <strong>la 3e place est occup\u00e9e par Lucas Severino<\/strong> (21,30 M\u20ac) et Conrad Harder pourrait m\u00eame se rapprocher sensiblement de <strong>J\u00e9r\u00e9my Doku<\/strong> (26 M\u20ac) et <strong>Amine Gouiri<\/strong> (28 M\u20ac), les deux joueurs les plus chers du SRFC.<\/p>\n<p>Les 10 joueurs les plus chers du Stade Rennais<\/p>\n<tr>\n                                                                        Joueurs<\/p>\n<p>                                                                        Ann\u00e9e<\/p>\n<p>                                                                        Montant du transfert<\/p>\n<\/tr>\n<tr>\n<td>\n<p style=\"text-align: center;\"><strong>Amine Gouiri<\/strong><\/p>\n<\/td>\n<td>\n<p style=\"text-align: center;\">2022<\/p>\n<\/td>\n<td>\n<p style=\"text-align: center;\">28 M\u20ac<\/p>\n<\/td>\n<\/tr>\n<tr>\n<td>\n<p style=\"text-align: center;\"><strong>J\u00e9r\u00e9my Doku<\/strong><\/p>\n<\/td>\n<td>\n<p style=\"text-align: center;\">2020<\/p>\n<\/td>\n<td>\n<p style=\"text-align: center;\">26 M\u20ac<\/p>\n<\/td>\n<\/tr>\n<tr>\n<td>\n<p style=\"text-align: center;\"><strong>Lucas Severino<\/strong><\/p>\n<\/td>\n<td>\n<p style=\"text-align: center;\">2000<\/p>\n<\/td>\n<td>\n<p style=\"text-align: center;\">21,30 M\u20ac<\/p>\n<\/td>\n<\/tr>\n<tr>\n<td>\n<p style=\"text-align: center;\"><strong>Raphinha<\/strong><\/p>\n<\/td>\n<td>\n<p style=\"text-align: center;\">2019<\/p>\n<\/td>\n<td>\n<p style=\"text-align: center;\">21 M\u20ac<\/p>\n<\/td>\n<\/tr>\n<tr>\n<td>\n<p style=\"text-align: center;\"><strong>Enzo Le F\u00e9e<\/strong><\/p>\n<\/td>\n<td>\n<p style=\"text-align: center;\">2023<\/p>\n<\/td>\n<td>\n<p style=\"text-align: center;\">20 M\u20ac<\/p>\n<\/td>\n<\/tr>\n<tr>\n<td>\n<p style=\"text-align: center;\"><strong>Arnaud Kalimuendo<\/strong><\/p>\n<\/td>\n<td>\n<p style=\"text-align: center;\">2022<\/p>\n<\/td>\n<td>\n<p style=\"text-align: center;\">20 M\u20ac<\/p>\n<\/td>\n<\/tr>\n<tr>\n<td>\n<p style=\"text-align: center;\"><strong>Seko Fofana<\/strong><\/p>\n<\/td>\n<td>\n<p style=\"text-align: center;\">2025<\/p>\n<\/td>\n<td>\n<p style=\"text-align: center;\">20 M\u20ac<\/p>\n<\/td>\n<\/tr>\n<tr>\n<td>\n<p style=\"text-align: center;\"><strong>Arthur Theate<\/strong><\/p>\n<\/td>\n<td>\n<p style=\"text-align: center;\">2022<\/p>\n<\/td>\n<td>\n<p style=\"text-align: center;\">19 M\u20ac<\/p>\n<\/td>\n<\/tr>\n<tr>\n<td>\n<p style=\"text-align: center;\"><strong>Lo\u00efc Bad\u00e9<\/strong><\/p>\n<\/td>\n<td>\n<p style=\"text-align: center;\">2021<\/p>\n<\/td>\n<td>\n<p style=\"text-align: center;\">17 M\u20ac<\/p>\n<\/td>\n<\/tr>\n<tr>\n<td>\n<p style=\"text-align: center;\"><strong>Kamaldeen Sulemana<\/strong><\/p>\n<\/td>\n<td>\n<p style=\"text-align: center;\">2021<\/p>\n<\/td>\n<td>\n<p style=\"text-align: center;\">17 M\u20ac<\/p>\n<\/td>\n<\/tr>\n<tr>\n<td>\n<p style=\"text-align: center;\"><strong>Isma\u00efla Sarr<\/strong><\/p>\n<\/td>\n<td>\n<p style=\"text-align: center;\">2017<\/p>\n<\/td>\n<td>\n<p style=\"text-align: center;\">17 M\u20ac<\/p>\n<\/td>\n<\/tr>\n<p>                    <script async src=\"https:\/\/platform.twitter.com\/widgets.js\" charset=\"utf-8\"><\/script><\/p>\n","protected":false},"excerpt":{"rendered":"Le Stade Rennais se cherche un nouvel attaquant dans le cadre de la succession d&rsquo;Arnaud Kalimuendo, vendu \u00e0&hellip;\n","protected":false},"author":2,"featured_media":338513,"comment_status":"","ping_status":"","sticky":false,"template":"","format":"standard","meta":{"footnotes":""},"categories":[2821],"tags":[1111,11,829,1777,674,1011,27,12,584,25],"class_list":{"0":"post-338512","1":"post","2":"type-post","3":"status-publish","4":"format-standard","5":"has-post-thumbnail","7":"category-rennes","8":"tag-actu","9":"tag-actualites","10":"tag-bretagne","11":"tag-eu","12":"tag-europe","13":"tag-fr","14":"tag-france","15":"tag-news","16":"tag-rennes","17":"tag-republique-francaise"},"share_on_mastodon":{"url":"https:\/\/pubeurope.com\/@fr\/115078158399595705","error":""},"_links":{"self":[{"href":"https:\/\/www.europesays.com\/fr\/wp-json\/wp\/v2\/posts\/338512","targetHints":{"allow":["GET"]}}],"collection":[{"href":"https:\/\/www.europesays.com\/fr\/wp-json\/wp\/v2\/posts"}],"about":[{"href":"https:\/\/www.europesays.com\/fr\/wp-json\/wp\/v2\/types\/post"}],"author":[{"embeddable":true,"href":"https:\/\/www.europesays.com\/fr\/wp-json\/wp\/v2\/users\/2"}],"replies":[{"embeddable":true,"href":"https:\/\/www.europesays.com\/fr\/wp-json\/wp\/v2\/comments?post=338512"}],"version-history":[{"count":0,"href":"https:\/\/www.europesays.com\/fr\/wp-json\/wp\/v2\/posts\/338512\/revisions"}],"wp:featuredmedia":[{"embeddable":true,"href":"https:\/\/www.europesays.com\/fr\/wp-json\/wp\/v2\/media\/338513"}],"wp:attachment":[{"href":"https:\/\/www.europesays.com\/fr\/wp-json\/wp\/v2\/media?parent=338512"}],"wp:term":[{"taxonomy":"category","embeddable":true,"href":"https:\/\/www.europesays.com\/fr\/wp-json\/wp\/v2\/categories?post=338512"},{"taxonomy":"post_tag","embeddable":true,"href":"https:\/\/www.europesays.com\/fr\/wp-json\/wp\/v2\/tags?post=338512"}],"curies":[{"name":"wp","href":"https:\/\/api.w.org\/{rel}","templated":true}]}}