{"id":338522,"date":"2025-08-23T12:52:17","date_gmt":"2025-08-23T12:52:17","guid":{"rendered":"https:\/\/www.europesays.com\/fr\/338522\/"},"modified":"2025-08-23T12:52:17","modified_gmt":"2025-08-23T12:52:17","slug":"thouare-festival-une-fin-aout-pour-reprendre-confiance-en-soi-et-se-reposer-des-vacances","status":"publish","type":"post","link":"https:\/\/www.europesays.com\/fr\/338522\/","title":{"rendered":"Thouar\u00e9 f\u2019estival\u00a0: une fin ao\u00fbt pour reprendre confiance en soi et se reposer des vacances"},"content":{"rendered":"<p> Thouar\u00e9 f\u2019estival, install\u00e9 sur les bords de Loire, en Loire-Atlantique, a d\u00e9but\u00e9 samedi 7\u00a0juin et se terminera dimanche 7\u00a0septembre. De nombreuses animations, gratuites, sont propos\u00e9es par la Ville et des associations locales. Et, en cette fin de mois d\u2019ao\u00fbt, avec le retour des vacanciers, il n\u2019y aura que l\u2019embarras du choix entre exposition, bien-\u00eatre, spectacle, m\u00e9ditation et sport.<\/p>\n<p> &#8230;<\/p>\n<p>\u00a0<\/p>\n","protected":false},"excerpt":{"rendered":"Thouar\u00e9 f\u2019estival, install\u00e9 sur les bords de Loire, en Loire-Atlantique, a d\u00e9but\u00e9 samedi 7\u00a0juin et se terminera dimanche&hellip;\n","protected":false},"author":2,"featured_media":338523,"comment_status":"","ping_status":"","sticky":false,"template":"","format":"standard","meta":{"footnotes":""},"categories":[2818],"tags":[1111,11,2863,13874,22190,1777,674,5729,1011,27,766,12,2636,47483,2860,25,14918,2528],"class_list":{"0":"post-338522","1":"post","2":"type-post","3":"status-publish","4":"format-standard","5":"has-post-thumbnail","7":"category-nantes","8":"tag-actu","9":"tag-actualites","10":"tag-aout","11":"tag-confiance","12":"tag-estival","13":"tag-eu","14":"tag-europe","15":"tag-fin","16":"tag-fr","17":"tag-france","18":"tag-nantes","19":"tag-news","20":"tag-pays-de-la-loire","21":"tag-reposer","22":"tag-reprendre","23":"tag-republique-francaise","24":"tag-thouare","25":"tag-vacances"},"share_on_mastodon":{"url":"https:\/\/pubeurope.com\/@fr\/115078177955912251","error":""},"_links":{"self":[{"href":"https:\/\/www.europesays.com\/fr\/wp-json\/wp\/v2\/posts\/338522","targetHints":{"allow":["GET"]}}],"collection":[{"href":"https:\/\/www.europesays.com\/fr\/wp-json\/wp\/v2\/posts"}],"about":[{"href":"https:\/\/www.europesays.com\/fr\/wp-json\/wp\/v2\/types\/post"}],"author":[{"embeddable":true,"href":"https:\/\/www.europesays.com\/fr\/wp-json\/wp\/v2\/users\/2"}],"replies":[{"embeddable":true,"href":"https:\/\/www.europesays.com\/fr\/wp-json\/wp\/v2\/comments?post=338522"}],"version-history":[{"count":0,"href":"https:\/\/www.europesays.com\/fr\/wp-json\/wp\/v2\/posts\/338522\/revisions"}],"wp:featuredmedia":[{"embeddable":true,"href":"https:\/\/www.europesays.com\/fr\/wp-json\/wp\/v2\/media\/338523"}],"wp:attachment":[{"href":"https:\/\/www.europesays.com\/fr\/wp-json\/wp\/v2\/media?parent=338522"}],"wp:term":[{"taxonomy":"category","embeddable":true,"href":"https:\/\/www.europesays.com\/fr\/wp-json\/wp\/v2\/categories?post=338522"},{"taxonomy":"post_tag","embeddable":true,"href":"https:\/\/www.europesays.com\/fr\/wp-json\/wp\/v2\/tags?post=338522"}],"curies":[{"name":"wp","href":"https:\/\/api.w.org\/{rel}","templated":true}]}}