{"id":338524,"date":"2025-08-23T12:53:25","date_gmt":"2025-08-23T12:53:25","guid":{"rendered":"https:\/\/www.europesays.com\/fr\/338524\/"},"modified":"2025-08-23T12:53:25","modified_gmt":"2025-08-23T12:53:25","slug":"racing-nantes-un-arrete-prefectoral-encadre-le-deplacement-des-supporters-nantais-a-la-meinau-alsasports","status":"publish","type":"post","link":"https:\/\/www.europesays.com\/fr\/338524\/","title":{"rendered":"Racing\u2013Nantes : un arr\u00eat\u00e9 pr\u00e9fectoral encadre le d\u00e9placement des supporters nantais \u00e0 la Meinau \u2014 Alsa&rsquo;Sports"},"content":{"rendered":"<p>La Pr\u00e9fecture du Bas-Rhin a publi\u00e9 un\u00a0<strong>arr\u00eat\u00e9 pr\u00e9fectoral<\/strong>\u00a0concernant la rencontre de la 2e journ\u00e9e de Ligue 1 McDonald\u2019s entre le\u00a0<strong>Racing Club de Strasbourg<\/strong>\u00a0et le\u00a0<strong>FC Nantes<\/strong>, programm\u00e9e ce dimanche 24 ao\u00fbt 2025 \u00e0 17h15 au stade de la Meinau. Celui-ci fixe plusieurs mesures strictes concernant le d\u00e9placement et la circulation des supporters nantais.<\/p>\n<p>D\u00e9placement encadr\u00e9<\/p>\n<p>L\u2019article 1er pr\u00e9cise que le\u00a0<strong>d\u00e9placement des supporters de type ultra du FC Nantes<\/strong>\u00a0devra \u00eatre\u00a0<strong>organis\u00e9 en lien avec les forces de s\u00e9curit\u00e9 int\u00e9rieure<\/strong>. Un point de rendez-vous obligatoire est fix\u00e9 au\u00a0<strong>p\u00e9age de Schwindratzheim (A4)<\/strong>\u00a0\u00e0 15h00 au plus tard, afin d\u2019assurer leur escorte jusqu\u2019au stade.<\/p>\n<p>Conditions de transport<\/p>\n<p>Selon l\u2019article 2, les conducteurs des v\u00e9hicules des supporters visiteurs devront \u00eatre en nombre suffisant pour respecter les temps de repos r\u00e9glementaires. Ils devront \u00e9galement\u00a0<strong>quitter la Meinau d\u00e8s la fin de la rencontre<\/strong>.<\/p>\n<p>P\u00e9rim\u00e8tres interdits<\/p>\n<p>L\u2019article 3 \u00e9tablit une interdiction stricte pour toute personne \u00ab se pr\u00e9valant de la qualit\u00e9 de supporter du FC Nantes ou se comportant comme tel \u00bb de circuler ou stationner, le dimanche 24 ao\u00fbt de 8h00 \u00e0 24h00, dans plusieurs zones sensibles de Strasbourg :<\/p>\n<ul class=\"wp-block-list\">\n<li><strong>Gare centrale et abords imm\u00e9diats<\/strong><\/li>\n<li><strong>Grande-\u00cele et centre-ville<\/strong>\u00a0(place du Corbeau, rues d\u2019Austerlitz, des Bouchers, quai Fustel de Coulanges, etc.)<\/li>\n<li><strong>Secteur de la Plaine des Bouchers<\/strong>\u00a0(rue des Fr\u00e8res Eberts, avenue de Colmar, etc.)<\/li>\n<li><strong>Abords du stade de la Meinau<\/strong>\u00a0(avenue de Colmar, avenue du Neuhof, rue Staedel, route du Rhin, etc.)<\/li>\n<\/ul>\n<p>Ex\u00e9cution de l\u2019arr\u00eat\u00e9<\/p>\n<p>Enfin, l\u2019article 4 d\u00e9signe les autorit\u00e9s concern\u00e9es \u2013 Pr\u00e9fecture, Police nationale, Gendarmerie et Ville de Strasbourg \u2013 comme responsables de l\u2019ex\u00e9cution de cet arr\u00eat\u00e9, notifi\u00e9 \u00e9galement au procureur de la R\u00e9publique ainsi qu\u2019aux deux clubs.<\/p>\n<p>\u26a0\ufe0f En r\u00e9sum\u00e9, les supporters nantais seront autoris\u00e9s \u00e0 se d\u00e9placer uniquement sous escorte polici\u00e8re et verront leur pr\u00e9sence\u00a0<strong>strictement limit\u00e9e aux abords du stade de la Meinau<\/strong>\u00a0le jour du match.<\/p>\n","protected":false},"excerpt":{"rendered":"La Pr\u00e9fecture du Bas-Rhin a publi\u00e9 un\u00a0arr\u00eat\u00e9 pr\u00e9fectoral\u00a0concernant la rencontre de la 2e journ\u00e9e de Ligue 1 McDonald\u2019s&hellip;\n","protected":false},"author":2,"featured_media":338525,"comment_status":"","ping_status":"","sticky":false,"template":"","format":"standard","meta":{"footnotes":""},"categories":[2818],"tags":[1111,11,1777,674,1011,27,766,12,2636,25],"class_list":{"0":"post-338524","1":"post","2":"type-post","3":"status-publish","4":"format-standard","5":"has-post-thumbnail","7":"category-nantes","8":"tag-actu","9":"tag-actualites","10":"tag-eu","11":"tag-europe","12":"tag-fr","13":"tag-france","14":"tag-nantes","15":"tag-news","16":"tag-pays-de-la-loire","17":"tag-republique-francaise"},"share_on_mastodon":{"url":"https:\/\/pubeurope.com\/@fr\/115078181865241238","error":""},"_links":{"self":[{"href":"https:\/\/www.europesays.com\/fr\/wp-json\/wp\/v2\/posts\/338524","targetHints":{"allow":["GET"]}}],"collection":[{"href":"https:\/\/www.europesays.com\/fr\/wp-json\/wp\/v2\/posts"}],"about":[{"href":"https:\/\/www.europesays.com\/fr\/wp-json\/wp\/v2\/types\/post"}],"author":[{"embeddable":true,"href":"https:\/\/www.europesays.com\/fr\/wp-json\/wp\/v2\/users\/2"}],"replies":[{"embeddable":true,"href":"https:\/\/www.europesays.com\/fr\/wp-json\/wp\/v2\/comments?post=338524"}],"version-history":[{"count":0,"href":"https:\/\/www.europesays.com\/fr\/wp-json\/wp\/v2\/posts\/338524\/revisions"}],"wp:featuredmedia":[{"embeddable":true,"href":"https:\/\/www.europesays.com\/fr\/wp-json\/wp\/v2\/media\/338525"}],"wp:attachment":[{"href":"https:\/\/www.europesays.com\/fr\/wp-json\/wp\/v2\/media?parent=338524"}],"wp:term":[{"taxonomy":"category","embeddable":true,"href":"https:\/\/www.europesays.com\/fr\/wp-json\/wp\/v2\/categories?post=338524"},{"taxonomy":"post_tag","embeddable":true,"href":"https:\/\/www.europesays.com\/fr\/wp-json\/wp\/v2\/tags?post=338524"}],"curies":[{"name":"wp","href":"https:\/\/api.w.org\/{rel}","templated":true}]}}