{"id":338526,"date":"2025-08-23T12:55:11","date_gmt":"2025-08-23T12:55:11","guid":{"rendered":"https:\/\/www.europesays.com\/fr\/338526\/"},"modified":"2025-08-23T12:55:11","modified_gmt":"2025-08-23T12:55:11","slug":"bordeaux-tente-un-nouveau-coup-incroyable","status":"publish","type":"post","link":"https:\/\/www.europesays.com\/fr\/338526\/","title":{"rendered":"Bordeaux tente un nouveau coup incroyable"},"content":{"rendered":"<p><strong>Sans club depuis la fin de son aventure chypriote \u00e0 l&rsquo;Anorthosis Famagouste, Grzegorz Krychowiak pourrait boucler la boucle en terminant sa carri\u00e8re de joueur aux Girondins de Bordeaux.<\/strong><\/p>\n<p>Et si Grzegorz Krychowiak revenait l\u00e0 o\u00f9 tout a commenc\u00e9 pour lui ? V\u00e9ritable globe-trotteur du football, le milieu de terrain polonais a \u00e9volu\u00e9 dans un total de 12 clubs diff\u00e9rents au cours de sa carri\u00e8re. Une jolie carte de visite pour celui qui, \u00e0 35 ans, se cherche un dernier challenge int\u00e9ressant avant de raccrocher les crampons et se lancer dans une autre carri\u00e8re, toujours de pr\u00e8s ou de loin dans le football. Pourquoi ne pas boucler la boucle en revenant l\u00e0 o\u00f9 tout a commenc\u00e9 pour lui, aux <a href=\"https:\/\/www.foot01.com\/equipe\/bordeaux\/\" rel=\"nofollow noopener\" target=\"_blank\">Girondins de Bordeaux<\/a> ? C&rsquo;est en tout cas ce qu&rsquo;aimerait le club au scapulaire, selon la presse polonaise.<\/p>\n<p>Grzegorz Krychowiak, de retour l\u00e0 o\u00f9 tout a commenc\u00e9 ?<\/p>\n<blockquote class=\"twitter-tweet\"><p>&#13;<\/p>\n<p lang=\"fr\" dir=\"ltr\">Bordeaux respire la lose, il d\u00e9nonce <a href=\"https:\/\/t.co\/F74XGh4Umc\" rel=\"nofollow\">https:\/\/t.co\/F74XGh4Umc<\/a><\/p>\n<p>&#13;<br \/>\n\u2014 Foot01.com (@Foot01_com) <a href=\"https:\/\/twitter.com\/Foot01_com\/status\/1958268372019294520?ref_src=twsrc%5Etfw\" rel=\"nofollow noopener\" target=\"_blank\">August 20, 2025<\/a><\/p><\/blockquote>\n<p>Si l&rsquo;on en croit les informations de Fakt, l&rsquo;ex-international polonais (100 s\u00e9l.) r\u00e9fl\u00e9chit fortement aux contours de son avenir. Plusieurs options s&rsquo;offrent \u00e0 lui, entre mettre un terme \u00e0 sa carri\u00e8re de joueur en acceptant de devenir consultant ou commentateur \u00e0 la t\u00e9l\u00e9vision, ou membre du staff d&rsquo;un club fran\u00e7ais. Le m\u00e9dia polonais indique toutefois que les Girondins de Bordeaux ont tent\u00e9 leur chance pour le convaincre de faire une derni\u00e8re pige avant de mettre un terme \u00e0 sa carri\u00e8re.<\/p>\n<p>Son \u00e9pouse C\u00e9lia \u00e9tant originaire de Bordeaux, l&rsquo;id\u00e9e de terminer sa carri\u00e8re dans son club formateur le titille forc\u00e9ment. Si les supporters craignent que les Girondins se lancent dans un dossier on\u00e9reux, le rappel est le suivant : \u00e0 Chypre, Grzegorz Krychowiak gagnait environ 14 000 euros par mois. S&rsquo;il accepte de r\u00e9duire ses exigences salariales, alors un projet de remont\u00e9e en troisi\u00e8me division l&rsquo;attend en Gironde.<\/p>\n<p>          <script async src=\"https:\/\/platform.twitter.com\/widgets.js\" charset=\"utf-8\"><\/script><\/p>\n","protected":false},"excerpt":{"rendered":"Sans club depuis la fin de son aventure chypriote \u00e0 l&rsquo;Anorthosis Famagouste, Grzegorz Krychowiak pourrait boucler la boucle&hellip;\n","protected":false},"author":2,"featured_media":338527,"comment_status":"","ping_status":"","sticky":false,"template":"","format":"standard","meta":{"footnotes":""},"categories":[2817],"tags":[1111,11,1997,1777,674,1011,27,12,2219,25],"class_list":{"0":"post-338526","1":"post","2":"type-post","3":"status-publish","4":"format-standard","5":"has-post-thumbnail","7":"category-bordeaux","8":"tag-actu","9":"tag-actualites","10":"tag-bordeaux","11":"tag-eu","12":"tag-europe","13":"tag-fr","14":"tag-france","15":"tag-news","16":"tag-nouvelle-aquitaine","17":"tag-republique-francaise"},"share_on_mastodon":{"url":"https:\/\/pubeurope.com\/@fr\/115078189787186571","error":""},"_links":{"self":[{"href":"https:\/\/www.europesays.com\/fr\/wp-json\/wp\/v2\/posts\/338526","targetHints":{"allow":["GET"]}}],"collection":[{"href":"https:\/\/www.europesays.com\/fr\/wp-json\/wp\/v2\/posts"}],"about":[{"href":"https:\/\/www.europesays.com\/fr\/wp-json\/wp\/v2\/types\/post"}],"author":[{"embeddable":true,"href":"https:\/\/www.europesays.com\/fr\/wp-json\/wp\/v2\/users\/2"}],"replies":[{"embeddable":true,"href":"https:\/\/www.europesays.com\/fr\/wp-json\/wp\/v2\/comments?post=338526"}],"version-history":[{"count":0,"href":"https:\/\/www.europesays.com\/fr\/wp-json\/wp\/v2\/posts\/338526\/revisions"}],"wp:featuredmedia":[{"embeddable":true,"href":"https:\/\/www.europesays.com\/fr\/wp-json\/wp\/v2\/media\/338527"}],"wp:attachment":[{"href":"https:\/\/www.europesays.com\/fr\/wp-json\/wp\/v2\/media?parent=338526"}],"wp:term":[{"taxonomy":"category","embeddable":true,"href":"https:\/\/www.europesays.com\/fr\/wp-json\/wp\/v2\/categories?post=338526"},{"taxonomy":"post_tag","embeddable":true,"href":"https:\/\/www.europesays.com\/fr\/wp-json\/wp\/v2\/tags?post=338526"}],"curies":[{"name":"wp","href":"https:\/\/api.w.org\/{rel}","templated":true}]}}