{"id":338528,"date":"2025-08-23T12:56:11","date_gmt":"2025-08-23T12:56:11","guid":{"rendered":"https:\/\/www.europesays.com\/fr\/338528\/"},"modified":"2025-08-23T12:56:11","modified_gmt":"2025-08-23T12:56:11","slug":"ce-nest-pas-le-far-west-mais-les-habitants-de-cet-ancien-petit-village-de-toulouse-denoncent-un-quartier-degrade","status":"publish","type":"post","link":"https:\/\/www.europesays.com\/fr\/338528\/","title":{"rendered":"\u00ab\u00a0Ce n\u2019est pas le Far West mais\u2026\u00a0\u00bb les habitants de cet ancien \u00ab\u00a0petit village\u00a0\u00bb de Toulouse d\u00e9noncent un quartier d\u00e9grad\u00e9"},"content":{"rendered":"<p>\n                                                                    l&rsquo;essentiel<br \/>\n                                                                Le \u00ab\u00a0petit village\u00a0\u00bb de Saint-Simon semble bien loin pour certains habitants qui d\u00e9plorent des incivilit\u00e9s multiples. Ins\u00e9curit\u00e9, urbanisation galopante, sentiment de d\u00e9classement\u2026 Le quartier Guilhermy cristallise les tensions.\n                            <\/p>\n<p>Yves vit dans le quartier Saint-Simon-Guilhermy depuis 1988. \u00c0 l\u2019\u00e9poque, ce retrait\u00e9 appr\u00e9cie le calme et la douceur de vivre de ce lieu, o\u00f9 des champs avec chevaux composent alors le paysage offert aux nouveaux arrivants. Seulement voil\u00e0, cette qui\u00e9tude, c\u2019\u00e9tait avant la construction de Guilhermy, quartier excentr\u00e9 de Saint-Simon, o\u00f9 se produisent r\u00e9guli\u00e8rement des troubles \u00e0 l\u2019ordre public, au grand dam des r\u00e9sidents\u00a0: \u00ab\u00a0Tout a d\u00e9marr\u00e9 \u00e0 ce moment-l\u00e0, d\u00e9plore Yves. Vols dans les parkings, cambriolages, effractions de voitures, vols de pneus, rod\u00e9os urbains, on a m\u00eame eu le braquage d\u2019un bureau de tabac place de l\u2019\u00c9glise et des coups de feu,\u00a0etc.\u00a0\u00bb<\/p>\n<p>Une s\u00e9curit\u00e9 citoyenne face \u00e0 la mont\u00e9e des incivilit\u00e9s<\/p>\n<p>Deux cam\u00e9ras de vid\u00e9osurveillance ont d\u2019ailleurs \u00e9t\u00e9 install\u00e9es place Saint-Simon. Face \u00e0 cette situation, l\u2019association des Voisins Vigilants a vu le jour\u00a0: des habitants se portent volontaires pour assurer la s\u00e9curit\u00e9 du quartier, en lien direct avec les services de la mairie et la Direction interd\u00e9partementale de la Police nationale. \u00ab\u00a0Une association bien utile en p\u00e9riode de vacances, toujours propices aux cambriolages\u00a0\u00bb, estime Yves, qui pr\u00e9cise en plaisantant\u00a0: \u00ab\u00a0Ce n\u2019est pas le Far West, mais je trouve que l\u2019urbanisme effr\u00e9n\u00e9 a d\u00e9grad\u00e9 le quartier.\u00a0\u00bb Philippe, gendarme \u00e0 la retraite, partage cet avis\u00a0: \u00ab\u00a0Je vis dans ce quartier depuis 1999, pr\u00e9cise-t-il. \u00c0 l\u2019\u00e9poque, l\u2019accroche commerciale des promoteurs sur le quartier \u00e9tait\u00a0: &lsquo;Saint-Simon est un village&rsquo;.\u00a0\u00bb Une accroche peut-\u00eatre trop valorisante selon lui, qui a attir\u00e9 beaucoup trop de monde et dop\u00e9 l\u2019urbanisme de ce quartier\u00a0: \u00ab\u00a0L\u2019image village est malheureusement bien loin\u00a0\u00bb, d\u00e9plore Philippe, dont la voiture a \u00e9t\u00e9 cambriol\u00e9e trois fois.<\/p>\n<p>Des mesures renforc\u00e9es et un suivi municipal revendiqu\u00e9<\/p>\n<p>\u00ab\u00a0La s\u00e9curit\u00e9 et la tranquillit\u00e9 des habitants\u00a0: une priorit\u00e9 pour l\u2019\u00e9quipe municipale\u00a0\u00bb,<br \/>Emilion Esnault, adjoint au maire en charge de la s\u00e9curit\u00e9, s\u2019est rendu en 2023 et en 2024 rue Las Brugues, accompagn\u00e9 de la Police municipale, de la Police nationale, d\u2019un r\u00e9f\u00e9rent pr\u00e9vention du secteur et de la maire de quartier. \u00ab\u00a0\u00c0 la suite de ces rencontres, nous avons d\u00e9cid\u00e9 en 2024 d\u2019installer une cam\u00e9ra. Elle permet la visualisation d\u2019un parking sujet \u00e0 des plaintes\u00a0rue Las Brugues et aux abords de l\u2019\u00e9cole primaire Guilhermy\u00a0\u00bb, constate l\u2019\u00e9lu. Depuis, le quartier fait l\u2019objet d\u2019un suivi tr\u00e8s m\u00e9ticuleux par les services de la Police municipale et nationale, avec de nombreux passages concernant des rassemblements ou de la lutte contre les rod\u00e9os.<\/p>\n<p>Des r\u00e9sultats, selon lui, encourageants sur la tranquillit\u00e9 publique\u00a0: depuis d\u00e9but 2023, les indicateurs de s\u00e9curit\u00e9 dans le quartier de Guilhermy montrent une am\u00e9lioration notable, avec une baisse des nuisances sonores \u2013 23 signalements en deux ans, mais aucun depuis ao\u00fbt\u00a02024. On constate aussi une baisse significative des appels \u00e0 All\u00f4 Toulouse. \u00c0 noter que les derni\u00e8res verbalisations concernent exclusivement des infractions li\u00e9es \u00e0 l\u2019usage de protoxyde d\u2019azote.<\/p>\n<p>La rue de Las Brugues et le chemin Guilhermy restent un point de vigilance pour la Ville, et les actions engag\u00e9es portent leurs fruits. \u00ab\u00a0Une strat\u00e9gie d\u2019occupation positive de l\u2019espace public a \u00e9t\u00e9 r\u00e9alis\u00e9e au printemps 2025 sur le petit bois rue Las Brugues. Un gymnase va \u00eatre livr\u00e9 et devrait permettre le d\u00e9veloppement des nouvelles pratiques sportives\u00a0\u00bb pr\u00e9cise\u00a0Emilion Esnault.<\/p>\n","protected":false},"excerpt":{"rendered":"l&rsquo;essentiel Le \u00ab\u00a0petit village\u00a0\u00bb de Saint-Simon semble bien loin pour certains habitants qui d\u00e9plorent des incivilit\u00e9s multiples. Ins\u00e9curit\u00e9,&hellip;\n","protected":false},"author":2,"featured_media":338529,"comment_status":"","ping_status":"","sticky":false,"template":"","format":"standard","meta":{"footnotes":""},"categories":[2816],"tags":[1111,11,1777,674,1011,27,12,2680,25,2312],"class_list":{"0":"post-338528","1":"post","2":"type-post","3":"status-publish","4":"format-standard","5":"has-post-thumbnail","7":"category-toulouse","8":"tag-actu","9":"tag-actualites","10":"tag-eu","11":"tag-europe","12":"tag-fr","13":"tag-france","14":"tag-news","15":"tag-occitanie","16":"tag-republique-francaise","17":"tag-toulouse"},"share_on_mastodon":{"url":"https:\/\/pubeurope.com\/@fr\/115078193806494990","error":""},"_links":{"self":[{"href":"https:\/\/www.europesays.com\/fr\/wp-json\/wp\/v2\/posts\/338528","targetHints":{"allow":["GET"]}}],"collection":[{"href":"https:\/\/www.europesays.com\/fr\/wp-json\/wp\/v2\/posts"}],"about":[{"href":"https:\/\/www.europesays.com\/fr\/wp-json\/wp\/v2\/types\/post"}],"author":[{"embeddable":true,"href":"https:\/\/www.europesays.com\/fr\/wp-json\/wp\/v2\/users\/2"}],"replies":[{"embeddable":true,"href":"https:\/\/www.europesays.com\/fr\/wp-json\/wp\/v2\/comments?post=338528"}],"version-history":[{"count":0,"href":"https:\/\/www.europesays.com\/fr\/wp-json\/wp\/v2\/posts\/338528\/revisions"}],"wp:featuredmedia":[{"embeddable":true,"href":"https:\/\/www.europesays.com\/fr\/wp-json\/wp\/v2\/media\/338529"}],"wp:attachment":[{"href":"https:\/\/www.europesays.com\/fr\/wp-json\/wp\/v2\/media?parent=338528"}],"wp:term":[{"taxonomy":"category","embeddable":true,"href":"https:\/\/www.europesays.com\/fr\/wp-json\/wp\/v2\/categories?post=338528"},{"taxonomy":"post_tag","embeddable":true,"href":"https:\/\/www.europesays.com\/fr\/wp-json\/wp\/v2\/tags?post=338528"}],"curies":[{"name":"wp","href":"https:\/\/api.w.org\/{rel}","templated":true}]}}