{"id":338544,"date":"2025-08-23T13:07:13","date_gmt":"2025-08-23T13:07:13","guid":{"rendered":"https:\/\/www.europesays.com\/fr\/338544\/"},"modified":"2025-08-23T13:07:13","modified_gmt":"2025-08-23T13:07:13","slug":"paris-convoque-lambassadrice-ditalie-apres-des-propos-inacceptables-de-matteo-salvini-visant-emmanuel-macron","status":"publish","type":"post","link":"https:\/\/www.europesays.com\/fr\/338544\/","title":{"rendered":"Paris convoque l\u2019ambassadrice d\u2019Italie apr\u00e8s des propos \u00ab\u00a0inacceptables\u00a0\u00bb de Matteo Salvini visant Emmanuel Macron"},"content":{"rendered":"<p class=\"paragraph text_align_left lp-f-body-02\">Anicroche diplomatique. Paris a convoqu\u00e9 l\u2019ambassadrice d\u2019Italie en France, Emanuela D\u2019Alessandro. En cause, des d\u00e9clarations du vice-Premier ministre italien <a href=\"https:\/\/www.leparisien.fr\/politique\/guerre-en-ukraine-matteo-salvini-numero-2-du-gouvernement-italien-qualifie-emmanuel-macron-de-fou-07-03-2025-RMD6NB64ZVCP7KSQBRKCHGLT5A.php\" target=\"_blank\" rel=\"noreferrer nofollow noopener\">Matteo Salvini <\/a>\u00e0 l\u2019encontre du pr\u00e9sident <a href=\"https:\/\/www.leparisien.fr\/politique\/emmanuel-macron\/\" target=\"_blank\" rel=\"noreferrer nofollow noopener\">Emmanuel Macron<\/a> pour son soutien \u00e0 l\u2019envoi de troupes en <a href=\"https:\/\/www.leparisien.fr\/international\/ukraine\/\" target=\"_blank\" rel=\"noreferrer nofollow noopener\">Ukraine<\/a>.<\/p>\n<p class=\"paragraph text_align_left lp-f-body-02\">\u00ab L\u2019ambassadrice d\u2019Italie en France a \u00e9t\u00e9 convoqu\u00e9e jeudi au minist\u00e8re de l\u2019Europe et des Affaires \u00e9trang\u00e8res, \u00e0 la suite des propos inacceptables tenus ces derniers jours par Matteo Salvini \u00bb, a confirm\u00e9 une source diplomatique au Parisien, \u00e0 la suite des informations de France Inter. \u00ab Il a \u00e9t\u00e9 rappel\u00e9 \u00e0 l\u2019ambassadrice que ces propos allaient \u00e0 l\u2019encontre du climat de confiance et de la relation historique entre nos deux pays mais aussi des r\u00e9cents d\u00e9veloppements bilat\u00e9raux, qui ont mis en \u00e9vidence des convergences fortes entre les deux pays, notamment s\u2019agissant du soutien sans faille \u00e0 l\u2019Ukraine \u00bb.<\/p>\n<p class=\"paragraph text_align_left lp-f-body-02\">Au sein de la diplomatie fran\u00e7aise, on tente de minimiser en expliquant que r\u00e9guli\u00e8rement des autorit\u00e9s \u00e9trang\u00e8res sont convoqu\u00e9es. De m\u00eame, de source proche du pr\u00e9sident de la R\u00e9publique, on affirme que \u00ab la convocation est une proc\u00e9dure classique \u00bb.<\/p>\n<p>\u00ab Mettre son casque, sa veste, son fusil, et aller en Ukraine \u00bb<\/p>\n<p class=\"paragraph text_align_left lp-f-body-02\">Depuis plusieurs jours, Matteo Salvini fustige le pr\u00e9sident fran\u00e7ais, sur les r\u00e9seaux sociaux et lors de ses d\u00e9placements, \u00e0 propos de sa proposition de d\u00e9ployer une \u00ab force de r\u00e9assurance \u00bb en Ukraine pour garantir le futur cessez-le-feu entre Kiev et Moscou. Le Royaume-Uni envisage aussi de le faire, l\u2019Italie ne souscrit pas \u00e0 l\u2019id\u00e9e.<\/p>\n<p class=\"title-embed-dailymotion lp-color-text lp-f-subtitle-04\">Vid\u00e9oUkraine : Trump promet des garanties de s\u00e9curit\u00e9&#8230; et une rencontre avec Poutine<\/p>\n<p class=\"paragraph text_align_left lp-f-body-02\">Interrog\u00e9, lors d\u2019un d\u00e9placement \u00e0 Milan, sur un \u00e9ventuel d\u00e9ploiement de soldats italiens au sein de cette force, celui qui est aussi ministre des Transports avait sugg\u00e9r\u00e9 qu\u2019Emmanuel Macron \u00ab y aille lui-m\u00eame \u00bb. \u00ab Macron devrait monter dans le train. Mettre son casque, sa veste, son fusil, et aller en Ukraine \u00bb, avait tanc\u00e9 Salvini.<\/p>\n<p class=\"paragraph text_align_left lp-f-body-02\">Ce n\u2019est pas la premi\u00e8re fois que le populiste, proche de Marine Le Pen, s\u2019en prend nomm\u00e9ment au pr\u00e9sident de la R\u00e9publique. En 2019, les tensions avaient \u00e9t\u00e9 telles que Paris <a href=\"https:\/\/www.leparisien.fr\/politique\/diplomatie-brouille-sans-precedent-entre-paris-et-rome-08-02-2019-8006988.php\" target=\"_self\" rel=\"nofollow noopener\">avait rappel\u00e9 son ambassadeur en Italie<\/a>, Christian Masset. \u00c0 l\u2019\u00e9poque, Matteo Salvini \u00e9tait ministre de l\u2019Int\u00e9rieur. En mars dernier, il avait qualifi\u00e9 <a href=\"https:\/\/www.leparisien.fr\/politique\/guerre-en-ukraine-matteo-salvini-numero-2-du-gouvernement-italien-qualifie-emmanuel-macron-de-fou-07-03-2025-RMD6NB64ZVCP7KSQBRKCHGLT5A.php\" target=\"_self\" rel=\"nofollow noopener\">le pr\u00e9sident fran\u00e7ais de \u00ab fou \u00bb<\/a>, l\u2019accusant de pousser l\u2019Europe \u00e0 la guerre avec la Russie. Et en juin 2024, il avait diffus\u00e9 <a href=\"https:\/\/www.leparisien.fr\/politique\/guerre-en-ukraine-litalien-matteo-salvini-publie-un-photo-montage-de-macron-en-tenue-de-combat-04-06-2024-IUYQLWYJXVEKPN3NFQBTFUK5XY.php\" target=\"_self\" rel=\"nofollow noopener\">un photomontage<\/a> du pr\u00e9sident fran\u00e7ais en tenue de combat et arm\u00e9 d\u2019un fusil d\u2019assaut.<\/p>\n<p class=\"paragraph text_align_left lp-f-body-02\">Selon <a href=\"https:\/\/www.lastampa.it\/politica\/2025\/08\/23\/news\/parigi_convoca_ambasciatrice_italiana_da_salvini_commenti_inaccettabili_su_macron-15279946\/?ref=LSHAE-BH-P2-S1-T1\" target=\"_self\" rel=\"nofollow noopener\">La Stampa<\/a>, l\u2019\u00c9lys\u00e9e attendait une r\u00e9action de son alli\u00e9 italien, que la Premi\u00e8re ministre Giorgia Meloni prenne ses distances avec son ministre, et aurait \u00e9t\u00e9 d\u00e9sappoint\u00e9 de ne rien voir venir.<\/p>\n<p class=\"paragraph text_align_left lp-f-body-02\">L\u2019opposition lui a pourtant demand\u00e9 de le faire, affirme sur X, le s\u00e9nateur Enrico Borghi, vice-pr\u00e9sident du parti centriste Italia Viva. \u00ab Nous avons dit que les d\u00e9clarations embarrassantes de Salvini contre Macron jettent une ambigu\u00eft\u00e9 sur le gouvernement et les actions de la Premi\u00e8re ministre. (\u2026) Nous avions conseill\u00e9 \u00e0 Giorgia Meloni de clarifier sa position imm\u00e9diatement, afin de ne pas nuire \u00e0 l\u2019image internationale de notre pays \u00bb. Cette convocation est \u00ab un chapitre embarrassant pour l\u2019Italie \u00bb, juge-t-il encore sur X. \u00ab Car en Europe, on se demandera d\u00e9sormais l\u00e9gitimement : Meloni soutient-elle la rh\u00e9torique pro-Poutine de son adjoint, ou \u00e0 quel jeu joue-t-elle ? \u00bb<\/p>\n<blockquote class=\"twitter-tweet\">\n<p lang=\"it\" dir=\"ltr\">Lo abbiamo detto sin da subito, che le dichiarazioni imbarazzanti di Salvini contro Macron mettevano dentro un alone di ambiguit\u00e0 il governo e l\u2019azione della Presidente del Consiglio, che a Washington e nel Consiglio Europeo siede al fianco del Presidente francese predicando\u2026 <a href=\"https:\/\/t.co\/nQ59ZbL4lx\" rel=\"nofollow\">pic.twitter.com\/nQ59ZbL4lx<\/a><\/p>\n<p>\u2014 Enrico Borghi (@EnricoBorghi1) <a href=\"https:\/\/twitter.com\/EnricoBorghi1\/status\/1959169486558208459?ref_src=twsrc%5Etfw\" rel=\"nofollow noopener\" target=\"_blank\">August 23, 2025<\/a><\/p><\/blockquote>\n<p class=\"paragraph text_align_left lp-f-body-02\">Ne pas recadrer Salvini, c\u2019est, pour <a href=\"https:\/\/www.leparisien.fr\/international\/giorgia-meloni\/\" target=\"_self\" rel=\"nofollow noopener\">Giorgia Meloni<\/a> \u00ab une fa\u00e7on de m\u00e9nager la ch\u00e8vre et le chou \u00bb, juge Ludmila Acone, docteure en histoire \u00e0 l\u2019universit\u00e9 Paris-I, sp\u00e9cialiste de l\u2019Italie, rappelant combien, pendant sa campagne \u00e9lectorale, Meloni a volontiers jou\u00e9 de la \u00ab rivalit\u00e9 politique, \u00e9conomique et culturelle \u00bb transalpine.<\/p>\n<p class=\"paragraph text_align_left lp-f-body-02\">\u00ab Depuis qu\u2019elle a \u00e9t\u00e9 port\u00e9e au pouvoir, en 2022, Giorgia Meloni a dit et fait <a href=\"https:\/\/www.leparisien.fr\/international\/entre-bruxelles-et-washington-elle-va-devoir-trancher-meloni-va-voir-trump-sous-loeil-mefiant-de-leurope-16-04-2025-MD4QW5S44NFQBCWAN4U4DNXDLE.php\" target=\"_self\" rel=\"nofollow noopener\">tout et son contraire<\/a>. Elle a de ce fait beaucoup perdu la confiance des Italiens \u00bb, ajoute l\u2019historienne. Aujourd\u2019hui, la pr\u00e9sidente du Conseil \u00ab marche sur un fil, comme l\u2019Europe enti\u00e8re et le monde d\u2019ailleurs \u00bb car le soutien de l\u2019opinion italienne \u00e0 l\u2019Ukraine \u00ab qui \u00e9tait en 57 % en 2022 n\u2019est plus que de 22-23 % \u00bb. Outre la \u00ab tradition pacifiste de l\u2019Italie \u00bb, et le <a href=\"https:\/\/www.leparisien.fr\/international\/ceux-qui-sement-la-paix-passeront-a-la-posterite-le-pape-leon-xiv-pret-a-accueillir-au-vatican-des-negociations-entre-la-russie-et-lukraine-19-05-2025-K5SQ6MLXRRECVMPWC7XKD4M75U.php\" target=\"_self\" rel=\"nofollow noopener\">poids de l\u2019\u00c9glise catholique<\/a>, qui ne poussent pas \u00e0 soutenir l\u2019envoi de troupes sur le sol ukrainien, la \u00ab terrible crise \u00e9conomique et sociale \u00bb que traverse le pays en raison de sa <a href=\"https:\/\/www.leparisien.fr\/international\/le-gouvernement-meloni-a-ete-tres-prudent-sur-les-comptes-publics-comment-le-cancre-italien-est-devenu-serieux-16-04-2025-PQPWCEZV5JH2TKBDJGDKXXBBMI.php\" target=\"_self\" rel=\"nofollow noopener\">politique d\u2019aust\u00e9rit\u00e9<\/a> expliquerait ce d\u00e9litement. \u00ab Il n\u2019y a plus d\u2019argent pour la sant\u00e9 et les retraites et Giorgia Meloni a accept\u00e9 la demande Trump de porter les d\u00e9penses militaires \u00e0 5 % du budget. C\u2019est forc\u00e9ment mal accueilli \u00bb.<\/p>\n<p><script async src=\"https:\/\/platform.twitter.com\/widgets.js\" charset=\"utf-8\"><\/script><\/p>\n","protected":false},"excerpt":{"rendered":"Anicroche diplomatique. Paris a convoqu\u00e9 l\u2019ambassadrice d\u2019Italie en France, Emanuela D\u2019Alessandro. En cause, des d\u00e9clarations du vice-Premier ministre&hellip;\n","protected":false},"author":2,"featured_media":338545,"comment_status":"","ping_status":"","sticky":false,"template":"","format":"standard","meta":{"footnotes":""},"categories":[1888],"tags":[1111,1928,11,1927,1777,674,1011,27,12,1926,626,1925,316,25],"class_list":{"0":"post-338544","1":"post","2":"type-post","3":"status-publish","4":"format-standard","5":"has-post-thumbnail","7":"category-paris","8":"tag-actu","9":"tag-actu-paris","10":"tag-actualites","11":"tag-actualites-paris","12":"tag-eu","13":"tag-europe","14":"tag-fr","15":"tag-france","16":"tag-news","17":"tag-news-paris","18":"tag-paris","19":"tag-paris-news","20":"tag-politique","21":"tag-republique-francaise"},"share_on_mastodon":{"url":"https:\/\/pubeurope.com\/@fr\/115078237058199988","error":""},"_links":{"self":[{"href":"https:\/\/www.europesays.com\/fr\/wp-json\/wp\/v2\/posts\/338544","targetHints":{"allow":["GET"]}}],"collection":[{"href":"https:\/\/www.europesays.com\/fr\/wp-json\/wp\/v2\/posts"}],"about":[{"href":"https:\/\/www.europesays.com\/fr\/wp-json\/wp\/v2\/types\/post"}],"author":[{"embeddable":true,"href":"https:\/\/www.europesays.com\/fr\/wp-json\/wp\/v2\/users\/2"}],"replies":[{"embeddable":true,"href":"https:\/\/www.europesays.com\/fr\/wp-json\/wp\/v2\/comments?post=338544"}],"version-history":[{"count":0,"href":"https:\/\/www.europesays.com\/fr\/wp-json\/wp\/v2\/posts\/338544\/revisions"}],"wp:featuredmedia":[{"embeddable":true,"href":"https:\/\/www.europesays.com\/fr\/wp-json\/wp\/v2\/media\/338545"}],"wp:attachment":[{"href":"https:\/\/www.europesays.com\/fr\/wp-json\/wp\/v2\/media?parent=338544"}],"wp:term":[{"taxonomy":"category","embeddable":true,"href":"https:\/\/www.europesays.com\/fr\/wp-json\/wp\/v2\/categories?post=338544"},{"taxonomy":"post_tag","embeddable":true,"href":"https:\/\/www.europesays.com\/fr\/wp-json\/wp\/v2\/tags?post=338544"}],"curies":[{"name":"wp","href":"https:\/\/api.w.org\/{rel}","templated":true}]}}