{"id":338582,"date":"2025-08-23T13:29:12","date_gmt":"2025-08-23T13:29:12","guid":{"rendered":"https:\/\/www.europesays.com\/fr\/338582\/"},"modified":"2025-08-23T13:29:12","modified_gmt":"2025-08-23T13:29:12","slug":"voila-pourquoi-dacre-montgomery-sest-fait-discret-apres-son-passage-dans-la-saison-3-de-stranger-things","status":"publish","type":"post","link":"https:\/\/www.europesays.com\/fr\/338582\/","title":{"rendered":"Voil\u00e0 pourquoi Dacre Montgomery s\u2019est fait discret apr\u00e8s son passage dans la saison 3 de \u00ab\u00a0Stranger Things\u00a0\u00bb"},"content":{"rendered":"<p>Dacre Montgomery explique enfin sa discr\u00e9tion radio apr\u00e8s avoir crev\u00e9 l\u2019\u00e9cran dans <a href=\"https:\/\/www.20minutes.fr\/arts-stars\/serie\/4168397-20250818-stranger-things-createurs-serie-quittent-netflix-vers-annulation-spin-off\" target=\"_blank\" class=\"c-link c-link--is-underlined\" rel=\"noopener\">Stranger Things<\/a>. L\u2019interpr\u00e8te de Billy Hargrove, personnage central de la saison 3 diffus\u00e9e en\u00a02019, a r\u00e9cemment r\u00e9v\u00e9l\u00e9 avoir volontairement pris ses distances <a href=\"https:\/\/www.20minutes.fr\/arts-stars\/cinema\/4168403-20250818-gal-gadot-echec-blanche-neige-pression-anti-israel-hollywood\" target=\"_blank\" class=\"c-link c-link--is-underlined\" rel=\"noopener\">avec Hollywood<\/a> pour r\u00e9orienter sa carri\u00e8re vers des projets plus personnels et ambitieux sur le plan artistique.<\/p>\n<p>\u00ab\u00a0Je pense qu\u2019avec Stranger Things &#8211; comme toute grosse s\u00e9rie Netflix &#8211; c\u2019est un peu comme si vous perdiez votre anonymat du jour au lendemain\u00a0\u00bb, a confi\u00e9 Dacre Montgomery dans une interview accord\u00e9e \u00e0 <a href=\"https:\/\/people.com\/dacre-montgomery-reveals-why-he-took-hiatus-after-stranger-things-exclusive-11790230\" rel=\"nofollow noopener\" target=\"_blank\" class=\"c-link c-link--is-underlined\">People<\/a>. \u00ab\u00a0C\u2019\u00e9tait formidable et \u00e9crasant, un m\u00e9lange de beaucoup de choses.\u00a0\u00bb<\/p>\n<p>Mais l\u2019acteur de 30 ans s\u2019\u00e9tait vraiment senti \u00ab\u00a0pouss\u00e9 dans une direction commerciale\u00a0\u00bb apr\u00e8s le succ\u00e8s plan\u00e9taire de la s\u00e9rie, ce qui l\u2019a encourag\u00e9 \u00e0 faire une pause pour r\u00e9fl\u00e9chir \u00e0 l\u2019orientation qu\u2019il souhaitait donner \u00e0 sa carri\u00e8re, et \u00e0 sa vie.<\/p>\n<p>Vers un cin\u00e9ma plus ind\u00e9pendant<\/p>\n<p>Dacre Montgomery assume avoir d\u00fb faire preuve de \u00ab\u00a0r\u00e9tro-ing\u00e9nierie\u00a0\u00bb vis-\u00e0-vis de sa carri\u00e8re pour changer de trajectoire. \u00ab\u00a0J\u2019ai grandi en voulant vraiment travailler avec des r\u00e9alisateurs de films d\u2019auteur et explorer jusqu\u2019o\u00f9 je pouvais me pousser en termes de d\u00e9veloppement de personnage\u00a0\u00bb, a-t-il expliqu\u00e9. \u00ab\u00a0\u00c7a prend du temps d\u2019inverser le sens d\u2019une carri\u00e8re qui va dans une direction diff\u00e9rente.\u00a0\u00bb<\/p>\n<p>Hormis une apparition remarqu\u00e9e dans Elvis de <a href=\"https:\/\/www.20minutes.fr\/arts-stars\/people\/4111071-20240919-baz-luhrmann-apprete-consacrer-film-jeanne-arc\" target=\"_blank\" class=\"c-link c-link--is-underlined\" rel=\"noopener\">Baz Luhrmann<\/a> en\u00a02022, Dacre Montgomery s\u2019est effectivement concentr\u00e9 sur le cin\u00e9ma ind\u00e9pendant. Son nouveau film d\u2019horreur fantastique, Went Up the Hill, lequel attend toujours une date de sortie dans nos contr\u00e9es, incarne parfaitement cette nouvelle voie\u00a0: \u00ab\u00a0C\u2019est exactement ce que je veux faire maintenant.\u00a0\u00bb<\/p>\n","protected":false},"excerpt":{"rendered":"Dacre Montgomery explique enfin sa discr\u00e9tion radio apr\u00e8s avoir crev\u00e9 l\u2019\u00e9cran dans Stranger Things. L\u2019interpr\u00e8te de Billy Hargrove,&hellip;\n","protected":false},"author":2,"featured_media":338583,"comment_status":"","ping_status":"","sticky":false,"template":"","format":"standard","meta":{"footnotes":""},"categories":[1359],"tags":[253,650,58,59,1011,27,2137,127,973,19536,133],"class_list":{"0":"post-338582","1":"post","2":"type-post","3":"status-publish","4":"format-standard","5":"has-post-thumbnail","7":"category-people","8":"tag-acteur","9":"tag-cinema","10":"tag-divertissement","11":"tag-entertainment","12":"tag-fr","13":"tag-france","14":"tag-hollywood","15":"tag-netflix","16":"tag-people","17":"tag-stranger-things","18":"tag-video"},"share_on_mastodon":{"url":"https:\/\/pubeurope.com\/@fr\/115078323406667871","error":""},"_links":{"self":[{"href":"https:\/\/www.europesays.com\/fr\/wp-json\/wp\/v2\/posts\/338582","targetHints":{"allow":["GET"]}}],"collection":[{"href":"https:\/\/www.europesays.com\/fr\/wp-json\/wp\/v2\/posts"}],"about":[{"href":"https:\/\/www.europesays.com\/fr\/wp-json\/wp\/v2\/types\/post"}],"author":[{"embeddable":true,"href":"https:\/\/www.europesays.com\/fr\/wp-json\/wp\/v2\/users\/2"}],"replies":[{"embeddable":true,"href":"https:\/\/www.europesays.com\/fr\/wp-json\/wp\/v2\/comments?post=338582"}],"version-history":[{"count":0,"href":"https:\/\/www.europesays.com\/fr\/wp-json\/wp\/v2\/posts\/338582\/revisions"}],"wp:featuredmedia":[{"embeddable":true,"href":"https:\/\/www.europesays.com\/fr\/wp-json\/wp\/v2\/media\/338583"}],"wp:attachment":[{"href":"https:\/\/www.europesays.com\/fr\/wp-json\/wp\/v2\/media?parent=338582"}],"wp:term":[{"taxonomy":"category","embeddable":true,"href":"https:\/\/www.europesays.com\/fr\/wp-json\/wp\/v2\/categories?post=338582"},{"taxonomy":"post_tag","embeddable":true,"href":"https:\/\/www.europesays.com\/fr\/wp-json\/wp\/v2\/tags?post=338582"}],"curies":[{"name":"wp","href":"https:\/\/api.w.org\/{rel}","templated":true}]}}