{"id":338584,"date":"2025-08-23T13:31:13","date_gmt":"2025-08-23T13:31:13","guid":{"rendered":"https:\/\/www.europesays.com\/fr\/338584\/"},"modified":"2025-08-23T13:31:13","modified_gmt":"2025-08-23T13:31:13","slug":"pas-de-litterature-de-sebastien-rutes","status":"publish","type":"post","link":"https:\/\/www.europesays.com\/fr\/338584\/","title":{"rendered":"Pas de litt\u00e9rature !, de S\u00e9bastien Rut\u00e9s"},"content":{"rendered":"<p>            Par<br \/>\n        <strong><br \/>\n            <a href=\"https:\/\/actu.fr\/auteur\/journaliste-oh\" title=\"Consulter tous les articles de R\u00e9daction Alen\u00e7on\" rel=\"nofollow noopener\" target=\"_blank\">R\u00e9daction Alen\u00e7on<\/a><br \/>\n        <\/strong><\/p>\n<p>        Publi\u00e9 le<\/p>\n<p>            23 ao\u00fbt 2025 \u00e0 15h00        <\/p>\n<p>Cet \u00e9t\u00e9, les employ\u00e9s de la librairie Le Passage d\u2019Alen\u00e7on partagent leurs lectures coups de c\u0153ur.<\/p>\n<p class=\" wall-content\">Pour cette septi\u00e8me proposition estivale, Joanne pr\u00e9sente <b>Pas de litt\u00e9rature ! <\/b>de S\u00e9bastien Rut\u00e9s, aux \u00e9ditions 10\/18.<\/p>\n<p>Aventure rocambolesque<\/p>\n<p class=\" wall-content\">Paris, avril\u00a01950. <b>Traducteur <\/b>pour les <b>romans policiers <\/b>de la collection S\u00e9rie Noire, Gr\u00e9goire Centon parle en r\u00e9alit\u00e9 tr\u00e8s mal l\u2019anglais. C\u2019est donc <b>sa femme qui l\u2019aide <\/b>en secret et lui se contente de r\u00e9\u00e9crire les textes en argot approximatif. D\u00e9sireux de devenir lui-m\u00eame un \u00e9crivain de polars, il tra\u00eene ses gu\u00eatres le long du macadam et passe son temps dans les troquets \u00e0 la recherche de l\u2019inspiration.<\/p>\n<p class=\" wall-content\">Un soir d\u2019investigation litt\u00e9raire avin\u00e9e au Lapin Blanc, l\u2019un de ces bars pr\u00e9f\u00e9r\u00e9s, Gr\u00e9goire, pourtant atteint d\u2019un anti-am\u00e9ricanisme \u00e0 toute \u00e9preuve, rencontre un dr\u00f4le de Ricain\u2026 Celui-ci va l\u2019entra\u00eener dans une <b>aventure rocambolesque<\/b> et p\u00e9rilleuse o\u00f9 se croisent voyous et policiers corrompus, michetons et d\u00e9tectives priv\u00e9s, agents de la CIA et mafieux patent\u00e9s, truands lettr\u00e9s et faux manuscrits\u2026 Et tout \u00e7a sur fond de <b>guerre culturelle est-ouest<\/b>.<\/p>\n<p class=\" wall-content\">Dans ce dr\u00f4le de livre, S\u00e9bastien Rut\u00e9s joue avec les <b>codes litt\u00e9raires<\/b> et nous parle de Villon, de Vidocq, de Chandler, d\u2019Hammett ou de Huysmans, nous fait rencontrer Marcel Duhamel dans les bureaux de Gallimard, nous propose de boire un verre aux c\u00f4t\u00e9s de Boris Vian dans un bistrot malfam\u00e9 en \u00e9coutant Dizzy Gillespie et sa trompette.<\/p>\n<p>Vid\u00e9os : en ce moment sur Actu<\/p>\n<p class=\" wall-content\">Entre <b>argot<\/b>, <b>violence <\/b>et <b>humour<\/b>, entre \u00e9rudition et gouaille \u00e0 la Audiard, S\u00e9bastien Rut\u00e9s dresse le portrait de cette \u00e9poque troubl\u00e9e du mitan du XXe\u00a0si\u00e8cle et rend ici un v\u00e9ritable hommage aux romans noirs. Un livre jubilatoire !<\/p>\n<p>Votre r\u00e9gion, votre actu !<\/p>\n<p>Recevez chaque jour les infos qui comptent pour vous.<\/p>\n<p>\t<a href=\"https:\/\/actu.fr\/newsletter\" class=\"ac-btn ac-btn--corner ac-btn--medium ac-btn--blue800\" rel=\"nofollow noopener\" target=\"_blank\">S&rsquo;incrire<\/a><\/p>\n<p>Pas de litt\u00e9rature ! de S\u00e9bastien Rut\u00e9s, \u00e9ditions 10\/18, 8,60\u00a0\u20ac.<\/p>\n<p class=\" wall-content\">Personnalisez votre actualit\u00e9 en ajoutant vos villes et m\u00e9dias en favori avec <a href=\"https:\/\/moncompte.actu.fr\" title=\"D\u00e9couvez Mon Actu\" rel=\"nofollow noopener\" data-trk=\"{&quot;cta&quot;:{&quot;action&quot;:&quot;https:\\\/\\\/moncompte.actu.fr&quot;,&quot;category&quot;:&quot;mon compte&quot;,&quot;from&quot;:&quot;article footer&quot;,&quot;name&quot;:&quot;Mon actu&quot;,&quot;type&quot;:&quot;cta&quot;}}\" target=\"_blank\">Mon Actu<\/a>.<\/p>\n","protected":false},"excerpt":{"rendered":"Par R\u00e9daction Alen\u00e7on Publi\u00e9 le 23 ao\u00fbt 2025 \u00e0 15h00 Cet \u00e9t\u00e9, les employ\u00e9s de la librairie Le&hellip;\n","protected":false},"author":2,"featured_media":338585,"comment_status":"","ping_status":"","sticky":false,"template":"","format":"standard","meta":{"footnotes":""},"categories":[1357],"tags":[1379,58,59,1011,27,1380,104],"class_list":{"0":"post-338584","1":"post","2":"type-post","3":"status-publish","4":"format-standard","5":"has-post-thumbnail","7":"category-livres","8":"tag-books","9":"tag-divertissement","10":"tag-entertainment","11":"tag-fr","12":"tag-france","13":"tag-livres","14":"tag-societe"},"share_on_mastodon":{"url":"https:\/\/pubeurope.com\/@fr\/115078331420871388","error":""},"_links":{"self":[{"href":"https:\/\/www.europesays.com\/fr\/wp-json\/wp\/v2\/posts\/338584","targetHints":{"allow":["GET"]}}],"collection":[{"href":"https:\/\/www.europesays.com\/fr\/wp-json\/wp\/v2\/posts"}],"about":[{"href":"https:\/\/www.europesays.com\/fr\/wp-json\/wp\/v2\/types\/post"}],"author":[{"embeddable":true,"href":"https:\/\/www.europesays.com\/fr\/wp-json\/wp\/v2\/users\/2"}],"replies":[{"embeddable":true,"href":"https:\/\/www.europesays.com\/fr\/wp-json\/wp\/v2\/comments?post=338584"}],"version-history":[{"count":0,"href":"https:\/\/www.europesays.com\/fr\/wp-json\/wp\/v2\/posts\/338584\/revisions"}],"wp:featuredmedia":[{"embeddable":true,"href":"https:\/\/www.europesays.com\/fr\/wp-json\/wp\/v2\/media\/338585"}],"wp:attachment":[{"href":"https:\/\/www.europesays.com\/fr\/wp-json\/wp\/v2\/media?parent=338584"}],"wp:term":[{"taxonomy":"category","embeddable":true,"href":"https:\/\/www.europesays.com\/fr\/wp-json\/wp\/v2\/categories?post=338584"},{"taxonomy":"post_tag","embeddable":true,"href":"https:\/\/www.europesays.com\/fr\/wp-json\/wp\/v2\/tags?post=338584"}],"curies":[{"name":"wp","href":"https:\/\/api.w.org\/{rel}","templated":true}]}}