{"id":338597,"date":"2025-08-23T13:38:19","date_gmt":"2025-08-23T13:38:19","guid":{"rendered":"https:\/\/www.europesays.com\/fr\/338597\/"},"modified":"2025-08-23T13:38:19","modified_gmt":"2025-08-23T13:38:19","slug":"jai-teste-son-sav-voici-mon-avis","status":"publish","type":"post","link":"https:\/\/www.europesays.com\/fr\/338597\/","title":{"rendered":"j\u2019ai test\u00e9 son SAV, voici mon avis"},"content":{"rendered":"<p>Apr\u00e8s un peu plus d\u2019un an d\u2019utilisation du v\u00e9lo \u00e9lectrique Lidl Crivit X.2, celui-ci m\u2019a tout bonnement l\u00e2ch\u00e9 du jour au lendemain. \u00c0 peine allum\u00e9 qu\u2019il s\u2019\u00e9teignait instantan\u00e9ment. Le cycle \u00e9tant encore sous garantie, je me suis donc pr\u00eat\u00e9 au jeu du SAV. Voici mon retour d\u2019exp\u00e9rience.<\/p>\n<p><a href=\"https:\/\/images.frandroid.com\/wp-content\/uploads\/2024\/05\/lidl-crivit-urban-e-bikex-32-scaled.jpg\" target=\"_blank\" class=\"article-content__figure\" rel=\"nofollow noopener\"><img fetchpriority=\"high\" decoding=\"async\" loading=\"eager\" width=\"1200\" height=\"800\" src=\"https:\/\/www.europesays.com\/fr\/wp-content\/uploads\/2025\/08\/lidl-crivit-urban-e-bikex-32-scaled.jpg\" alt=\"Lidl Crivit Urban E-Bike\u00a0X\" class=\"wp-image-2013054 wp-image wp-image\"  \/><\/a>Source : Chlo\u00e9 Pertuis \u2013 Frandroid<\/p>\n<p>En mai 2024, Frandroid publiait un <a href=\"https:\/\/www.frandroid.com\/marques\/lidl\/2009662_on-a-teste-le-nouveau-velo-electrique-de-lidl-un-grand-velo-mais-un-grand-probleme\" rel=\"nofollow noopener\" target=\"_blank\">test complet du v\u00e9lo \u00e9lectrique Lidl Crivit X.2<\/a>, vendu \u00e0 l\u2019\u00e9poque 1699 euros par l\u2019enseigne discount. Nous lui avions attribu\u00e9 la note de 7\/10. Depuis, ce mod\u00e8le est devenu mon \u00ab daily bike \u00bb. Autrement dit, mon VAE du quotidien que j\u2019ai utilis\u00e9 pendant environ 1 an de mani\u00e8re tr\u00e8s r\u00e9guli\u00e8re \u2013 parfois tous les jours -, sur plusieurs centaines de kilom\u00e8tres. <\/p>\n<p>Probl\u00e8me : courant juin, le Crivit X.2 m\u2019a claqu\u00e9 entre les doigts. Malgr\u00e9 une batterie pleine et aucune d\u00e9charge profonde, le cycle s\u2019\u00e9teignait d\u00e8s que je l\u2019allumais. Garanti pendant 2 ans, ce VAE \u00e9tait donc largement \u00e9ligible \u00e0 un remplacement, que ce soit le v\u00e9lo en entier ou certaines de ses pi\u00e8ces jug\u00e9es d\u00e9fectueuses.<\/p>\n<p>Avant de faire appel au SAV de Lidl, je me suis lanc\u00e9 dans une petite s\u00e9rie d\u2019appels aupr\u00e8s de v\u00e9locistes parisiens r\u00e9put\u00e9s. L\u2019objectif \u00e9tait de constater si oui, ou non, les mod\u00e8les Lidl sont g\u00e9n\u00e9ralement pris en charge par les sp\u00e9cialistes du secteur.<\/p>\n<p><a href=\"https:\/\/images.frandroid.com\/wp-content\/uploads\/2024\/05\/lidl-crivit-urban-e-bikex-2-scaled.jpg\" target=\"_blank\" class=\"article-content__figure\" rel=\"nofollow noopener\"><img loading=\"lazy\" decoding=\"async\" width=\"1200\" height=\"800\" src=\"https:\/\/www.europesays.com\/fr\/wp-content\/uploads\/2025\/08\/lidl-crivit-urban-e-bikex-2-1200x800.jpg\" alt=\"Lidl Crivit Urban E-Bike\u00a0X\" class=\"wp-image-2013004 wp-image\"  \/><\/a>Source : Chlo\u00e9 Pertuis \u2013 Frandroid<\/p>\n<p>Pour la boutique Pastel de Turbigo par exemple, la r\u00e9paration \u00e9tait possible en cas de p\u00e9pins m\u00e9caniques. Sur la partie \u00e9lectronique et plus sp\u00e9cifiquement au niveau de la batterie, l\u2019enseigne ne pouvait rien y faire. Elle m\u2019a en revanche gentiment redirig\u00e9 vers WattRide, sp\u00e9cialiste des batteries.<\/p>\n<p>Contact\u00e9 d\u00e9but ao\u00fbt, WattRide n\u2019avait aucune disponibilit\u00e9 avant septembre. L\u2019enseigne proc\u00e8de sinon \u00e0 un diagnostic pour ouvrir la batterie et l\u2019analyser : fonctionnement de l\u2019\u00e9lectronique, corrosion, infiltration d\u2019eau, fusibles ab\u00eem\u00e9s, voici les quelques v\u00e9rifications \u00e9num\u00e9r\u00e9es au t\u00e9l\u00e9phone. \u00c0 noter que nous nous sommes fait passer pour un client ordinaire, et non comme un journaliste.<\/p>\n<p>Le co\u00fbt d\u2019une r\u00e9paration peut vite grimper<\/p>\n<p>Chez WattRide, la r\u00e9paration d\u2019une batterie co\u00fbte entre 125 et 200 euros, nous a-t-on pr\u00e9cis\u00e9. Si l\u2019accumulateur est compl\u00e8tement hors service, le co\u00fbt grimpe. Et si l\u2019int\u00e9gralit\u00e9 de l\u2019\u00e9lectronique doit \u00eatre remplac\u00e9e, WattRide facture environ 500 euros. Autrement dit, la garantie peut vous faire \u00e9conomiser de belles sommes d\u2019argent.<\/p>\n<p><a href=\"https:\/\/images.frandroid.com\/wp-content\/uploads\/2024\/05\/lidl-crivit-urban-e-bikex-17-scaled.jpg\" target=\"_blank\" class=\"article-content__figure\" rel=\"nofollow noopener\"><img loading=\"lazy\" decoding=\"async\" width=\"1200\" height=\"800\" src=\"https:\/\/www.europesays.com\/fr\/wp-content\/uploads\/2025\/08\/lidl-crivit-urban-e-bikex-17-1200x800.jpg\" alt=\"Lidl Crivit Urban E-Bike\u00a0X\" class=\"wp-image-2012952 wp-image\"  \/><\/a>Source : Chlo\u00e9 Pertuis \u2013 Frandroid<\/p>\n<p>Nous avons \u00e9galement joint la boutique En Selle Marcel de Montorgueil, qui proc\u00e8de uniquement \u00e0 de la maintenance sur les mod\u00e8les qu\u2019elle distribue. Notre interlocuteur nous a tout m\u00eame prodigu\u00e9 quelques conseils de v\u00e9rification, avant de nous inviter \u00e0 contacter Lidl directement.<\/p>\n<p>SAV Lidl : plusieurs \u00e9tapes<\/p>\n<p>Sur son site, Lidl dispose d\u2019une page support d\u00e9di\u00e9e. Dessus, toute une s\u00e9rie d\u2019informations vous est demand\u00e9e :<\/p>\n<ul class=\"wp-block-list\">\n<li>Nature de la demande ;<\/li>\n<li>Sujet ;<\/li>\n<li>Un message qui d\u00e9crit votre probl\u00e8me ;<\/li>\n<li>Possibilit\u00e9 de joindre un fichier (la facture, par exemple) ;<\/li>\n<li>D\u00e9tails de l\u2019article (num\u00e9ro d\u2019article, num\u00e9ro de commande) ;<\/li>\n<li>Coordonn\u00e9es.<\/li>\n<\/ul>\n<p>\t\t\t\t\t\t<a href=\"https:\/\/images.frandroid.com\/wp-content\/uploads\/2025\/08\/capture-decran-2025-08-07-a-152936-scaled.jpg\" itemprop=\"url\" rel=\"nofollow noopener\" target=\"_blank\"><\/p>\n<p>\t\t\t\t\t\t\t<img decoding=\"async\" class=\"wp-image\" src=\"https:\/\/www.europesays.com\/fr\/wp-content\/uploads\/2025\/08\/capture-decran-2025-08-07-a-152936-scaled.jpg\"  width=\"464\" height=\"258\" loading=\"lazy\" data-original-width=\"464\" data-original-height=\"258\" itemprop=\"http:\/\/schema.org\/image\" title=\"SAV Lidl\" alt=\"SAV Lidl\" style=\"width: 464px; height: 258px;\"\/><br \/>\n\t\t\t\t\t\t<\/a><\/p>\n<p>\n\t\t\t\t\t\t\t\tSource : Capture d\u2019\u00e9cran Frandroid\t\t\t\t\t\t\t<\/p>\n<p>\t\t\t\t\t\t<a href=\"https:\/\/images.frandroid.com\/wp-content\/uploads\/2025\/08\/capture-decran-2025-08-07-a-152947-scaled.jpg\" itemprop=\"url\" rel=\"nofollow noopener\" target=\"_blank\"><\/p>\n<p>\t\t\t\t\t\t\t<img decoding=\"async\" class=\"wp-image\" src=\"https:\/\/www.europesays.com\/fr\/wp-content\/uploads\/2025\/08\/capture-decran-2025-08-07-a-152947-scaled.jpg\"  width=\"456\" height=\"258\" loading=\"lazy\" data-original-width=\"456\" data-original-height=\"258\" itemprop=\"http:\/\/schema.org\/image\" title=\"SAV Lidl\" alt=\"SAV Lidl\" style=\"width: 456px; height: 258px;\"\/><br \/>\n\t\t\t\t\t\t<\/a><\/p>\n<p>\n\t\t\t\t\t\t\t\tSource : Capture d\u2019\u00e9cran Frandroid\t\t\t\t\t\t\t<\/p>\n<p>\t\t\t\t\t\t<a href=\"https:\/\/images.frandroid.com\/wp-content\/uploads\/2025\/08\/capture-decran-2025-08-07-a-153002-scaled.jpg\" itemprop=\"url\" rel=\"nofollow noopener\" target=\"_blank\"><\/p>\n<p>\t\t\t\t\t\t\t<img decoding=\"async\" class=\"wp-image\" src=\"https:\/\/www.europesays.com\/fr\/wp-content\/uploads\/2025\/08\/capture-decran-2025-08-07-a-153002-scaled.jpg\"  width=\"924\" height=\"515\" loading=\"lazy\" data-original-width=\"924\" data-original-height=\"515\" itemprop=\"http:\/\/schema.org\/image\" title=\"SAV Lidl\" alt=\"SAV Lidl\" style=\"width: 924px; height: 515px;\"\/><br \/>\n\t\t\t\t\t\t<\/a><\/p>\n<p>\n\t\t\t\t\t\t\t\tSource : Capture d\u2019\u00e9cran Frandroid\t\t\t\t\t\t\t<\/p>\n<p>Une fois ce formulaire envoy\u00e9, un accus\u00e9 de r\u00e9ception atterrit dans votre boite mail. Le lendemain, un nouveau message envoy\u00e9 par l\u2019adresse contact.ecommerce@lidl.fr me demande les informations suivantes : nom et pr\u00e9nom rattach\u00e9s au compte client et adresse e-mail utilis\u00e9e lors de la commande. Avec, le traitement du dossier se poursuivra.<\/p>\n<p>Le lendemain, un nouveau mail \u00e9crit par la m\u00eame adresse me confirme la transmission de mon dossier au service apr\u00e8s-vente concern\u00e9 \u2013 un mail au passage sign\u00e9 par une autre personne que le mail pr\u00e9c\u00e9dent. Jusque-l\u00e0, rien de bien compliqu\u00e9.<\/p>\n<p>Quand l\u2019Allemagne prend le relais<\/p>\n<p>La suite de la proc\u00e9dure semble plus concr\u00e8te. Les interlocuteurs avec qui j\u2019ai pu \u00e9changer semblent \u00eatre originaires d\u2019Allemagne, eu \u00e9gard \u00e0 la signature de leur mail et l\u2019adresse du si\u00e8ge indiqu\u00e9e. Un premier mail me r\u00e9clame une autre salve d\u2019\u00e9l\u00e9ments :<\/p>\n<ul class=\"wp-block-list\">\n<li>D\u00e9tails de l\u2019article (num\u00e9ro de mod\u00e8le\/taille\/couleur) ;<\/li>\n<li>Date d\u2019achat ;<\/li>\n<li>Un entretien a-t-il \u00e9t\u00e9 effectu\u00e9 ? Si oui, lequel ? ;<\/li>\n<li>Num\u00e9ro de s\u00e9rie du v\u00e9lo (estampill\u00e9 pr\u00e8s du bo\u00eetier de p\u00e9dalier ou au-dessus du capot moteur) ;<\/li>\n<li>Une courte vid\u00e9o (10 Mo maximum) illustrant l\u2019erreur.<\/li>\n<\/ul>\n<p>Ensuite, un nouveau mail \u2013 sign\u00e9, encore une fois, par une \u00e9ni\u00e8me personne \u2013 souhaite conna\u00eetre le num\u00e9ro de s\u00e9rie de la batterie. Et c\u2019est l\u00e0 que la proc\u00e9dure prend (presque) fin : dans la foul\u00e9e, Lidl m\u2019indique qu\u2019une nouvelle batterie me sera envoy\u00e9e, sans plus de pr\u00e9cision.<\/p>\n<p><a href=\"https:\/\/images.frandroid.com\/wp-content\/uploads\/2024\/05\/lidl-crivit-urban-e-bikex-33-scaled.jpg\" target=\"_blank\" class=\"article-content__figure\" rel=\"nofollow noopener\"><img loading=\"lazy\" decoding=\"async\" width=\"1200\" height=\"800\" src=\"https:\/\/www.europesays.com\/fr\/wp-content\/uploads\/2025\/08\/lidl-crivit-urban-e-bikex-33-1200x800.jpg\" alt=\"Lidl Crivit Urban E-Bike\u00a0X\" class=\"wp-image-2013038 wp-image\"  \/><\/a>Source : Chlo\u00e9 Pertuis \u2013 Frandroid<\/p>\n<p>J\u2019ai n\u00e9anmoins tent\u00e9 de creuser le sujet en posant ces 3 questions suivantes :<\/p>\n<ul class=\"wp-block-list\">\n<li>Connaissez-vous la date de livraison de la batterie ?<\/li>\n<li>Quelle est l\u2019anomalie rep\u00e9r\u00e9e par vos techniciens ? Selon l\u2019anomalie, il y a peut-\u00eatre des pr\u00e9cautions plus sp\u00e9cifiques \u00e0 prendre avec la nouvelle batterie ?<\/li>\n<li>La nouvelle batterie envoy\u00e9e est-elle bien de nouveau garantie 2 ans, \u00e0 partir de la date d\u2019envoi ?<\/li>\n<\/ul>\n<p>En vain. Lidl a au d\u00e9part noy\u00e9 le poisson malgr\u00e9 mes relances. En lieu et place, la marque m\u2019a fourni toute une fourn\u00e9e de conseils pour bien entretenir et stocker une batterie dans un fran\u00e7ais approximatif. Pourquoi pas, \u00e7a peut toujours servir.<\/p>\n<p>J\u2019ai ensuite particuli\u00e8rement insist\u00e9 sur la question de la garantie. L\u00e0, une r\u00e9ponse \u00e9crite en fran\u00e7aise \u2013 mais dont la traduction reste tr\u00e8s bancale \u2013 m\u2019a \u00e9t\u00e9 transmise : \u00ab Bonjour Monsieur Huvelin, la garantie d\u2019achat de Lidl existe et court \u00bb. C\u2019est tout.<\/p>\n<p>Faut-il comprendre que la garantie de la batterie reprend \u00e0 z\u00e9ro \u00e0 partir de sa date d\u2019envoi ? Ou qu\u2019elle reste simplement d\u2019actualit\u00e9 jusqu\u2019\u00e0 la date de garantie initiale inh\u00e9rente \u00e0 la premi\u00e8re batterie ? Nous n\u2019en avons malheureusement aucune id\u00e9e, malgr\u00e9 une demande d\u2019explication plus claire envoy\u00e9e de notre part. <\/p>\n<p>Un SAV correct, mais un manque de transparence<\/p>\n<p>Que retenir de cette exp\u00e9rience ? Qu\u2019elle n\u2019a rien de traumatisante, et qu\u2019elle est m\u00eame relativement efficace. Elle se r\u00e9sume \u00e0 un \u00e9change de mails classique \u2013 10 au total avec mes relances -, \u00e9tal\u00e9e sur environ 2 semaines si vous \u00eates r\u00e9actif et efficace.<\/p>\n<p>\u00c0 noter : pour l\u2019envoi de la batterie, c\u2019est UPS qui prend le relais. Entre le moment o\u00f9 Lidl m\u2019a annonc\u00e9 qu\u2019une batterie m\u2019allait \u00eatre envoy\u00e9e et le jour o\u00f9 la livraison a eu lieu, 11 jours se sont \u00e9coul\u00e9s. Bonne nouvelle : l\u2019accumulateur tout neuf a remis mon v\u00e9lo sur pied.<\/p>\n<p>Reste que le manque de transparence sur la nature de la panne et la garantie nous font rester sur notre faim. Et en m\u00eame temps, sans diagnostic physique r\u00e9alis\u00e9 par Lidl, on se demande m\u00eame si l\u2019enseigne conna\u00eet v\u00e9ritablement l\u2019origine du p\u00e9pin technique. Disons qu\u2019en pratique, le principe de garantie est respect\u00e9, mais au fond, personne ne vous explique pourquoi votre v\u00e9lo a l\u00e2ch\u00e9 au bout d\u2019un an. <\/p>\n","protected":false},"excerpt":{"rendered":"Apr\u00e8s un peu plus d\u2019un an d\u2019utilisation du v\u00e9lo \u00e9lectrique Lidl Crivit X.2, celui-ci m\u2019a tout bonnement l\u00e2ch\u00e9&hellip;\n","protected":false},"author":2,"featured_media":338598,"comment_status":"","ping_status":"","sticky":false,"template":"","format":"standard","meta":{"footnotes":""},"categories":[7],"tags":[1011,27,43,40,41,39,42,44],"class_list":{"0":"post-338597","1":"post","2":"type-post","3":"status-publish","4":"format-standard","5":"has-post-thumbnail","7":"category-sciences-et-technologies","8":"tag-fr","9":"tag-france","10":"tag-science","11":"tag-science-and-technology","12":"tag-sciences","13":"tag-sciences-et-technologies","14":"tag-technologies","15":"tag-technology"},"share_on_mastodon":{"url":"https:\/\/pubeurope.com\/@fr\/115078359118759302","error":""},"_links":{"self":[{"href":"https:\/\/www.europesays.com\/fr\/wp-json\/wp\/v2\/posts\/338597","targetHints":{"allow":["GET"]}}],"collection":[{"href":"https:\/\/www.europesays.com\/fr\/wp-json\/wp\/v2\/posts"}],"about":[{"href":"https:\/\/www.europesays.com\/fr\/wp-json\/wp\/v2\/types\/post"}],"author":[{"embeddable":true,"href":"https:\/\/www.europesays.com\/fr\/wp-json\/wp\/v2\/users\/2"}],"replies":[{"embeddable":true,"href":"https:\/\/www.europesays.com\/fr\/wp-json\/wp\/v2\/comments?post=338597"}],"version-history":[{"count":0,"href":"https:\/\/www.europesays.com\/fr\/wp-json\/wp\/v2\/posts\/338597\/revisions"}],"wp:featuredmedia":[{"embeddable":true,"href":"https:\/\/www.europesays.com\/fr\/wp-json\/wp\/v2\/media\/338598"}],"wp:attachment":[{"href":"https:\/\/www.europesays.com\/fr\/wp-json\/wp\/v2\/media?parent=338597"}],"wp:term":[{"taxonomy":"category","embeddable":true,"href":"https:\/\/www.europesays.com\/fr\/wp-json\/wp\/v2\/categories?post=338597"},{"taxonomy":"post_tag","embeddable":true,"href":"https:\/\/www.europesays.com\/fr\/wp-json\/wp\/v2\/tags?post=338597"}],"curies":[{"name":"wp","href":"https:\/\/api.w.org\/{rel}","templated":true}]}}