{"id":338599,"date":"2025-08-23T13:39:10","date_gmt":"2025-08-23T13:39:10","guid":{"rendered":"https:\/\/www.europesays.com\/fr\/338599\/"},"modified":"2025-08-23T13:39:10","modified_gmt":"2025-08-23T13:39:10","slug":"en-tant-que-medecin-je-remarque-que-lia-est-deja-quatre-fois-meilleure-que-moi","status":"publish","type":"post","link":"https:\/\/www.europesays.com\/fr\/338599\/","title":{"rendered":"\u00abEn tant que m\u00e9decin, je remarque que l\u2019IA est d\u00e9j\u00e0 quatre fois meilleure que moi\u00bb"},"content":{"rendered":"<p><strong>RENCONTRE<\/strong> &#8211; \u00ab Sans mobilisation g\u00e9n\u00e9rale, nous allons nous prendre un tsunami\u00a0!\u00a0\u00bb Le c\u00e9l\u00e8bre chirurgien reconverti dans la sant\u00e9 num\u00e9rique et les technologies novatrices ne cesse d\u2019alerter les Fran\u00e7ais sur les bouleversements soci\u00e9taux profonds que l\u2019intelligence artificielle s\u2019appr\u00eate \u00e0 produire.<\/p>\n<p class=\"fig-paragraph\">\u00ab La moiti\u00e9 des cols blancs am\u00e9ricains perdront leur travail dans les prochaines ann\u00e9es, lance\u00a0<a href=\"https:\/\/www.lefigaro.fr\/vox\/societe\/laurent-alexandre-et-olivier-babeau-chatgpt-la-pravda-2-0-20230224\" data-fig-type=\"Article\" data-gtm-custom-categorie=\"navigation\" data-gtm-custom-action=\"crossclick\" data-gtm-custom-label=\"Contextuel\" data-gtm-event=\"customEventSPE\" data-fig-domain=\"LEFIGARO\" target=\"_blank\" rel=\"noopener\">Laurent Alexandre<\/a>. Ce n\u2019est pas moi qui le dis. Je ne fais que r\u00e9p\u00e9ter les propos de Jim Farley, le PDG du groupe Ford, qui s\u2019est exprim\u00e9 en juin \u00e0 propos de la mutation in\u00e9luctable engendr\u00e9e par les moteurs d\u2019<a href=\"http:\/\/www.lefigaro.fr\/secteur\/high-tech\/gpt-5-l-arme-d-openai-pour-rester-leader-de-la-course-a-l-intelligence-artificielle-20250807\" data-fig-type=\"NewsFlash\" data-gtm-custom-categorie=\"navigation\" data-gtm-custom-action=\"crossclick\" data-gtm-custom-label=\"Contextuel\" data-gtm-event=\"customEventSPE\" data-fig-domain=\"LEFIGARO\" target=\"_blank\" rel=\"noopener\">intelligence artificielle<\/a> .\u00a0\u00bb En clair, les cadres, les ing\u00e9nieurs, les enseignants, les m\u00e9decins, les avocats et la plupart des personnes exploitant leurs comp\u00e9tences intellectuelles pour exercer leur profession vont \u00eatre remplac\u00e9es par des machines plus rapides, plus agiles et plus savantes.<\/p>\n<p class=\"fig-paragraph\">T\u00e9moin infatigable des bouleversements induits par la technologie, le Fran\u00e7ais Laurent Alexandre aime \u00e0 citer cet exemple inqui\u00e9tant, transposable chez nous et valable selon lui \u00e0 l\u2019horizon trois ou cinq ans, pour attirer l\u2019attention du public fran\u00e7ais, notamment des d\u00e9cideurs, et les inciter \u00e0 prendre des mesures avant qu\u2019il ne soit trop tard. Certains le prennent pour un fou. D\u2019autres louent\u2026<\/p>\n<p class=\"fig-premium-paywall__infos\">\n        Cet article est r\u00e9serv\u00e9 aux abonn\u00e9s.        Il vous reste 92% \u00e0 d\u00e9couvrir.\n    <\/p>\n<p>                <img  data- alt=\"Le Figaro\" class=\"fig-img--complete fig-img\"\/><\/p>\n<p class=\"fig-premium-paywall__title\">Vente Flash<\/p>\n<p class=\"fig-premium-paywall__subtitle\">4,99\u20ac par mois pendant 12 mois. Sans engagement<\/p>\n<p class=\"fig-premium-paywall__connect\">\n                D\u00e9j\u00e0 abonn\u00e9\u00a0?                <a class=\"fig-premium-paywall__connect-link\" href=\"https:\/\/connect.lefigaro.fr\/login?client=horizon_web&amp;type=main&amp;redirect_uri=https%3A%2F%2Fwww.lefigaro.fr%2Fsecteur%2Fhigh-tech%2Flaurent-alexandre-en-tant-que-medecin-je-remarque-que-l-ia-est-deja-quatre-fois-meilleure-que-moi-20250823\" data-js-gtm=\"{&quot;customCategorie&quot;: &quot;conversion&quot;, &quot;customAction&quot;: &quot;before_Landing_Connexion_paywall_auto&quot;, &quot;customLabel&quot;: &quot;bGVmaWdhcm8uZnJfXzFmMDdkYWFjLTE0MDEtNjc0YS04OTg5LTUzYTU4MTc0OGNhNF9fQXJ0aWNsZQ==_Laurent Alexandre\u00a0: \u00abEn tant que m\u00e9decin, je remarque que l\u2019IA est d\u00e9j\u00e0 quatre fois meilleure que moi\u00bb_396&quot;, &quot;customIDSPE&quot;: &quot;bGVmaWdhcm8uZnJfXzFmMDdkYWFjLTE0MDEtNjc0YS04OTg5LTUzYTU4MTc0OGNhNF9fQXJ0aWNsZQ==&quot;, &quot;event&quot;: &quot;customEventSPE&quot;}\" target=\"_blank\" rel=\"noopener\"><br \/>\n                    Connectez-vous<br \/>\n                <\/a>\n            <\/p>\n","protected":false},"excerpt":{"rendered":"RENCONTRE &#8211; \u00ab Sans mobilisation g\u00e9n\u00e9rale, nous allons nous prendre un tsunami\u00a0!\u00a0\u00bb Le c\u00e9l\u00e8bre chirurgien reconverti dans la&hellip;\n","protected":false},"author":2,"featured_media":338600,"comment_status":"","ping_status":"","sticky":false,"template":"","format":"standard","meta":{"footnotes":""},"categories":[6],"tags":[35,33,34,1011,27,223],"class_list":{"0":"post-338599","1":"post","2":"type-post","3":"status-publish","4":"format-standard","5":"has-post-thumbnail","7":"category-economie","8":"tag-business","9":"tag-economie","10":"tag-economy","11":"tag-fr","12":"tag-france","13":"tag-intelligence-artificielle"},"share_on_mastodon":{"url":"https:\/\/pubeurope.com\/@fr\/115078362918464183","error":""},"_links":{"self":[{"href":"https:\/\/www.europesays.com\/fr\/wp-json\/wp\/v2\/posts\/338599","targetHints":{"allow":["GET"]}}],"collection":[{"href":"https:\/\/www.europesays.com\/fr\/wp-json\/wp\/v2\/posts"}],"about":[{"href":"https:\/\/www.europesays.com\/fr\/wp-json\/wp\/v2\/types\/post"}],"author":[{"embeddable":true,"href":"https:\/\/www.europesays.com\/fr\/wp-json\/wp\/v2\/users\/2"}],"replies":[{"embeddable":true,"href":"https:\/\/www.europesays.com\/fr\/wp-json\/wp\/v2\/comments?post=338599"}],"version-history":[{"count":0,"href":"https:\/\/www.europesays.com\/fr\/wp-json\/wp\/v2\/posts\/338599\/revisions"}],"wp:featuredmedia":[{"embeddable":true,"href":"https:\/\/www.europesays.com\/fr\/wp-json\/wp\/v2\/media\/338600"}],"wp:attachment":[{"href":"https:\/\/www.europesays.com\/fr\/wp-json\/wp\/v2\/media?parent=338599"}],"wp:term":[{"taxonomy":"category","embeddable":true,"href":"https:\/\/www.europesays.com\/fr\/wp-json\/wp\/v2\/categories?post=338599"},{"taxonomy":"post_tag","embeddable":true,"href":"https:\/\/www.europesays.com\/fr\/wp-json\/wp\/v2\/tags?post=338599"}],"curies":[{"name":"wp","href":"https:\/\/api.w.org\/{rel}","templated":true}]}}