{"id":338601,"date":"2025-08-23T13:40:11","date_gmt":"2025-08-23T13:40:11","guid":{"rendered":"https:\/\/www.europesays.com\/fr\/338601\/"},"modified":"2025-08-23T13:40:11","modified_gmt":"2025-08-23T13:40:11","slug":"un-helicoptere-uh-60-black-hawk-de-la-police-colombienne-a-ete-abattu-par-un-drone-fpv","status":"publish","type":"post","link":"https:\/\/www.europesays.com\/fr\/338601\/","title":{"rendered":"Un h\u00e9licopt\u00e8re UH-60 Black Hawk de la police colombienne a \u00e9t\u00e9 abattu par un drone FPV"},"content":{"rendered":"<p><img fetchpriority=\"high\" decoding=\"async\" src=\"https:\/\/www.europesays.com\/fr\/wp-content\/uploads\/2025\/08\/blackhawk-colombie-20250823.jpg\" alt=\"\" width=\"600\" height=\"400\" class=\"alignnone size-full wp-image-83532\"  \/><\/p>\n<p>Fin juillet, Intelligence Online a r\u00e9v\u00e9l\u00e9 que Kiev enqu\u00eatait sur l\u2019infiltration de membre de cartels de la drogue latino-am\u00e9ricains \u2013 essentiellement mexicains et colombiens \u2013 dans les rangs de la L\u00e9gion internationale de volontaires affili\u00e9e \u00e0 ses forces arm\u00e9es. Et cela, afin d\u2019acqu\u00e9rir les savoir-faire n\u00e9cessaires pour mettre en \u0153uvre des drones dits FPV [First Person Views] et autres munitions t\u00e9l\u00e9op\u00e9r\u00e9es [MTO] afin de les mettre ensuite en pratique dans leur pays ou au service d\u2019organisations criminelles \u00e9trang\u00e8res. <\/p>\n<p>Alert\u00e9s par le Centre national du renseignement mexicain, les services de contre-espionnage ukrainien [SBU] se sont notamment int\u00e9ress\u00e9s au groupe tactique \u00ab\u00a0Ethos\u00a0\u00bb de la L\u00e9gion des volontaires, actif dans les r\u00e9gions de Donetsk et de Kharkiv. <\/p>\n<p>\u00ab\u00a0Nous avons accueilli les volontaires de bonne foi. Mais force est de constater que l\u2019Ukraine est devenue une plaque tournante pour la diffusion des comp\u00e9tences en mati\u00e8re de drones. Certains viennent ici pour apprendre \u00e0 tuer avec un drone \u00e0 400 dollars, puis vendent ce savoir-faire ailleurs au plus offrant\u00a0\u00bb, a confi\u00e9 un responsable du SBU \u00e0 Intelligence Online. <\/p>\n<p>Cela \u00e9tant, la fili\u00e8re \u00ab\u00a0ukrainienne\u00a0\u00bb n\u2019est pas la seule. Un mois plus t\u00f4t, le quotidien colombien El Tiempo <a href=\"https:\/\/www.eltiempo.com\/amp\/justicia\/conflicto-y-narcotrafico\/exclusivo-ejercito-revela-que-exmilitares-rusos-entrenan-a-disidencias-de-farc-en-guerra-con-drones-explosivos-3459998\" rel=\"nofollow noopener\" target=\"_blank\">avait indiqu\u00e9<\/a> que, selon le renseignement militaire, d\u2019anciens militaires russes \u00e9taient soup\u00e7onn\u00e9s de former des gu\u00e9rilleros de la branche dissidente des FARC [d\u2019ob\u00e9dience marxiste] \u00e0 l\u2019utilisation de drones au Venezuela, plus pr\u00e9cis\u00e9ment dans les zones frontali\u00e8res d\u2019Arauca et de Catatumbo. <\/p>\n<p>\u00ab\u00a0L\u2019ing\u00e9rence russe aggrave une situation o\u00f9 l\u2019Iran exer\u00e7ait d\u00e9j\u00e0 une influence. Aujourd\u2019hui, les deux pays soutiendraient la formation d\u2019organisations criminelles colombiennes au Venezuela, profitant de la protection du r\u00e9gime [du pr\u00e9sident v\u00e9n\u00e9zu\u00e9lien] Maduro\u00a0\u00bb, avait alors confi\u00e9 une source militaire au quotidien. <\/p>\n<p>Aussi, entre 2024 et 2025, au moins 183 attaques men\u00e9es avec des drones ont \u00e9t\u00e9 recens\u00e9es en Colombie, en particulier contre l\u2019arm\u00e9e et les forces de s\u00e9curit\u00e9. Selon El Tiempo, leurs auteurs \u00ab\u00a0ont d\u00e9j\u00e0 eu recours \u00e0 des tactiques d\u2019essaimage, \u00e0 des microdrones et \u00e0 des dispositifs modifi\u00e9s avec des cam\u00e9ras thermiques et des fr\u00e9quences altern\u00e9es pour \u00e9chapper aux brouilleurs\u00a0\u00bb. <\/p>\n<p>La derni\u00e8re en date montre que ceux qui l\u2019ont commise poss\u00e8de des savoir-faire qui ont \u00e9t\u00e9 mis en \u0153uvre tant en Ukraine qu\u2019en\u2026 Birmanie, o\u00f9 l\u2019Arm\u00e9e de l\u2019ind\u00e9pendance kachin [KIA] a, semble-t-il, utilis\u00e9 des drones FPV contre des h\u00e9licopt\u00e8res Mil Mi-17 des forces arm\u00e9es locales. <\/p>\n<p>En effet, le 21 ao\u00fbt, un h\u00e9licopt\u00e8re UH-60L Black Hawk de la police nationale colombienne a \u00e9t\u00e9 touch\u00e9 par un drone FPV alors qu\u2019il appuyait une op\u00e9ration antidrogue dans une zone rurale situ\u00e9e pr\u00e8s de Medell\u00edn. Douze des seize occupants de l\u2019appareil ont perdu la vie, les quatre autres \u00e9tant gravement bless\u00e9s. La r\u00e9gion o\u00f9 s\u2019est produite cette attaque est connue pour abriter des dissidents des FARC ainsi que le \u00ab\u00a0Clan del Golfo\u00a0\u00bb, un puissant groupe criminel. <\/p>\n<blockquote class=\"twitter-tweet\">\n<p lang=\"es\" dir=\"ltr\">Queridos paisanos, esta es la paz total de Petro. En zona rural de Amalfi derribaron un helic\u00f3ptero de la <a href=\"https:\/\/twitter.com\/PoliciaColombia?ref_src=twsrc%5Etfw\" rel=\"nofollow noopener\" target=\"_blank\">@PoliciaColombia<\/a> que al parecer estaba brindando seguridad a uniformados en labores de erradicaci\u00f3n manual a cultivos de coca. Los polic\u00edas fueron atacados por un drone. <br \/>Es\u2026 <a href=\"https:\/\/t.co\/PnI0XhA2QQ\" rel=\"nofollow\">pic.twitter.com\/PnI0XhA2QQ<\/a><\/p>\n<p>\u2014 Andr\u00e9s Juli\u00e1n (@AndresJRendonC) <a href=\"https:\/\/twitter.com\/AndresJRendonC\/status\/1958578176914800916?ref_src=twsrc%5Etfw\" rel=\"nofollow noopener\" target=\"_blank\">August 21, 2025<\/a><\/p>\n<\/blockquote>\n<p>Dans un premier temps, le pr\u00e9sident Gustavo Petro a accus\u00e9 le Clan del Golfo d\u2019\u00eatre responsable de la perte de cet h\u00e9licopt\u00e8re\u2026 avant de se raviser et de pointer les dissidents des FARC. <\/p>\n<p>Quoi qu\u2019il en soit, cette affaire met en lumi\u00e8re un probl\u00e8me qui risque de prendre de l\u2019ampleur dans les mois, si ce n\u2019est les semaines \u00e0 venir. <\/p>\n<blockquote class=\"twitter-tweet\">\n<p lang=\"es\" dir=\"ltr\">Este video, grabado por un campesino de la vereda Los Toros, en Amalfi, registr\u00f3 el instante en el que un helic\u00f3ptero adscrito a la Direcci\u00f3n Antinarc\u00f3ticos de la @policiadecolombia, se precipit\u00f3 a tierra en medio de un ataque que habr\u00eda sido obra de las \u00ab\u00a0disidencias de las Farc\u2026 <a href=\"https:\/\/t.co\/23S9vaLkwD\" rel=\"nofollow\">pic.twitter.com\/23S9vaLkwD<\/a><\/p>\n<p>\u2014 Teleantioquia (@Teleantioquia) <a href=\"https:\/\/twitter.com\/Teleantioquia\/status\/1958634828632322300?ref_src=twsrc%5Etfw\" rel=\"nofollow noopener\" target=\"_blank\">August 21, 2025<\/a><\/p>\n<\/blockquote>\n<p>Certes, cet UH-60L Black Hawk n\u2019est pas le premier h\u00e9licopt\u00e8re abattu lors d\u2019une op\u00e9ration de police [c\u2019est d\u00e9j\u00e0 arriv\u00e9 en 2009, \u00e0 Rio de Janeiro]. Mais la prolif\u00e9ration de drones FPV et la facilit\u00e9 avec laquelle ils sont mis en \u0153uvre change la donne dans la mesure o\u00f9 des groupe non-\u00e9tatiques n\u2019ont d\u00e9sormais pas besoin de co\u00fbteux missiles antia\u00e9riens l\u00e9gers de type MANPADS [man-portable air-defense system] pour emp\u00eacher un a\u00e9ronef de s\u2019approcher de leurs positions ou de surveiller leurs activit\u00e9s. <\/p>\n<p>Qui plus est, si il dispose de contre-mesures pour \u00e9viter d\u2019\u00eatre touch\u00e9 par un MANPADS [leurres, syst\u00e8me de d\u00e9tection de missile, etc.], un h\u00e9licopt\u00e8re est d\u00e9muni face \u00e0 un drone FPV, quasiment ind\u00e9tectable et difficile \u00e0 \u00e9viter. Un syst\u00e8me de brouillage serait sans doute une solution\u2026 mais il existe d\u00e9sormais des drones FPV \u00e0 fibre optique, insensibles aux dispositifs de guerre \u00e9lectronique. <\/p>\n<p>Photo : Police nationale colombienne<\/p>\n<p>\t\t\t\t\t\t\t\t\t\t\t\t\t<script async src=\"https:\/\/platform.twitter.com\/widgets.js\" charset=\"utf-8\"><\/script><\/p>\n","protected":false},"excerpt":{"rendered":"Fin juillet, Intelligence Online a r\u00e9v\u00e9l\u00e9 que Kiev enqu\u00eatait sur l\u2019infiltration de membre de cartels de la drogue&hellip;\n","protected":false},"author":2,"featured_media":338602,"comment_status":"","ping_status":"","sticky":false,"template":"","format":"standard","meta":{"footnotes":""},"categories":[5],"tags":[11,47492,9395,47493,47220,1011,27,6373,14,12,47494,656,28],"class_list":{"0":"post-338601","1":"post","2":"type-post","3":"status-publish","4":"format-standard","5":"has-post-thumbnail","7":"category-international","8":"tag-actualites","9":"tag-clan-del-golfo","10":"tag-colombie","11":"tag-drone-fpv","12":"tag-farc","13":"tag-fr","14":"tag-france","15":"tag-helicoptere","16":"tag-international","17":"tag-news","18":"tag-police-colombienne","19":"tag-securite","20":"tag-world"},"share_on_mastodon":{"url":"https:\/\/pubeurope.com\/@fr\/115078366886704785","error":""},"_links":{"self":[{"href":"https:\/\/www.europesays.com\/fr\/wp-json\/wp\/v2\/posts\/338601","targetHints":{"allow":["GET"]}}],"collection":[{"href":"https:\/\/www.europesays.com\/fr\/wp-json\/wp\/v2\/posts"}],"about":[{"href":"https:\/\/www.europesays.com\/fr\/wp-json\/wp\/v2\/types\/post"}],"author":[{"embeddable":true,"href":"https:\/\/www.europesays.com\/fr\/wp-json\/wp\/v2\/users\/2"}],"replies":[{"embeddable":true,"href":"https:\/\/www.europesays.com\/fr\/wp-json\/wp\/v2\/comments?post=338601"}],"version-history":[{"count":0,"href":"https:\/\/www.europesays.com\/fr\/wp-json\/wp\/v2\/posts\/338601\/revisions"}],"wp:featuredmedia":[{"embeddable":true,"href":"https:\/\/www.europesays.com\/fr\/wp-json\/wp\/v2\/media\/338602"}],"wp:attachment":[{"href":"https:\/\/www.europesays.com\/fr\/wp-json\/wp\/v2\/media?parent=338601"}],"wp:term":[{"taxonomy":"category","embeddable":true,"href":"https:\/\/www.europesays.com\/fr\/wp-json\/wp\/v2\/categories?post=338601"},{"taxonomy":"post_tag","embeddable":true,"href":"https:\/\/www.europesays.com\/fr\/wp-json\/wp\/v2\/tags?post=338601"}],"curies":[{"name":"wp","href":"https:\/\/api.w.org\/{rel}","templated":true}]}}