{"id":338618,"date":"2025-08-23T13:51:12","date_gmt":"2025-08-23T13:51:12","guid":{"rendered":"https:\/\/www.europesays.com\/fr\/338618\/"},"modified":"2025-08-23T13:51:12","modified_gmt":"2025-08-23T13:51:12","slug":"football-feminin-succes-de-montpellier-contre-lespanyol-de-barcelone-a-perpignan","status":"publish","type":"post","link":"https:\/\/www.europesays.com\/fr\/338618\/","title":{"rendered":"Football f\u00e9minin\u00a0: Succ\u00e8s de Montpellier contre l\u2019Espanyol de Barcelone \u00e0 Perpignan"},"content":{"rendered":"<p>\n                                                                Vendredi soir \u00e0 Parc des Sports de Perpignna, le Montpellier H\u00e9rault SC F\u00e9minin a battu l\u2019Espanyol Barcelone 2-1 dans une rencontre conviviale et rythm\u00e9e.\n                            <\/p>\n<p data-end=\"87\" data-start=\"0\">La rencontre amicale internationale opposant le Montpellier H\u00e9rault SC F\u00e9minin au RCD Espanyol Barcelone F\u00e9minin s\u2019est d\u00e9roul\u00e9e ce vendredi 22\u00a0ao\u00fbt au Parc des Sports de Perpignan, devant un public nombreux. La rencontre a offert un spectacle \u00e0 la hauteur des attentes\u00a0: le MHSC de Rosalie Chaine s\u2019est impos\u00e9 2 \u00e0 1 gr\u00e2ce \u00e0 des buts de Lola Gstalter (37e) et Nina Ngueleu sur penalty (53e). Les deux buteuses montpelli\u00e9raines ont \u00e9t\u00e9 les grandes artisanes de ce succ\u00e8s.<\/p>\n<p data-end=\"1050\" data-start=\"751\">L\u2019Espanyol a montr\u00e9 de belles qualit\u00e9s malgr\u00e9 la d\u00e9faite. La num\u00e9ro\u00a010 Cristina Baudet a brill\u00e9 au milieu de terrain, tandis que la d\u00e9fenseure internationale suisse Laia Balleste s\u2019est illustr\u00e9e par sa solidit\u00e9. Les Catalanes ont m\u00eame trouv\u00e9 la transversale \u00e0 deux reprises, fr\u00f4lant l\u2019\u00e9galisation.<\/p>\n<p data-end=\"1363\" data-start=\"1052\">L\u2019Olympique Club Perpignan a rendu possible cette affiche in\u00e9dite, avec le soutien de la Ville. Le club a tenu \u00e0 remercier le MHSC F\u00e9minin, et notamment l\u2019entra\u00eeneur adjoint Baptiste Merle, pour sa confiance et son accompagnement, ainsi que l\u2019Espanyol Barcelone pour sa disponibilit\u00e9 et son professionnalisme.<\/p>\n<p data-end=\"1595\" data-start=\"1365\">\u00c0 l\u2019origine du projet, le directeur sportif Bilal Ouremchi, l\u2019entra\u00eeneur Guillaume Boronad et les pr\u00e9sidents Malik et Mustapha Lasri ont \u0153uvr\u00e9 main dans la main pour offrir aux Perpignanais un moment fort de sport et de partage. Le spectacle propos\u00e9 par les deux \u00e9quipes\u00a0a \u00e9t\u00e9 \u00e0 la hauteur des attentes d\u2019un public qui n\u2019avait jamais vu un tel niveau de football f\u00e9minin dans le d\u00e9partement.<\/p>\n<p data-end=\"1730\" data-start=\"1597\">Fort de cette r\u00e9ussite, l\u2019OCP r\u00e9affirme son ambition de promouvoir le football, et en particulier le football f\u00e9minin, \u00e0 Perpignan.<\/p>\n","protected":false},"excerpt":{"rendered":"Vendredi soir \u00e0 Parc des Sports de Perpignna, le Montpellier H\u00e9rault SC F\u00e9minin a battu l\u2019Espanyol Barcelone 2-1&hellip;\n","protected":false},"author":2,"featured_media":338619,"comment_status":"","ping_status":"","sticky":false,"template":"","format":"standard","meta":{"footnotes":""},"categories":[9599],"tags":[1111,11,1777,674,1011,27,2208,12,2680,25],"class_list":{"0":"post-338618","1":"post","2":"type-post","3":"status-publish","4":"format-standard","5":"has-post-thumbnail","7":"category-montpellier","8":"tag-actu","9":"tag-actualites","10":"tag-eu","11":"tag-europe","12":"tag-fr","13":"tag-france","14":"tag-montpellier","15":"tag-news","16":"tag-occitanie","17":"tag-republique-francaise"},"share_on_mastodon":{"url":"https:\/\/pubeurope.com\/@fr\/115078410055316187","error":""},"_links":{"self":[{"href":"https:\/\/www.europesays.com\/fr\/wp-json\/wp\/v2\/posts\/338618","targetHints":{"allow":["GET"]}}],"collection":[{"href":"https:\/\/www.europesays.com\/fr\/wp-json\/wp\/v2\/posts"}],"about":[{"href":"https:\/\/www.europesays.com\/fr\/wp-json\/wp\/v2\/types\/post"}],"author":[{"embeddable":true,"href":"https:\/\/www.europesays.com\/fr\/wp-json\/wp\/v2\/users\/2"}],"replies":[{"embeddable":true,"href":"https:\/\/www.europesays.com\/fr\/wp-json\/wp\/v2\/comments?post=338618"}],"version-history":[{"count":0,"href":"https:\/\/www.europesays.com\/fr\/wp-json\/wp\/v2\/posts\/338618\/revisions"}],"wp:featuredmedia":[{"embeddable":true,"href":"https:\/\/www.europesays.com\/fr\/wp-json\/wp\/v2\/media\/338619"}],"wp:attachment":[{"href":"https:\/\/www.europesays.com\/fr\/wp-json\/wp\/v2\/media?parent=338618"}],"wp:term":[{"taxonomy":"category","embeddable":true,"href":"https:\/\/www.europesays.com\/fr\/wp-json\/wp\/v2\/categories?post=338618"},{"taxonomy":"post_tag","embeddable":true,"href":"https:\/\/www.europesays.com\/fr\/wp-json\/wp\/v2\/tags?post=338618"}],"curies":[{"name":"wp","href":"https:\/\/api.w.org\/{rel}","templated":true}]}}