{"id":338620,"date":"2025-08-23T13:52:10","date_gmt":"2025-08-23T13:52:10","guid":{"rendered":"https:\/\/www.europesays.com\/fr\/338620\/"},"modified":"2025-08-23T13:52:10","modified_gmt":"2025-08-23T13:52:10","slug":"un-homme-a-ete-arrete","status":"publish","type":"post","link":"https:\/\/www.europesays.com\/fr\/338620\/","title":{"rendered":"un homme a \u00e9t\u00e9 arr\u00eat\u00e9"},"content":{"rendered":"<p>            Par<br \/>\n        <strong><br \/>\n            <a href=\"https:\/\/actu.fr\/auteur\/vanessa-leroy\" title=\"Consulter tous les articles de Vanessa Leroy\" rel=\"nofollow noopener\" target=\"_blank\">Vanessa Leroy<\/a><br \/>\n        <\/strong><\/p>\n<p>        Publi\u00e9 le<\/p>\n<p>            23 ao\u00fbt 2025 \u00e0 15h10        <\/p>\n<p>Dans la nuit du vendredi 22 au samedi 23 ao\u00fbt 2025, <strong>une femme de 37 ans a \u00e9t\u00e9 agress\u00e9e sexuellement \u00e0 Rouen<\/strong>, avenue Jacques-Chastellain sur l\u2019\u00eele Lacroix, par un homme du m\u00eame \u00e2ge.<\/p>\n<p>Un homme plac\u00e9 en garde \u00e0 vue<\/p>\n<p class=\" wall-content\">\u00ab\u00a0Un suspect a \u00e9t\u00e9 interpell\u00e9 pour une <strong>tentative de viol<\/strong>. La garde \u00e0 vue est en cours\u00a0\u00bb, indique le procureur adjoint de la R\u00e9publique de Rouen joint par 76actu, confirmant <a href=\"https:\/\/www.francebleu.fr\/infos\/faits-divers-justice\/une-femme-victime-d-une-tentative-de-viol-en-pleine-nuit-sur-l-ile-lacroix-a-rouen-4185822\" rel=\"nofollow noopener\" target=\"_blank\">une information d\u2019ici\u00a0Normandie<\/a>.<\/p>\n<p class=\" wall-content\">\u00ab\u00a0<strong>Le mis en cause ne connaissait pas la victime<\/strong>, indique une autre source judiciaire \u00e0 76actu. Il l\u2019aurait violent\u00e9e et lui aurait arrach\u00e9 le pantalon.\u00a0\u00bb Un t\u00e9moin est alors intervenu pour tenter de stopper l\u2019agression. La femme a \u00e9t\u00e9 prise en charge par les secours.<\/p>\n<p>Suivez l\u2019actualit\u00e9 de Rouen <a href=\"https:\/\/www.whatsapp.com\/channel\/0029VaKfnf99hXF2ddApFB1D\" rel=\"nofollow noopener\" target=\"_blank\">sur notre cha\u00eene WhatsApp<\/a> et <a href=\"https:\/\/www.tiktok.com\/@76actu.fr?lang=fr\" rel=\"nofollow noopener\" target=\"_blank\">sur notre compte TikTok<\/a><\/p>\n<p class=\" wall-content\">Personnalisez votre actualit\u00e9 en ajoutant vos villes et m\u00e9dias en favori avec <a href=\"https:\/\/moncompte.actu.fr\" title=\"D\u00e9couvez Mon Actu\" rel=\"nofollow noopener\" data-trk=\"{&quot;cta&quot;:{&quot;action&quot;:&quot;https:\\\/\\\/moncompte.actu.fr&quot;,&quot;category&quot;:&quot;mon compte&quot;,&quot;from&quot;:&quot;article footer&quot;,&quot;name&quot;:&quot;Mon actu&quot;,&quot;type&quot;:&quot;cta&quot;}}\" target=\"_blank\">Mon Actu<\/a>.<\/p>\n<p>                    <script async src=\"\/\/www.tiktok.com\/embed.js\"><\/script><\/p>\n","protected":false},"excerpt":{"rendered":"Par Vanessa Leroy Publi\u00e9 le 23 ao\u00fbt 2025 \u00e0 15h10 Dans la nuit du vendredi 22 au samedi&hellip;\n","protected":false},"author":2,"featured_media":338621,"comment_status":"","ping_status":"","sticky":false,"template":"","format":"standard","meta":{"footnotes":""},"categories":[9587],"tags":[1111,11,1777,674,118,1011,27,12,5161,1072,25,9590,799],"class_list":{"0":"post-338620","1":"post","2":"type-post","3":"status-publish","4":"format-standard","5":"has-post-thumbnail","7":"category-rouen","8":"tag-actu","9":"tag-actualites","10":"tag-eu","11":"tag-europe","12":"tag-faits-divers","13":"tag-fr","14":"tag-france","15":"tag-news","16":"tag-normandie","17":"tag-police","18":"tag-republique-francaise","19":"tag-rouen","20":"tag-violences-sexuelles"},"share_on_mastodon":{"url":"https:\/\/pubeurope.com\/@fr\/115078413840742890","error":""},"_links":{"self":[{"href":"https:\/\/www.europesays.com\/fr\/wp-json\/wp\/v2\/posts\/338620","targetHints":{"allow":["GET"]}}],"collection":[{"href":"https:\/\/www.europesays.com\/fr\/wp-json\/wp\/v2\/posts"}],"about":[{"href":"https:\/\/www.europesays.com\/fr\/wp-json\/wp\/v2\/types\/post"}],"author":[{"embeddable":true,"href":"https:\/\/www.europesays.com\/fr\/wp-json\/wp\/v2\/users\/2"}],"replies":[{"embeddable":true,"href":"https:\/\/www.europesays.com\/fr\/wp-json\/wp\/v2\/comments?post=338620"}],"version-history":[{"count":0,"href":"https:\/\/www.europesays.com\/fr\/wp-json\/wp\/v2\/posts\/338620\/revisions"}],"wp:featuredmedia":[{"embeddable":true,"href":"https:\/\/www.europesays.com\/fr\/wp-json\/wp\/v2\/media\/338621"}],"wp:attachment":[{"href":"https:\/\/www.europesays.com\/fr\/wp-json\/wp\/v2\/media?parent=338620"}],"wp:term":[{"taxonomy":"category","embeddable":true,"href":"https:\/\/www.europesays.com\/fr\/wp-json\/wp\/v2\/categories?post=338620"},{"taxonomy":"post_tag","embeddable":true,"href":"https:\/\/www.europesays.com\/fr\/wp-json\/wp\/v2\/tags?post=338620"}],"curies":[{"name":"wp","href":"https:\/\/api.w.org\/{rel}","templated":true}]}}