{"id":338626,"date":"2025-08-23T14:00:36","date_gmt":"2025-08-23T14:00:36","guid":{"rendered":"https:\/\/www.europesays.com\/fr\/338626\/"},"modified":"2025-08-23T14:00:36","modified_gmt":"2025-08-23T14:00:36","slug":"handball-cesson-rennes-lance-sa-tournee-amicale-en-espagne-par-une-defaite-contre-irun-sport","status":"publish","type":"post","link":"https:\/\/www.europesays.com\/fr\/338626\/","title":{"rendered":"Handball. Cesson Rennes lance sa tourn\u00e9e amicale en Espagne par une d\u00e9faite contre Irun . Sport"},"content":{"rendered":"<tr wp_automatic_readability=\"5.8823529411765\">\n<td valign=\"middle\" align=\"center\" class=\"col-logo\" wp_automatic_readability=\"5\">\n    <img decoding=\"async\" src=\"https:\/\/maville.com\/design\/images\/logo-of-monetise.svg?version=20130627\" alt=\"logo Ouest-France\" height=\"66\"\/><\/p>\n<p>Contenu r\u00e9serv\u00e9 aux abonn\u00e9s<\/p>\n<\/td>\n<td class=\"col-titre\">\n\t\t\tVendredi 22 ao\u00fbt 2025 23:28<br \/>\n\t\t\t<a class=\"icon-bulle sizeL count\" href=\"#ancreAvis\"><br \/>\n\t&#8230;<br \/>\n<\/a><\/td>\n<\/tr>\n<p>\t\t<a class=\"mavillebox2 elmt-photo\" href=\"https:\/\/maville.com\/photosmvi\/2025\/08\/23\/P35419296D6943885G.jpg\" title=\" Asier Nieto (balle en main) et les Cessonnais ont souffert, ce vendredi 22\u00a0ao\u00fbt, face \u00e0 la d\u00e9fense des Espagnols d\u2019Irun.  \u00a9  Archives Lo\u00efc L\u2019Huillier  &lt;!--TAG-BLC credit--&gt;\" rel=\"galerie_actu nofollow noopener\" target=\"_blank\"><br \/>\n\t<img decoding=\"async\" src=\"https:\/\/www.europesays.com\/fr\/wp-content\/uploads\/2025\/08\/P35419296D6943885G_crop_640-330_.jpg\" alt=\"photo  asier nieto (balle en main) et les cessonnais ont souffert, ce vendredi 22\u00a0ao\u00fbt, face \u00e0 la d\u00e9fense des espagnols d\u2019irun.  \u00a9  archives lo\u00efc l\u2019huillier \"\/><br \/>\n\t1<br \/>\n<\/a><\/p>\n<p class=\"elmt-legende\"> Asier Nieto (balle en main) et les Cessonnais ont souffert, ce vendredi 22\u00a0ao\u00fbt, face \u00e0 la d\u00e9fense des Espagnols d\u2019Irun.  \u00a9  Archives Lo\u00efc L\u2019Huillier  <\/p>\n<p>\t\tCesson Rennes a entam\u00e9 la derni\u00e8re ligne droite de sa pr\u00e9paration, vendredi 22\u00a0ao\u00fbt, par une d\u00e9faite (27-39) contre les Espagnols d\u2019Irun (Liga Asobal). Domin\u00e9s des deux c\u00f4t\u00e9s du terrain, les Irr\u00e9ductibles devront montrer un tout autre visage, ce samedi 23\u00a0ao\u00fbt (17\u00a0h\u00a030), pour leur dernier match amical face \u00e0\u00a0Logro\u00f1o (Liga Asobal).<\/p>\n<p><b>Cet article est r\u00e9serv\u00e9 aux abonn\u00e9s<\/b><\/p>\n<p>Pour un acc\u00e8s imm\u00e9diat, abonnez-vous<\/p>\n<p><b>1\u00e8re semaine offerte<\/b><\/p>\n<p>\t\t Valentin FLEURY. \u00a0\u00a0<br \/>\n\t\tOuest-France<\/p>\n<p>Retrouvez d&rsquo;autres actus sur les communes de :<\/p>\n<p>\t\t&#13;<\/p>\n","protected":false},"excerpt":{"rendered":"Contenu r\u00e9serv\u00e9 aux abonn\u00e9s Vendredi 22 ao\u00fbt 2025 23:28 &#8230; 1 Asier Nieto (balle en main) et les&hellip;\n","protected":false},"author":2,"featured_media":338627,"comment_status":"","ping_status":"","sticky":false,"template":"","format":"standard","meta":{"footnotes":""},"categories":[2821],"tags":[1111,11,3809,1465,829,1777,674,63,1011,27,1792,1922,12,584,25,479,517,1470],"class_list":{"0":"post-338626","1":"post","2":"type-post","3":"status-publish","4":"format-standard","5":"has-post-thumbnail","7":"category-rennes","8":"tag-actu","9":"tag-actualites","10":"tag-ball","11":"tag-basket","12":"tag-bretagne","13":"tag-eu","14":"tag-europe","15":"tag-football","16":"tag-fr","17":"tag-france","18":"tag-handball","19":"tag-info","20":"tag-news","21":"tag-rennes","22":"tag-republique-francaise","23":"tag-rugby","24":"tag-sport","25":"tag-volley"},"share_on_mastodon":{"url":"https:\/\/pubeurope.com\/@fr\/115078445473815876","error":""},"_links":{"self":[{"href":"https:\/\/www.europesays.com\/fr\/wp-json\/wp\/v2\/posts\/338626","targetHints":{"allow":["GET"]}}],"collection":[{"href":"https:\/\/www.europesays.com\/fr\/wp-json\/wp\/v2\/posts"}],"about":[{"href":"https:\/\/www.europesays.com\/fr\/wp-json\/wp\/v2\/types\/post"}],"author":[{"embeddable":true,"href":"https:\/\/www.europesays.com\/fr\/wp-json\/wp\/v2\/users\/2"}],"replies":[{"embeddable":true,"href":"https:\/\/www.europesays.com\/fr\/wp-json\/wp\/v2\/comments?post=338626"}],"version-history":[{"count":0,"href":"https:\/\/www.europesays.com\/fr\/wp-json\/wp\/v2\/posts\/338626\/revisions"}],"wp:featuredmedia":[{"embeddable":true,"href":"https:\/\/www.europesays.com\/fr\/wp-json\/wp\/v2\/media\/338627"}],"wp:attachment":[{"href":"https:\/\/www.europesays.com\/fr\/wp-json\/wp\/v2\/media?parent=338626"}],"wp:term":[{"taxonomy":"category","embeddable":true,"href":"https:\/\/www.europesays.com\/fr\/wp-json\/wp\/v2\/categories?post=338626"},{"taxonomy":"post_tag","embeddable":true,"href":"https:\/\/www.europesays.com\/fr\/wp-json\/wp\/v2\/tags?post=338626"}],"curies":[{"name":"wp","href":"https:\/\/api.w.org\/{rel}","templated":true}]}}