{"id":338642,"date":"2025-08-23T14:10:17","date_gmt":"2025-08-23T14:10:17","guid":{"rendered":"https:\/\/www.europesays.com\/fr\/338642\/"},"modified":"2025-08-23T14:10:17","modified_gmt":"2025-08-23T14:10:17","slug":"gift-orban-hoffenheim-se-rapproche-de-toulouse","status":"publish","type":"post","link":"https:\/\/www.europesays.com\/fr\/338642\/","title":{"rendered":"Gift Orban (Hoffenheim) se rapproche de Toulouse"},"content":{"rendered":"<p><strong>Priorit\u00e9 du TFC, l\u2019ancien attaquant de l\u2019OL, aujourd\u2019hui \u00e0 Hoffenheim, se rapproche d\u2019un retour en Ligue 1, m\u00eame si un accord d\u00e9finitif reste \u00e0 trouver. <\/strong><\/p>\n<p>Annonc\u00e9 avec insistance du c\u00f4t\u00e9 de Toulouse (o\u00f9 il aurait d\u00e9j\u00e0 trouv\u00e9 une maison), l\u2019ancien Lyonnais Gift Orban n\u2019a pas \u00e9t\u00e9 retenu dans le groupe d\u2019Hoffenheim pour affronter le Bayer Leverkusen (en cours). Un signe de plus d\u2019un transfert imminent pour le Nig\u00e9rian, qui avait quitt\u00e9 l\u2019OL pour la Bundesliga l\u2019hiver dernier, contre 9 millions d\u2019euros.\u00a0<\/p>\n<p>Selon nos informations, le joueur que l\u2019OL avait achet\u00e9 \u00e0 La Gantoise l\u2019\u00e9t\u00e9 dernier, moyennant 14 millions d\u2019euros, devrait rejoindre le sud-ouest de la France. Toutefois les deux clubs n\u2019\u00e9taient pas encore arriv\u00e9s \u00e0 un accord.\u00a0 En effet, les Allemands souhaitent un transfert direct pour l\u2019attaquant de 23 ans (sous contrat jusqu\u2019en 2029), alors que le TFC propose un simple pr\u00eat, avec option d\u2019achat. Le Nig\u00e9rian est estim\u00e9 \u00e0 10 millions d\u2019euros par le site sp\u00e9cialis\u00e9 Transfermarkt. <\/p>\n","protected":false},"excerpt":{"rendered":"Priorit\u00e9 du TFC, l\u2019ancien attaquant de l\u2019OL, aujourd\u2019hui \u00e0 Hoffenheim, se rapproche d\u2019un retour en Ligue 1, m\u00eame&hellip;\n","protected":false},"author":2,"featured_media":338643,"comment_status":"","ping_status":"","sticky":false,"template":"","format":"standard","meta":{"footnotes":""},"categories":[2816],"tags":[1111,11,1777,674,1011,27,12,2680,25,2312],"class_list":{"0":"post-338642","1":"post","2":"type-post","3":"status-publish","4":"format-standard","5":"has-post-thumbnail","7":"category-toulouse","8":"tag-actu","9":"tag-actualites","10":"tag-eu","11":"tag-europe","12":"tag-fr","13":"tag-france","14":"tag-news","15":"tag-occitanie","16":"tag-republique-francaise","17":"tag-toulouse"},"share_on_mastodon":{"url":"https:\/\/pubeurope.com\/@fr\/115078484824062404","error":""},"_links":{"self":[{"href":"https:\/\/www.europesays.com\/fr\/wp-json\/wp\/v2\/posts\/338642","targetHints":{"allow":["GET"]}}],"collection":[{"href":"https:\/\/www.europesays.com\/fr\/wp-json\/wp\/v2\/posts"}],"about":[{"href":"https:\/\/www.europesays.com\/fr\/wp-json\/wp\/v2\/types\/post"}],"author":[{"embeddable":true,"href":"https:\/\/www.europesays.com\/fr\/wp-json\/wp\/v2\/users\/2"}],"replies":[{"embeddable":true,"href":"https:\/\/www.europesays.com\/fr\/wp-json\/wp\/v2\/comments?post=338642"}],"version-history":[{"count":0,"href":"https:\/\/www.europesays.com\/fr\/wp-json\/wp\/v2\/posts\/338642\/revisions"}],"wp:featuredmedia":[{"embeddable":true,"href":"https:\/\/www.europesays.com\/fr\/wp-json\/wp\/v2\/media\/338643"}],"wp:attachment":[{"href":"https:\/\/www.europesays.com\/fr\/wp-json\/wp\/v2\/media?parent=338642"}],"wp:term":[{"taxonomy":"category","embeddable":true,"href":"https:\/\/www.europesays.com\/fr\/wp-json\/wp\/v2\/categories?post=338642"},{"taxonomy":"post_tag","embeddable":true,"href":"https:\/\/www.europesays.com\/fr\/wp-json\/wp\/v2\/tags?post=338642"}],"curies":[{"name":"wp","href":"https:\/\/api.w.org\/{rel}","templated":true}]}}