{"id":338647,"date":"2025-08-23T14:13:14","date_gmt":"2025-08-23T14:13:14","guid":{"rendered":"https:\/\/www.europesays.com\/fr\/338647\/"},"modified":"2025-08-23T14:13:14","modified_gmt":"2025-08-23T14:13:14","slug":"un-vendeur-de-cigarettes-a-la-sauvette-tente-de-fuir-et-finit-dans-le-coma-a-marseille","status":"publish","type":"post","link":"https:\/\/www.europesays.com\/fr\/338647\/","title":{"rendered":"Un vendeur de cigarettes \u00e0 la sauvette tente de fuir et finit dans le coma \u00e0 Marseille"},"content":{"rendered":"<p>L\u00e0, il avait percut\u00e9 de plein fouet l\u2019un des policiers. Ce dernier avait d\u00e9coch\u00e9 un coup de pied \u00e0 Chaihebeddine D. gisant \u00e0 terre, \u00ab\u00a0par r\u00e9flexe\u00a0\u00bb face \u00e0 une attitude qu\u2019il jugeait belliqueuse. Le vendeur de cigarettes avait perdu conscience, glissant dans le coma. Il avait \u00e9t\u00e9 hospitalis\u00e9, pronostic vital engag\u00e9. \u00c0 son r\u00e9veil, Chaihebeddine D. s\u2019\u00e9tait \u00e9chapp\u00e9 de l\u2019h\u00f4pital\u00a0; il avait \u00e9t\u00e9 retrouv\u00e9 le 18\u00a0ao\u00fbt au <a href=\"https:\/\/www.laprovence.com\/article\/faits-divers-justice\/3071152708002314\/marseille-5-etrangers-en-situation-irreguliere-se-sont-echappes-du-centre-de-retention-administrative-du-canet\" target=\"_blank\" rel=\"noopener\">Centre de r\u00e9tention administrative<\/a> o\u00f9 cet Alg\u00e9rien en situation irr\u00e9guli\u00e8re avait \u00e9t\u00e9 plac\u00e9 entre-temps.<\/p>\n<p>Une plainte pour violences polici\u00e8res<\/p>\n<p>Troublant, ce dossier l\u2019\u00e9&#8230;<\/p>\n","protected":false},"excerpt":{"rendered":"L\u00e0, il avait percut\u00e9 de plein fouet l\u2019un des policiers. Ce dernier avait d\u00e9coch\u00e9 un coup de pied&hellip;\n","protected":false},"author":2,"featured_media":338648,"comment_status":"","ping_status":"","sticky":false,"template":"","format":"standard","meta":{"footnotes":""},"categories":[2814],"tags":[17,1111,11,1102,8056,1446,1777,674,274,8928,1011,27,21029,884,12,882,25,47502,18800,22856],"class_list":{"0":"post-338647","1":"post","2":"type-post","3":"status-publish","4":"format-standard","5":"has-post-thumbnail","7":"category-marseille","8":"tag-17","9":"tag-actu","10":"tag-actualites","11":"tag-breakingnews","12":"tag-cigarettes","13":"tag-dans","14":"tag-eu","15":"tag-europe","16":"tag-faits-divers-justice","17":"tag-finit","18":"tag-fr","19":"tag-france","20":"tag-fuir","21":"tag-marseille","22":"tag-news","23":"tag-provence-alpes-cote-dazur","24":"tag-republique-francaise","25":"tag-sauvette","26":"tag-tente","27":"tag-vendeur"},"share_on_mastodon":{"url":"https:\/\/pubeurope.com\/@fr\/115078496528867639","error":""},"_links":{"self":[{"href":"https:\/\/www.europesays.com\/fr\/wp-json\/wp\/v2\/posts\/338647","targetHints":{"allow":["GET"]}}],"collection":[{"href":"https:\/\/www.europesays.com\/fr\/wp-json\/wp\/v2\/posts"}],"about":[{"href":"https:\/\/www.europesays.com\/fr\/wp-json\/wp\/v2\/types\/post"}],"author":[{"embeddable":true,"href":"https:\/\/www.europesays.com\/fr\/wp-json\/wp\/v2\/users\/2"}],"replies":[{"embeddable":true,"href":"https:\/\/www.europesays.com\/fr\/wp-json\/wp\/v2\/comments?post=338647"}],"version-history":[{"count":0,"href":"https:\/\/www.europesays.com\/fr\/wp-json\/wp\/v2\/posts\/338647\/revisions"}],"wp:featuredmedia":[{"embeddable":true,"href":"https:\/\/www.europesays.com\/fr\/wp-json\/wp\/v2\/media\/338648"}],"wp:attachment":[{"href":"https:\/\/www.europesays.com\/fr\/wp-json\/wp\/v2\/media?parent=338647"}],"wp:term":[{"taxonomy":"category","embeddable":true,"href":"https:\/\/www.europesays.com\/fr\/wp-json\/wp\/v2\/categories?post=338647"},{"taxonomy":"post_tag","embeddable":true,"href":"https:\/\/www.europesays.com\/fr\/wp-json\/wp\/v2\/tags?post=338647"}],"curies":[{"name":"wp","href":"https:\/\/api.w.org\/{rel}","templated":true}]}}