{"id":338649,"date":"2025-08-23T14:14:17","date_gmt":"2025-08-23T14:14:17","guid":{"rendered":"https:\/\/www.europesays.com\/fr\/338649\/"},"modified":"2025-08-23T14:14:17","modified_gmt":"2025-08-23T14:14:17","slug":"marseille-oenotourisme-2-0-comment-les-vignerons-independants-var-alpes-corse-se-modernisent","status":"publish","type":"post","link":"https:\/\/www.europesays.com\/fr\/338649\/","title":{"rendered":"MARSEILLE : Oenotourisme 2.0, comment les Vignerons Ind\u00e9pendants Var-Alpes-Corse se modernisent"},"content":{"rendered":"<p><b>Pour l\u2019\u00e9t\u00e9, la F\u00e9d\u00e9ration des Vignerons Ind\u00e9pendants Var-Alpes-Corse d\u00e9voile un dispositif innovant pour valoriser l\u2019oenotourisme sur son territoire.<\/b><\/p>\n<p>Pour la premi\u00e8re fois, un quiz de \u00ab\u00a0match-making\u00a0\u00bb, inspir\u00e9 des codes des applis de rencontre, permet \u00e0 chaque utilisateur de d\u00e9couvrir le Vigneron Ind\u00e9pendant\u00a0du Var, des Alpes-Maritimes, des Alpes de Haute-Provence et de la Corse, qui lui correspond vraiment, selon ses go\u00fbts, ses valeurs et son style de vie.<\/p>\n<p>Une mani\u00e8re originale et connect\u00e9e de renouveler la rencontre entre producteurs et grand public, tout en soutenant Depuis plus de 40 ans, la F\u00e9d\u00e9ration rassemble 350 domaines r\u00e9partis dans le Var, les Alpes-Maritimes, les Alpes de Haute-Provence et la Corse. D\u00e9fenseur d\u2019une viticulture ind\u00e9pendante, humaine et engag\u00e9e, elle accompagne ses adh\u00e9rents et innove pour valoriser le lien direct entre producteurs et consommateurs, ainsi que l\u2019accueil au domaine.<\/p>\n<p>\u00a0<\/p>\n","protected":false},"excerpt":{"rendered":"Pour l\u2019\u00e9t\u00e9, la F\u00e9d\u00e9ration des Vignerons Ind\u00e9pendants Var-Alpes-Corse d\u00e9voile un dispositif innovant pour valoriser l\u2019oenotourisme sur son territoire.&hellip;\n","protected":false},"author":2,"featured_media":338650,"comment_status":"","ping_status":"","sticky":false,"template":"","format":"standard","meta":{"footnotes":""},"categories":[2814],"tags":[1111,11,1777,674,1011,27,884,12,882,25],"class_list":{"0":"post-338649","1":"post","2":"type-post","3":"status-publish","4":"format-standard","5":"has-post-thumbnail","7":"category-marseille","8":"tag-actu","9":"tag-actualites","10":"tag-eu","11":"tag-europe","12":"tag-fr","13":"tag-france","14":"tag-marseille","15":"tag-news","16":"tag-provence-alpes-cote-dazur","17":"tag-republique-francaise"},"share_on_mastodon":{"url":"https:\/\/pubeurope.com\/@fr\/115078500492002744","error":""},"_links":{"self":[{"href":"https:\/\/www.europesays.com\/fr\/wp-json\/wp\/v2\/posts\/338649","targetHints":{"allow":["GET"]}}],"collection":[{"href":"https:\/\/www.europesays.com\/fr\/wp-json\/wp\/v2\/posts"}],"about":[{"href":"https:\/\/www.europesays.com\/fr\/wp-json\/wp\/v2\/types\/post"}],"author":[{"embeddable":true,"href":"https:\/\/www.europesays.com\/fr\/wp-json\/wp\/v2\/users\/2"}],"replies":[{"embeddable":true,"href":"https:\/\/www.europesays.com\/fr\/wp-json\/wp\/v2\/comments?post=338649"}],"version-history":[{"count":0,"href":"https:\/\/www.europesays.com\/fr\/wp-json\/wp\/v2\/posts\/338649\/revisions"}],"wp:featuredmedia":[{"embeddable":true,"href":"https:\/\/www.europesays.com\/fr\/wp-json\/wp\/v2\/media\/338650"}],"wp:attachment":[{"href":"https:\/\/www.europesays.com\/fr\/wp-json\/wp\/v2\/media?parent=338649"}],"wp:term":[{"taxonomy":"category","embeddable":true,"href":"https:\/\/www.europesays.com\/fr\/wp-json\/wp\/v2\/categories?post=338649"},{"taxonomy":"post_tag","embeddable":true,"href":"https:\/\/www.europesays.com\/fr\/wp-json\/wp\/v2\/tags?post=338649"}],"curies":[{"name":"wp","href":"https:\/\/api.w.org\/{rel}","templated":true}]}}