{"id":338651,"date":"2025-08-23T14:15:12","date_gmt":"2025-08-23T14:15:12","guid":{"rendered":"https:\/\/www.europesays.com\/fr\/338651\/"},"modified":"2025-08-23T14:15:12","modified_gmt":"2025-08-23T14:15:12","slug":"scene-impressionnante-a-lyon-il-plonge-du-haut-de-la-passerelle-du-palais-de-justice","status":"publish","type":"post","link":"https:\/\/www.europesays.com\/fr\/338651\/","title":{"rendered":"Sc\u00e8ne impressionnante \u00e0 Lyon : il plonge du haut de la passerelle du Palais de Justice"},"content":{"rendered":"<p>Ce samedi 23 ao\u00fbt, au petit matin, un homme a saut\u00e9 depuis le haut de la passerelle du Palais de Justice \u00e0 Lyon. Une image impressionnante accompagn\u00e9e d&rsquo;une figure.<\/p>\n<p>Un plongeon matinal et assez fou dans le 5e arrondissement lyonnais. Ce samedi 23 ao\u00fbt, vers 8h30 du matin, un homme a grimp\u00e9 tout en haut d&rsquo;un des pyl\u00f4nes de <b>la passerelle du Palais de Justice \u00e0 Lyon<\/b> (renomm\u00e9e depuis peu passerelle Pierre Truche).<\/p>\n<p>Un saut de 38 m\u00e8tres de haut dans la Sa\u00f4ne<\/p>\n<p>Depuis une hauteur de <b>38 m\u00e8tres<\/b>, il a alors <b>saut\u00e9<\/b> dans les eaux de la Sa\u00f4ne, se permettant m\u00eame de faire un salto arri\u00e8re avant de toucher l&rsquo;eau.<br \/>Rep\u00e9r\u00e9 par nos confr\u00e8res de <a class=\"url\" href=\"https:\/\/www.lyoncapitale.fr\/actualite\/en-images-il-s-offre-un-plongeon-depuis-le-sommet-de-la-passerelle-du-palais-de-justice-de-lyon?utm_campaign=post-auto&amp;utm_medium=twitter&amp;utm_source=mashup-lyoncapitale\" target=\"_blank\" rel=\"nofollow noopener\">Lyon Capitale<\/a>, ce plongeon aussi impressionnant que dangereux a, semble-t-il, \u00e9t\u00e9 r\u00e9alis\u00e9 en pr\u00e9sence d&rsquo;un plongeur professionnel.<\/p>\n<p>Le petit groupe de plongeur a ensuite pris la fuite avant l&rsquo;arriv\u00e9e des forces de l&rsquo;ordre, la baignade dans la Sa\u00f4ne et dans le Rh\u00f4ne \u00e9tant interdite.<\/p>\n<p><img loading=\"lazy\" decoding=\"async\" src=\"https:\/\/www.europesays.com\/fr\/wp-content\/uploads\/2025\/08\/1755958512_267_img\" width=\"350\" height=\"200\" border=\"0\" title=\"Camille Thouvenin et la plus petite maison de Lyon\"\/><\/p>\n<p>\u25baSoci\u00e9t\u00e9<\/p>\n<p style=\"font-size: 22px;\"><b>[VID\u00c9O] D\u00e9couvrez la plus petite maison de Lyon !\u00a0<\/b><\/p>\n<p>Depuis le mois de mai, Camille fait suivre sur Instagram&#8230;<\/p>\n<p><\/p>\n","protected":false},"excerpt":{"rendered":"Ce samedi 23 ao\u00fbt, au petit matin, un homme a saut\u00e9 depuis le haut de la passerelle du&hellip;\n","protected":false},"author":2,"featured_media":338652,"comment_status":"","ping_status":"","sticky":false,"template":"","format":"standard","meta":{"footnotes":""},"categories":[1889],"tags":[1111,11,2430,1777,674,6017,1011,27,4430,2428,12,5020,26301,36830,25,26666],"class_list":{"0":"post-338651","1":"post","2":"type-post","3":"status-publish","4":"format-standard","5":"has-post-thumbnail","7":"category-lyon","8":"tag-actu","9":"tag-actualites","10":"tag-auvergne-rhone-alpes","11":"tag-eu","12":"tag-europe","13":"tag-fait-divers","14":"tag-fr","15":"tag-france","16":"tag-images","17":"tag-lyon","18":"tag-news","19":"tag-palais-de-justice","20":"tag-passerelle","21":"tag-plongeon","22":"tag-republique-francaise","23":"tag-saut"},"share_on_mastodon":{"url":"https:\/\/pubeurope.com\/@fr\/115078504496857762","error":""},"_links":{"self":[{"href":"https:\/\/www.europesays.com\/fr\/wp-json\/wp\/v2\/posts\/338651","targetHints":{"allow":["GET"]}}],"collection":[{"href":"https:\/\/www.europesays.com\/fr\/wp-json\/wp\/v2\/posts"}],"about":[{"href":"https:\/\/www.europesays.com\/fr\/wp-json\/wp\/v2\/types\/post"}],"author":[{"embeddable":true,"href":"https:\/\/www.europesays.com\/fr\/wp-json\/wp\/v2\/users\/2"}],"replies":[{"embeddable":true,"href":"https:\/\/www.europesays.com\/fr\/wp-json\/wp\/v2\/comments?post=338651"}],"version-history":[{"count":0,"href":"https:\/\/www.europesays.com\/fr\/wp-json\/wp\/v2\/posts\/338651\/revisions"}],"wp:featuredmedia":[{"embeddable":true,"href":"https:\/\/www.europesays.com\/fr\/wp-json\/wp\/v2\/media\/338652"}],"wp:attachment":[{"href":"https:\/\/www.europesays.com\/fr\/wp-json\/wp\/v2\/media?parent=338651"}],"wp:term":[{"taxonomy":"category","embeddable":true,"href":"https:\/\/www.europesays.com\/fr\/wp-json\/wp\/v2\/categories?post=338651"},{"taxonomy":"post_tag","embeddable":true,"href":"https:\/\/www.europesays.com\/fr\/wp-json\/wp\/v2\/tags?post=338651"}],"curies":[{"name":"wp","href":"https:\/\/api.w.org\/{rel}","templated":true}]}}