{"id":338653,"date":"2025-08-23T14:16:14","date_gmt":"2025-08-23T14:16:14","guid":{"rendered":"https:\/\/www.europesays.com\/fr\/338653\/"},"modified":"2025-08-23T14:16:14","modified_gmt":"2025-08-23T14:16:14","slug":"en-pleines-bouffees-delirantes-le-passager-dun-vol-lyon-porto-tente-de-sintroduire-dans-le-cockpit-il-est-immobilise-et-lavion-fait-demi-tour","status":"publish","type":"post","link":"https:\/\/www.europesays.com\/fr\/338653\/","title":{"rendered":"En pleines bouff\u00e9es d\u00e9lirantes, le passager d\u2019un vol Lyon-Porto tente de s\u2019introduire dans le cockpit\u00a0: il est immobilis\u00e9 et l\u2019avion fait demi-tour"},"content":{"rendered":"<p>\n                                                                    l&rsquo;essentiel<br \/>\n                                                                Un passager d\u2019un vol Lyon-Porto a \u00e9t\u00e9 pris de bouff\u00e9es d\u00e9lirantes vendredi 22\u00a0ao\u00fbt et a tent\u00e9 de s\u2019introduire dans le cockpit de l\u2019avion. L\u2019appareil a d\u00fb faire demi-tour et l\u2019homme a \u00e9t\u00e9 hospitalis\u00e9.\n                            <\/p>\n<p>Le vol Lyon-Porto de la\u00a0compagnie EasyJet ne s\u2019est pas d\u00e9roul\u00e9 comme pr\u00e9vu vendredi 22\u00a0ao\u00fbt. Peu apr\u00e8s le d\u00e9collage de l\u2019<a href=\"https:\/\/www.ladepeche.fr\/economie\/aeronautique\/\" target=\"_self\" rel=\"nofollow noopener\">avion<\/a> depuis l\u2019a\u00e9roport de Lyon Saint-Exup\u00e9ry en direction du Portugal, un jeune homme\u00a0de 26 ans a tent\u00e9 d\u2019entrer dans le cockpit.<\/p>\n<p class=\"std-elt__inline\">\n        <strong>\u00c0 lire aussi :<\/strong><br \/>\n        <a href=\"https:\/\/www.ladepeche.fr\/2025\/04\/29\/video-vous-ne-savez-pas-a-qui-vous-parlez-chaos-a-bord-de-lavion-une-passagere-tente-de-penetrer-dans-le-cockpit-de-lappareil-12666833.php\" rel=\"nofollow noopener\" target=\"_blank\">VIDEO. \u00ab\u00a0Vous ne savez pas \u00e0 qui vous parlez\u00a0\u00bb\u00a0: chaos \u00e0 bord de l\u2019avion, une passag\u00e8re tente de p\u00e9n\u00e9trer dans le cockpit de l\u2019appareil<\/a>\n    <\/p>\n<p>Il a \u00e9t\u00e9 immobilis\u00e9 par d\u2019autres passagers et maintenu entrav\u00e9 jusqu\u2019au retour \u00e0 l\u2019a\u00e9roport, o\u00f9 il a \u00e9t\u00e9 plac\u00e9 en garde \u00e0 vue, a indiqu\u00e9 la police fran\u00e7aise.<\/p>\n<p>Un comportement brusque et irrationnel<\/p>\n<p>Selon la m\u00eame source, des examens m\u00e9dicaux ont confirm\u00e9 que le jeune portugais, inconnu des services de police, souffrait de mal de l\u2019air et de bouff\u00e9es d\u00e9lirantes.<\/p>\n<p>Il s\u2019agit d\u2019\u00e9pisodes de d\u00e9lire \u00ab\u00a0pendant lesquels la personne tient des propos incoh\u00e9rents ou adopte un comportement irrationnel\u00a0\u00bb, indique le site sp\u00e9cialis\u00e9 en sant\u00e9 <a href=\"https:\/\/www.vidal.fr\/maladies\/psychisme\/bouffee-delirante.html\" target=\"_self\" rel=\"nofollow noopener\">Vidal<\/a>. Ils surviennent de mani\u00e8re soudaine et les individus atteints n\u2019ont pas conscience qu\u2019ils d\u00e9lirent.<\/p>\n<p>L\u2019homme a \u00e9t\u00e9<a href=\"https:\/\/www.ladepeche.fr\/sante\/hopital\/\" target=\"_self\" rel=\"nofollow noopener\"> hospitalis\u00e9<\/a>, et le vol a quant \u00e0 lui\u00a0red\u00e9coll\u00e9 vers Porto o\u00f9 il a atterri en fin de soir\u00e9e vendredi 22\u00a0ao\u00fbt, a indiqu\u00e9 EasyJet.<\/p>\n","protected":false},"excerpt":{"rendered":"l&rsquo;essentiel Un passager d\u2019un vol Lyon-Porto a \u00e9t\u00e9 pris de bouff\u00e9es d\u00e9lirantes vendredi 22\u00a0ao\u00fbt et a tent\u00e9 de&hellip;\n","protected":false},"author":2,"featured_media":338654,"comment_status":"","ping_status":"","sticky":false,"template":"","format":"standard","meta":{"footnotes":""},"categories":[1889],"tags":[1111,11,2430,1777,674,1011,27,2428,12,25],"class_list":{"0":"post-338653","1":"post","2":"type-post","3":"status-publish","4":"format-standard","5":"has-post-thumbnail","7":"category-lyon","8":"tag-actu","9":"tag-actualites","10":"tag-auvergne-rhone-alpes","11":"tag-eu","12":"tag-europe","13":"tag-fr","14":"tag-france","15":"tag-lyon","16":"tag-news","17":"tag-republique-francaise"},"share_on_mastodon":{"url":"https:\/\/pubeurope.com\/@fr\/115078508247649781","error":""},"_links":{"self":[{"href":"https:\/\/www.europesays.com\/fr\/wp-json\/wp\/v2\/posts\/338653","targetHints":{"allow":["GET"]}}],"collection":[{"href":"https:\/\/www.europesays.com\/fr\/wp-json\/wp\/v2\/posts"}],"about":[{"href":"https:\/\/www.europesays.com\/fr\/wp-json\/wp\/v2\/types\/post"}],"author":[{"embeddable":true,"href":"https:\/\/www.europesays.com\/fr\/wp-json\/wp\/v2\/users\/2"}],"replies":[{"embeddable":true,"href":"https:\/\/www.europesays.com\/fr\/wp-json\/wp\/v2\/comments?post=338653"}],"version-history":[{"count":0,"href":"https:\/\/www.europesays.com\/fr\/wp-json\/wp\/v2\/posts\/338653\/revisions"}],"wp:featuredmedia":[{"embeddable":true,"href":"https:\/\/www.europesays.com\/fr\/wp-json\/wp\/v2\/media\/338654"}],"wp:attachment":[{"href":"https:\/\/www.europesays.com\/fr\/wp-json\/wp\/v2\/media?parent=338653"}],"wp:term":[{"taxonomy":"category","embeddable":true,"href":"https:\/\/www.europesays.com\/fr\/wp-json\/wp\/v2\/categories?post=338653"},{"taxonomy":"post_tag","embeddable":true,"href":"https:\/\/www.europesays.com\/fr\/wp-json\/wp\/v2\/tags?post=338653"}],"curies":[{"name":"wp","href":"https:\/\/api.w.org\/{rel}","templated":true}]}}