{"id":338655,"date":"2025-08-23T14:19:10","date_gmt":"2025-08-23T14:19:10","guid":{"rendered":"https:\/\/www.europesays.com\/fr\/338655\/"},"modified":"2025-08-23T14:19:10","modified_gmt":"2025-08-23T14:19:10","slug":"il-defend-sa-petite-amie-dans-le-tramway-et-se-fait-poignarder-a-plusieurs-reprises","status":"publish","type":"post","link":"https:\/\/www.europesays.com\/fr\/338655\/","title":{"rendered":"il d\u00e9fend sa petite amie dans le tramway et se fait poignarder \u00e0 plusieurs reprises"},"content":{"rendered":"<p>            Par<br \/>\n        <strong><br \/>\n            <a href=\"https:\/\/actu.fr\/auteur\/thomas-martin\" title=\"Consulter tous les articles de Thomas Martin\" rel=\"nofollow noopener\" target=\"_blank\">Thomas Martin<\/a><br \/>\n        <\/strong><\/p>\n<p>        Publi\u00e9 le<\/p>\n<p>            23 ao\u00fbt 2025 \u00e0 16h11        <\/p>\n<p>La soir\u00e9e s\u2019est termin\u00e9e dans le sang \u00e0 Paris sur la ligne du tramway T3a. A hauteur de la porte de Vanves (14e arrondissement), ce samedi 23 ao\u00fbt vers 0h15, un homme a re\u00e7u plusieurs coups de couteau. Un suspect a \u00e9t\u00e9 interpell\u00e9 dans le 15e arrondissement et plac\u00e9 en garde \u00e0 vue. Une enqu\u00eate du chef de tentative d\u2019homicide volontaire a \u00e9t\u00e9 confi\u00e9e au 3\u00e8me district de la police judiciaire, indique le parquet \u00e0 actu Paris.\u00a0<\/p>\n<p class=\" wall-content\">Selon <a href=\"https:\/\/www.francebleu.fr\/infos\/faits-divers-justice\/paris-un-homme-poignarde-a-plusieurs-reprises-apres-avoir-defendu-sa-femme-importunee-dans-le-tramway-2652048\" rel=\"nofollow noopener\" target=\"_blank\">Ici<\/a>, le suspect aurait bouscul\u00e9 puis insulte une passag\u00e8re du tramway qui se circulait avec son compagnon qui aurait protest\u00e9 face \u00e0 ce comportement. Les deux hommes seraient sortis du tramway et l\u2019auteur des insultes aurait alors donn\u00e9 plusieurs coups de couteau \u00e0 la victime.\u00a0<\/p>\n<p class=\" wall-content\">Selon <a href=\"https:\/\/www.lefigaro.fr\/faits-divers\/paris-un-jeune-homme-poignarde-apres-avoir-defendu-sa-petite-amie-insultee-dans-le-tramway-20250823\" rel=\"nofollow noopener\" target=\"_blank\">Le Figaro<\/a>, cette derni\u00e8re s\u2019est effondr\u00e9e au sol avant d\u2019\u00eatre prise en charge par le SAMU et transport\u00e9e en urgence absolue \u00e0 l\u2019h\u00f4pital Georges Pompidou. Ses jours ne seraient pas en danger.<\/p>\n<p class=\" wall-content\">\u00ab\u00a0Les investigations se poursuivent\u00a0\u00bb, indique le parquet de Paris.\u00a0<\/p>\n<p class=\" wall-content\">Personnalisez votre actualit\u00e9 en ajoutant vos villes et m\u00e9dias en favori avec <a href=\"https:\/\/moncompte.actu.fr\" title=\"D\u00e9couvez Mon Actu\" rel=\"nofollow noopener\" data-trk=\"{&quot;cta&quot;:{&quot;action&quot;:&quot;https:\\\/\\\/moncompte.actu.fr&quot;,&quot;category&quot;:&quot;mon compte&quot;,&quot;from&quot;:&quot;article footer&quot;,&quot;name&quot;:&quot;Mon actu&quot;,&quot;type&quot;:&quot;cta&quot;}}\" target=\"_blank\">Mon Actu<\/a>.<\/p>\n","protected":false},"excerpt":{"rendered":"Par Thomas Martin Publi\u00e9 le 23 ao\u00fbt 2025 \u00e0 16h11 La soir\u00e9e s\u2019est termin\u00e9e dans le sang \u00e0&hellip;\n","protected":false},"author":2,"featured_media":338656,"comment_status":"","ping_status":"","sticky":false,"template":"","format":"standard","meta":{"footnotes":""},"categories":[1888],"tags":[1111,1928,11,1927,1777,674,118,1011,27,12,1926,626,1925,1072,25],"class_list":{"0":"post-338655","1":"post","2":"type-post","3":"status-publish","4":"format-standard","5":"has-post-thumbnail","7":"category-paris","8":"tag-actu","9":"tag-actu-paris","10":"tag-actualites","11":"tag-actualites-paris","12":"tag-eu","13":"tag-europe","14":"tag-faits-divers","15":"tag-fr","16":"tag-france","17":"tag-news","18":"tag-news-paris","19":"tag-paris","20":"tag-paris-news","21":"tag-police","22":"tag-republique-francaise"},"share_on_mastodon":{"url":"https:\/\/pubeurope.com\/@fr\/115078520191837533","error":""},"_links":{"self":[{"href":"https:\/\/www.europesays.com\/fr\/wp-json\/wp\/v2\/posts\/338655","targetHints":{"allow":["GET"]}}],"collection":[{"href":"https:\/\/www.europesays.com\/fr\/wp-json\/wp\/v2\/posts"}],"about":[{"href":"https:\/\/www.europesays.com\/fr\/wp-json\/wp\/v2\/types\/post"}],"author":[{"embeddable":true,"href":"https:\/\/www.europesays.com\/fr\/wp-json\/wp\/v2\/users\/2"}],"replies":[{"embeddable":true,"href":"https:\/\/www.europesays.com\/fr\/wp-json\/wp\/v2\/comments?post=338655"}],"version-history":[{"count":0,"href":"https:\/\/www.europesays.com\/fr\/wp-json\/wp\/v2\/posts\/338655\/revisions"}],"wp:featuredmedia":[{"embeddable":true,"href":"https:\/\/www.europesays.com\/fr\/wp-json\/wp\/v2\/media\/338656"}],"wp:attachment":[{"href":"https:\/\/www.europesays.com\/fr\/wp-json\/wp\/v2\/media?parent=338655"}],"wp:term":[{"taxonomy":"category","embeddable":true,"href":"https:\/\/www.europesays.com\/fr\/wp-json\/wp\/v2\/categories?post=338655"},{"taxonomy":"post_tag","embeddable":true,"href":"https:\/\/www.europesays.com\/fr\/wp-json\/wp\/v2\/tags?post=338655"}],"curies":[{"name":"wp","href":"https:\/\/api.w.org\/{rel}","templated":true}]}}