{"id":338661,"date":"2025-08-23T14:22:26","date_gmt":"2025-08-23T14:22:26","guid":{"rendered":"https:\/\/www.europesays.com\/fr\/338661\/"},"modified":"2025-08-23T14:22:26","modified_gmt":"2025-08-23T14:22:26","slug":"garcia-gouiri-et-weah-titulaires-decouvrez-la-compo-olympienne","status":"publish","type":"post","link":"https:\/\/www.europesays.com\/fr\/338661\/","title":{"rendered":"Garcia, Gouiri et Weah titulaires, d\u00e9couvrez la compo olympienne"},"content":{"rendered":"<p>Supporters olympiens, bienvenue \u00e0 tous !<\/p>\n<p>Bonjour bonjour, et bienvenue sur le\u00a0live\u00a0de\u00a0La Provence\u00a0du grand retour de l&rsquo;OM au V\u00e9lodrome cette saison ! On aurait aim\u00e9 pouvoir dire que c&rsquo;est une f\u00eate, que l&rsquo;armada olympienne joue le titre cette saison et que le public marseillais est heureux de retrouver ses chouchous, mais \u00e0 peine une semaine apr\u00e8s le d\u00e9but de la saison, le club ciel et blanc est d\u00e9j\u00e0 en crise. Une d\u00e9faite \u00e0 Rennes, une bagarre dans le vestiaire entre Adrien Rabiot et Jonathan Rowe, la mise \u00e0 l&rsquo;\u00e9cart d\u00e9finitive des deux hommes, et les interviews assassines des uns et des autres ont conf\u00e9r\u00e9 au match du jour une importance d\u00e9j\u00e0 capitale face \u00e0 un promu, le Paris FC. Au moins, c&rsquo;est le football qui va reprendre ses droits le temps d&rsquo;une apr\u00e8s-midi, et c&rsquo;est d\u00e9j\u00e0 \u00e7a ! Alors on s&rsquo;installe tranquillement en attendant les compos, et on va guetter, aussi, l&rsquo;accueil que va r\u00e9server le Vel&rsquo; \u00e0 son \u00e9quipe.\u00a0<\/p>\n","protected":false},"excerpt":{"rendered":"Supporters olympiens, bienvenue \u00e0 tous ! Bonjour bonjour, et bienvenue sur le\u00a0live\u00a0de\u00a0La Provence\u00a0du grand retour de l&rsquo;OM au&hellip;\n","protected":false},"author":2,"featured_media":338662,"comment_status":"","ping_status":"","sticky":false,"template":"","format":"standard","meta":{"footnotes":""},"categories":[1888],"tags":[11,1777,674,1011,27,66,12,149,626,25],"class_list":{"0":"post-338661","1":"post","2":"type-post","3":"status-publish","4":"format-standard","5":"has-post-thumbnail","7":"category-paris","8":"tag-actualites","9":"tag-eu","10":"tag-europe","11":"tag-fr","12":"tag-france","13":"tag-ligue-1","14":"tag-news","15":"tag-om","16":"tag-paris","17":"tag-republique-francaise"},"share_on_mastodon":{"url":"https:\/\/pubeurope.com\/@fr\/115078531913159904","error":""},"_links":{"self":[{"href":"https:\/\/www.europesays.com\/fr\/wp-json\/wp\/v2\/posts\/338661","targetHints":{"allow":["GET"]}}],"collection":[{"href":"https:\/\/www.europesays.com\/fr\/wp-json\/wp\/v2\/posts"}],"about":[{"href":"https:\/\/www.europesays.com\/fr\/wp-json\/wp\/v2\/types\/post"}],"author":[{"embeddable":true,"href":"https:\/\/www.europesays.com\/fr\/wp-json\/wp\/v2\/users\/2"}],"replies":[{"embeddable":true,"href":"https:\/\/www.europesays.com\/fr\/wp-json\/wp\/v2\/comments?post=338661"}],"version-history":[{"count":0,"href":"https:\/\/www.europesays.com\/fr\/wp-json\/wp\/v2\/posts\/338661\/revisions"}],"wp:featuredmedia":[{"embeddable":true,"href":"https:\/\/www.europesays.com\/fr\/wp-json\/wp\/v2\/media\/338662"}],"wp:attachment":[{"href":"https:\/\/www.europesays.com\/fr\/wp-json\/wp\/v2\/media?parent=338661"}],"wp:term":[{"taxonomy":"category","embeddable":true,"href":"https:\/\/www.europesays.com\/fr\/wp-json\/wp\/v2\/categories?post=338661"},{"taxonomy":"post_tag","embeddable":true,"href":"https:\/\/www.europesays.com\/fr\/wp-json\/wp\/v2\/tags?post=338661"}],"curies":[{"name":"wp","href":"https:\/\/api.w.org\/{rel}","templated":true}]}}