{"id":338663,"date":"2025-08-23T14:23:10","date_gmt":"2025-08-23T14:23:10","guid":{"rendered":"https:\/\/www.europesays.com\/fr\/338663\/"},"modified":"2025-08-23T14:23:10","modified_gmt":"2025-08-23T14:23:10","slug":"on-entend-deja-les-moteurs-rugir-la-turquie-sarme-deurofighter-et-ecrase-lequilibre-fragile-entre-grece-russie-et-amerique","status":"publish","type":"post","link":"https:\/\/www.europesays.com\/fr\/338663\/","title":{"rendered":"\u00ab On entend d\u00e9j\u00e0 les moteurs rugir \u00bb : la Turquie s\u2019arme d\u2019Eurofighter et \u00e9crase l\u2019\u00e9quilibre fragile entre Gr\u00e8ce, Russie et Am\u00e9rique"},"content":{"rendered":"<tr>\n<td><strong>EN BREF<\/strong><\/td>\n<\/tr>\n<tr>\n<td>\n<ul>\n<li>\u2708\ufe0f La Turquie modernise sa flotte a\u00e9rienne avec des <strong>Eurofighter Typhoon<\/strong> pour remplacer ses anciens F-4 et F-16.<\/li>\n<li>\ud83c\uddf9\ud83c\uddf7 Ce choix strat\u00e9gique affirme l\u2019<strong>ind\u00e9pendance<\/strong> d\u2019Ankara vis-\u00e0-vis des contraintes am\u00e9ricaines.<\/li>\n<li>\ud83e\udd1d En s\u2019alliant avec l\u2019Europe, la Turquie renforce son engagement au sein de l\u2019<strong>OTAN<\/strong> tout en diversifiant ses partenariats.<\/li>\n<li>\ud83c\udf0d Les cons\u00e9quences r\u00e9gionales incluent un impact potentiel sur la <strong>stabilit\u00e9<\/strong> et les relations bilat\u00e9rales.<\/li>\n<\/ul>\n<\/td>\n<\/tr>\n<p>La Turquie a r\u00e9cemment pris une d\u00e9cision strat\u00e9gique en choisissant d\u2019acqu\u00e9rir des chasseurs Eurofighter Typhoon pour moderniser sa flotte a\u00e9rienne. Ce choix est motiv\u00e9 par le besoin de remplacer des appareils vieillissants comme les F-4 et F-16. En parall\u00e8le, ce mouvement s\u2019inscrit dans une volont\u00e9 d\u2019affirmer son ind\u00e9pendance strat\u00e9gique vis-\u00e0-vis des \u00c9tats-Unis tout en renfor\u00e7ant ses alliances au sein de l\u2019OTAN. Les implications de cet achat sont multiples, touchant \u00e0 la fois aux relations bilat\u00e9rales avec ses voisins et \u00e0 la stabilit\u00e9 r\u00e9gionale. Cette d\u00e9cision marque une \u00e9tape cruciale dans la politique de d\u00e9fense turque.<\/p>\n<p>Une modernisation indispensable<\/p>\n<p>La n\u00e9cessit\u00e9 pour la Turquie de moderniser sa flotte a\u00e9rienne s\u2019impose depuis plusieurs ann\u00e9es. Les F-4 et F-16, qui composent actuellement une grande partie de ses forces, ne sont plus \u00e0 la hauteur des exigences contemporaines. En choisissant les Eurofighter Typhoon, Ankara adopte des technologies de pointe. Ces appareils multir\u00f4les offrent des capacit\u00e9s avanc\u00e9es, essentielles face aux menaces actuelles.<\/p>\n<p>La modernisation est \u00e9galement motiv\u00e9e par les retards du programme TF-X, un projet ambitieux de d\u00e9veloppement d\u2019un chasseur indig\u00e8ne. En attendant la maturit\u00e9 de ce programme, les Eurofighter comblent un vide strat\u00e9gique. Cette acquisition montre aussi la capacit\u00e9 de la Turquie \u00e0 s\u2019affranchir des contraintes am\u00e9ricaines, surtout apr\u00e8s les tensions li\u00e9es au programme F-35.<\/p>\n<blockquote class=\"wp-embedded-content\" data-secret=\"0EqLRXanSU\">\n<p><a href=\"https:\/\/www.le-gaz.fr\/2025\/08\/09\/vingt-deux-milliards-et-toujours-pas-branche-lepr-de-flamanville-multiplie-retards-et-soupapes-defectueuses-malgre-1-500-tests-de-securite\/\" rel=\"nofollow noopener\" target=\"_blank\">\u00ab Vingt-deux milliards et toujours pas branch\u00e9 \u00bb : l\u2019EPR de Flamanville multiplie retards et soupapes d\u00e9fectueuses malgr\u00e9 1 500 tests de s\u00e9curit\u00e9<\/a><\/p>\n<\/blockquote>\n<p>Un message politique fort<\/p>\n<p>Le choix des Eurofighter Typhoon d\u00e9passe le cadre technique. Il s\u2019agit d\u2019un message politique fort. En optant pour des chasseurs europ\u00e9ens, la Turquie affiche sa volont\u00e9 de diversifier ses alliances militaires. Ce geste est per\u00e7u comme une affirmation d\u2019ind\u00e9pendance vis-\u00e0-vis des \u00c9tats-Unis, surtout apr\u00e8s l\u2019exclusion de la Turquie du programme F-35.<\/p>\n<p>En collaborant avec des partenaires europ\u00e9ens pour sa d\u00e9fense, Ankara r\u00e9affirme son engagement envers l\u2019OTAN. Ce choix strat\u00e9gique pourrait influencer les rapports de force dans la r\u00e9gion, notamment avec la Gr\u00e8ce et d\u2019autres voisins m\u00e9diterran\u00e9ens. La Turquie montre ainsi qu\u2019elle reste un acteur cl\u00e9 au sein de l\u2019alliance tout en affirmant sa souverainet\u00e9 strat\u00e9gique.<\/p>\n<blockquote class=\"wp-embedded-content\" data-secret=\"hLt8zlXql1\">\n<p><a href=\"https:\/\/www.le-gaz.fr\/2025\/08\/15\/jai-tente-limpossible-un-homme-ivre-arrete-apres-une-tentative-de-vol-spectaculaire-dans-une-station-service\/\" rel=\"nofollow noopener\" target=\"_blank\">\u00ab J\u2019ai tent\u00e9 l\u2019impossible \u00bb : un homme ivre arr\u00eat\u00e9 apr\u00e8s une tentative de vol spectaculaire dans une station-service<\/a><\/p>\n<\/blockquote>\n<p>Les implications r\u00e9gionales<\/p>\n<p>L\u2019achat des Eurofighter Typhoon par la Turquie a des cons\u00e9quences significatives pour la r\u00e9gion. Ces chasseurs offrent un avantage technologique notable par rapport \u00e0 certains de ses voisins, ce qui pourrait exacerber les tensions existantes, notamment avec la Gr\u00e8ce. Les d\u00e9saccords sur des questions territoriales et maritimes pourraient s\u2019intensifier.<\/p>\n<p>De plus, cet achat pourrait inciter d\u2019autres pays de la r\u00e9gion \u00e0 revoir leurs strat\u00e9gies de d\u00e9fense. La course \u00e0 l\u2019armement pourrait reprendre, chaque nation cherchant \u00e0 \u00e9viter d\u2019\u00eatre d\u00e9pass\u00e9e technologiquement. Les implications de ce changement strat\u00e9gique sont vastes, tant pour la stabilit\u00e9 r\u00e9gionale que pour les relations bilat\u00e9rales entre les pays concern\u00e9s.<\/p>\n<p>L\u2019avenir de la d\u00e9fense turque<\/p>\n<p>Avec cette acquisition, la Turquie vise \u00e0 s\u2019affirmer comme un leader r\u00e9gional en mati\u00e8re de d\u00e9fense. Les Eurofighter Typhoon repr\u00e9sentent une \u00e9tape vers cet objectif. Malgr\u00e9 les retards, le programme TF-X reste une priorit\u00e9 et pourrait transformer l\u2019industrie de la d\u00e9fense turque.<\/p>\n<p>Le d\u00e9veloppement de la politique de d\u00e9fense turque sera \u00e0 surveiller. La Turquie doit naviguer entre ses ambitions de souverainet\u00e9 militaire et ses engagements internationaux. Le succ\u00e8s de cette strat\u00e9gie d\u00e9pendra de sa capacit\u00e9 \u00e0 \u00e9quilibrer ces diff\u00e9rents aspects tout en maintenant une coop\u00e9ration constructive avec ses partenaires.<\/p>\n<p>La Turquie, par cet achat, red\u00e9finit \u00e0 la fois son paysage militaire et ses alliances. Cette d\u00e9cision soul\u00e8ve des questions sur l\u2019avenir de ses relations avec les \u00c9tats-Unis et l\u2019Europe, ainsi que son r\u00f4le au sein de l\u2019OTAN. Comment la Turquie parviendra-t-elle \u00e0 harmoniser ses ambitions militaires avec ses engagements internationaux ?<\/p>\n<p>Cet article s\u2019appuie sur des sources v\u00e9rifi\u00e9es et l\u2019assistance de technologies \u00e9ditoriales.<\/p>\n<p id=\"rating\">\u00c7a vous a plu ?\u00a04.4\/5 (27)<\/p>\n","protected":false},"excerpt":{"rendered":"EN BREF \u2708\ufe0f La Turquie modernise sa flotte a\u00e9rienne avec des Eurofighter Typhoon pour remplacer ses anciens F-4&hellip;\n","protected":false},"author":2,"featured_media":338664,"comment_status":"","ping_status":"","sticky":false,"template":"","format":"standard","meta":{"footnotes":""},"categories":[1591],"tags":[11,1887,12,1885,1886,132],"class_list":{"0":"post-338663","1":"post","2":"type-post","3":"status-publish","4":"format-standard","5":"has-post-thumbnail","7":"category-russie","8":"tag-actualites","9":"tag-federation-de-russie","10":"tag-news","11":"tag-russia","12":"tag-russian-federation","13":"tag-russie"},"share_on_mastodon":{"url":"https:\/\/pubeurope.com\/@fr\/115078535853915791","error":""},"_links":{"self":[{"href":"https:\/\/www.europesays.com\/fr\/wp-json\/wp\/v2\/posts\/338663","targetHints":{"allow":["GET"]}}],"collection":[{"href":"https:\/\/www.europesays.com\/fr\/wp-json\/wp\/v2\/posts"}],"about":[{"href":"https:\/\/www.europesays.com\/fr\/wp-json\/wp\/v2\/types\/post"}],"author":[{"embeddable":true,"href":"https:\/\/www.europesays.com\/fr\/wp-json\/wp\/v2\/users\/2"}],"replies":[{"embeddable":true,"href":"https:\/\/www.europesays.com\/fr\/wp-json\/wp\/v2\/comments?post=338663"}],"version-history":[{"count":0,"href":"https:\/\/www.europesays.com\/fr\/wp-json\/wp\/v2\/posts\/338663\/revisions"}],"wp:featuredmedia":[{"embeddable":true,"href":"https:\/\/www.europesays.com\/fr\/wp-json\/wp\/v2\/media\/338664"}],"wp:attachment":[{"href":"https:\/\/www.europesays.com\/fr\/wp-json\/wp\/v2\/media?parent=338663"}],"wp:term":[{"taxonomy":"category","embeddable":true,"href":"https:\/\/www.europesays.com\/fr\/wp-json\/wp\/v2\/categories?post=338663"},{"taxonomy":"post_tag","embeddable":true,"href":"https:\/\/www.europesays.com\/fr\/wp-json\/wp\/v2\/tags?post=338663"}],"curies":[{"name":"wp","href":"https:\/\/api.w.org\/{rel}","templated":true}]}}