{"id":33868,"date":"2025-04-18T10:46:10","date_gmt":"2025-04-18T10:46:10","guid":{"rendered":"https:\/\/www.europesays.com\/fr\/33868\/"},"modified":"2025-04-18T10:46:10","modified_gmt":"2025-04-18T10:46:10","slug":"faites-le-plein-de-chasse-aux-oeufs-ce-week-end","status":"publish","type":"post","link":"https:\/\/www.europesays.com\/fr\/33868\/","title":{"rendered":"faites le plein de chasse aux \u0153ufs ce week-end"},"content":{"rendered":"<p class=\"insetTitle\">Lyon &#8211; D\u2019autres chasses au-del\u00e0 des fronti\u00e8res<\/p>\n<p>De l\u2019Ain \u00e0 l\u2019Ard\u00e8che, voici quelques pistes suppl\u00e9mentaires dans des lieux qui permettent aussi de faire une journ\u00e9e d\u2019activit\u00e9s.<\/p>\n<p>Ain\u00a0: le parc des Oiseaux tr\u00e8s color\u00e9<\/p>\n<p>\u00c0 Villars-les-Dombes (Ain), <a href=\"https:\/\/www.leprogres.fr\/societe\/2025\/04\/02\/parc-des-oiseaux-la-saison-2025-en-5-temps-forts\" target=\"_blank\" rel=\"noopener\">le parc des Oiseaux<\/a> est fid\u00e8le au rendez-vous de P\u00e2ques. Sa chasse aux \u0153ufs, organis\u00e9e du 19 au 21\u00a0avril, s\u2019adresse aux jeunes visiteurs (de 3 \u00e0 12 ans) qui devront chercher quatre \u0153ufs de couleurs diff\u00e9rentes afin de les \u00e9changer contre des chocolats. \u00c0 noter qu\u2019\u00e0 partir du 19\u00a0avril, le parc accueille aussi en son sein le cirque Medrano qui propose un spectacle de 45 minutes inclus dans le billet d\u2019entr\u00e9e du parc.<\/p>\n<p class=\"note\">Chasse aux \u0153ufs comprise dans le prix du billet d\u2019entr\u00e9e (ouverture de 9\u00a0h\u00a030 \u00e0 18 heures). <a href=\"https:\/\/www.parcdesoiseaux.com\" target=\"_blank\" rel=\"noopener\">www.parcdesoiseaux.com<\/a><\/p>\n<p>Ard\u00e8che\u00a0: chasse aux \u0153ufs g\u00e9ante \u00e0 Peaugres<\/p>\n<p>Le Safari de Peaugres organise pendant trois jours une chasse aux \u0153ufs de P\u00e2ques\u00a0: les visiteurs partiront \u00e0 la recherche des \u0153ufs pour les \u00e9changer contre une surprise chocolat\u00e9e. Plus largement, le parc animalier propose des animations pendant toutes les vacances scolaires, avec notamment un parcours pour en savoir plus sur les \u0153ufs des animaux ou encore un \u00ab\u00a0\u0153uf d\u2019or\u00a0\u00bb dissimul\u00e9 dans le site \u00e0 retrouver chaque jour et \u00e0 \u00e9changer contre du chocolat.<\/p>\n<p class=\"note\">Chasse aux \u0153ufs les 19, 20 et 21\u00a0avril, inclus dans le billet d\u2019entr\u00e9e. Tarif 1 jour\u00a0: 23,50 euros (enfants), 27,90 euros (adultes). Parc ouvert tous les jours pendant les vacances scolaires. <a href=\"https:\/\/www.safari-peaugres.com\" target=\"_blank\" rel=\"noopener\">www.safari-peaugres.com<\/a><\/p>\n<p>Ain\u00a0: ambiance pr\u00e9historique aux grottes du Cerdon<\/p>\n<p>Situ\u00e9 \u00e0 1 heure de Lyon, le parc des grottes du Cerdon rouvre totalement ses portes ce dimanche pour une nouvelle saison <a href=\"https:\/\/www.leprogres.fr\/culture-loisirs\/2025\/04\/05\/aux-grottes-du-cerdon-apprendre-la-prehistoire-mais-aussi-les-cultures-du-monde\" target=\"_blank\" rel=\"noopener\">\u00e0 l\u2019occasion du week-end de P\u00e2ques.<\/a> Il propose pendant deux jours une chasse aux \u0153ufs dans une atmosph\u00e8re pr\u00e9historique, aux c\u00f4t\u00e9s de deux enfants charg\u00e9s de sauver une tribu en danger. Les nombreux \u0153ufs cach\u00e9s dans le parc serviront de monnaie d\u2019\u00e9change contre des chocolats. Des visites en autonomie des grottes sont aussi possibles d\u00e8s ce samedi et le site est ouvert tous les jours pendant les vacances scolaires.<\/p>\n<p class=\"note\">Le dimanche\u00a020 et le lundi 21\u00a0avril, entre 11 et 17 heures \u00e0 Labalme, Cerdon. Inclus dans le prix du billet \u00ab\u00a0animations pr\u00e9historiques\u00a0\u00bb ou \u00ab\u00a0billet coupl\u00e9\u00a0\u00bb. Tarifs\u00a0: 13 ou 16\u00a0\u20ac, gratuit pour les moins de 4 ans. <a href=\"https:\/\/www.grotte-cerdon.com\" target=\"_blank\" rel=\"noopener\">www.grotte-cerdon.com<\/a><\/p>\n","protected":false},"excerpt":{"rendered":"Lyon &#8211; D\u2019autres chasses au-del\u00e0 des fronti\u00e8res De l\u2019Ain \u00e0 l\u2019Ard\u00e8che, voici quelques pistes suppl\u00e9mentaires dans des lieux&hellip;\n","protected":false},"author":2,"featured_media":33869,"comment_status":"","ping_status":"","sticky":false,"template":"","format":"standard","meta":{"footnotes":""},"categories":[1889],"tags":[1111,11,2430,9492,1687,3152,2757,3154,3155,1777,674,1011,27,2428,11155,11154,12,25,2429,11157,11156,3140],"class_list":{"0":"post-33868","1":"post","2":"type-post","3":"status-publish","4":"format-standard","5":"has-post-thumbnail","7":"category-lyon","8":"tag-actu","9":"tag-actualites","10":"tag-auvergne-rhone-alpes","11":"tag-bron","12":"tag-culture-loisirs","13":"tag-edition-est-lyonnais","14":"tag-edition-lyon-villeurbanne","15":"tag-edition-sud-lyonnais","16":"tag-edition-tarare","17":"tag-eu","18":"tag-europe","19":"tag-fr","20":"tag-france","21":"tag-lyon","22":"tag-miribel","23":"tag-montrottier","24":"tag-news","25":"tag-republique-francaise","26":"tag-rhone","27":"tag-saint-martin-en-haut","28":"tag-saint-romain-en-gal","29":"tag-spectacle"},"share_on_mastodon":{"url":"https:\/\/pubeurope.com\/@fr\/114358569196544229","error":""},"_links":{"self":[{"href":"https:\/\/www.europesays.com\/fr\/wp-json\/wp\/v2\/posts\/33868","targetHints":{"allow":["GET"]}}],"collection":[{"href":"https:\/\/www.europesays.com\/fr\/wp-json\/wp\/v2\/posts"}],"about":[{"href":"https:\/\/www.europesays.com\/fr\/wp-json\/wp\/v2\/types\/post"}],"author":[{"embeddable":true,"href":"https:\/\/www.europesays.com\/fr\/wp-json\/wp\/v2\/users\/2"}],"replies":[{"embeddable":true,"href":"https:\/\/www.europesays.com\/fr\/wp-json\/wp\/v2\/comments?post=33868"}],"version-history":[{"count":0,"href":"https:\/\/www.europesays.com\/fr\/wp-json\/wp\/v2\/posts\/33868\/revisions"}],"wp:featuredmedia":[{"embeddable":true,"href":"https:\/\/www.europesays.com\/fr\/wp-json\/wp\/v2\/media\/33869"}],"wp:attachment":[{"href":"https:\/\/www.europesays.com\/fr\/wp-json\/wp\/v2\/media?parent=33868"}],"wp:term":[{"taxonomy":"category","embeddable":true,"href":"https:\/\/www.europesays.com\/fr\/wp-json\/wp\/v2\/categories?post=33868"},{"taxonomy":"post_tag","embeddable":true,"href":"https:\/\/www.europesays.com\/fr\/wp-json\/wp\/v2\/tags?post=33868"}],"curies":[{"name":"wp","href":"https:\/\/api.w.org\/{rel}","templated":true}]}}