{"id":338687,"date":"2025-08-23T14:38:12","date_gmt":"2025-08-23T14:38:12","guid":{"rendered":"https:\/\/www.europesays.com\/fr\/338687\/"},"modified":"2025-08-23T14:38:12","modified_gmt":"2025-08-23T14:38:12","slug":"les-explications-de-quartararo-fautif-au-depart-du-sprint","status":"publish","type":"post","link":"https:\/\/www.europesays.com\/fr\/338687\/","title":{"rendered":"Les explications de Quartararo, fautif au d\u00e9part du sprint"},"content":{"rendered":"<p><a href=\"https:\/\/fr.motorsport.com\/driver\/fabio-quartararo\/109400\/\" target=\"_blank\" rel=\"noopener\">Fabio Quartararo<\/a> s&rsquo;est fait remarquer au d\u00e9part du sprint sur le Balaton Park, mais pas comme il l&rsquo;avait esp\u00e9r\u00e9. Plac\u00e9 \u00e0 l&rsquo;int\u00e9rieur, il a tent\u00e9 un gros freinage \u00e0 l&rsquo;abord du premier virage de ce nouveau trac\u00e9. Sa man\u0153uvre, pour le moins audacieuse, aurait presque pu payer et lui offrir la deuxi\u00e8me place apr\u00e8s s&rsquo;\u00eatre \u00e9lanc\u00e9 en deuxi\u00e8me ligne, mais elle s&rsquo;est termin\u00e9e par une cabriole et un contact avec <a href=\"https:\/\/fr.motorsport.com\/driver\/enea-bastianini\/109398\/\" target=\"_blank\" rel=\"noopener\">Enea Bastianini<\/a>.<\/p>\n<p>Que le premier virage soit agit\u00e9, le pilote Yamaha s&rsquo;y attendait.\u00a0\u00ab\u00a0Pour \u00eatre honn\u00eate, oui\u00a0\u00bb, reconna\u00eet-il.\u00a0\u00ab\u00a0Pas forc\u00e9ment pour moi, mais apr\u00e8s le d\u00e9part, on arrive en troisi\u00e8me, et le premier virage est en premi\u00e8re, \u00e0 l&rsquo;arr\u00eat complet. C&rsquo;est tr\u00e8s \u00e9troit&#8230;\u00a0\u00bb<\/p>\n<p>Interrog\u00e9 sur cette tentative qui a mal tourn\u00e9, Fabio Quartararo ne pense pas avoir commis une si grosse erreur, bien qu&rsquo;il assume sans se cacher sa responsabilit\u00e9.<\/p>\n<p>\u00ab\u00a0Pour moi, mon point de freinage \u00e9tait plut\u00f4t correct\u00a0\u00bb, explique-t-il. \u00ab\u00a0Mais dans la poussi\u00e8re, sur la droite, avec Di Giannantonio qui a referm\u00e9 \u00e9videmment, j&rsquo;ai d\u00fb compl\u00e8tement rel\u00e2cher les freins pour l&rsquo;\u00e9viter. Mais apr\u00e8s j&rsquo;ai eu un autre probl\u00e8me car il y avait du monde devant. \u00c7a arrive&#8230; C&rsquo;\u00e9tait vraiment sale, et j&rsquo;ai vu que le pneu d&rsquo;\u00c1lex [M\u00e1rquez] \u00e9tait tr\u00e8s sale aussi. Quand on freine, la moto se bloque.\u00a0\u00bb<\/p>\n<p>Quartararo risque une sanction<br \/>\n   <img decoding=\"async\" draggable=\"false\" src=\"https:\/\/www.europesays.com\/fr\/wp-content\/uploads\/2025\/08\/1755959892_33_fabio-quartararo-yamaha-factor.jpg\" alt=\"Fabio Quartararo risque une p\u00e9nalit\u00e9 apr\u00e8s cet incident.\" width=\"1200\" height=\"800\" loading=\"lazy\"\/> <\/p>\n<p class=\"title\">Fabio Quartararo risque une p\u00e9nalit\u00e9 apr\u00e8s cet incident.<\/p>\n<p class=\"photographer\">Photo de: Gold and Goose Photography \/ LAT Images \/ via Getty Images<\/p>\n<p>Une enqu\u00eate a \u00e9t\u00e9 ouverte par les commissaires et, d&rsquo;ici le Grand Prix dimanche, Fabio Quartararo pourrait \u00eatre p\u00e9nalis\u00e9 pour cet incident qui a aussi co\u00fbt\u00e9 cher \u00e0 <a href=\"https:\/\/fr.motorsport.com\/driver\/marco-bezzecchi\/441839\/\" target=\"_blank\" rel=\"noopener\">Marco Bezzecchi<\/a>\u00a0et <a href=\"https:\/\/fr.motorsport.com\/driver\/pedro-acosta\/840236\/\" target=\"_blank\" rel=\"noopener\">Pedro Acosta<\/a> sur le d\u00e9but de course. Si jamais il venait \u00e0 partir sixi\u00e8me sans \u00eatre sanctionn\u00e9, le pilote tricolore ne se fait toutefois pas d&rsquo;illusions.\u00a0\u00ab\u00a0Garder notre position, je pense que c&rsquo;est impossible\u00a0\u00bb, pr\u00e9vient-il.\u00a0\u00ab\u00a0De mani\u00e8re r\u00e9aliste, on peut faire neuvi\u00e8me.\u00a0\u00bb<\/p>\n<p>Car son sixi\u00e8me chrono r\u00e9alis\u00e9 lors de la s\u00e9ance de qualifications, plus t\u00f4t dans la journ\u00e9e, est selon lui une nouvelle fois trompeur et loin de livrer la r\u00e9alit\u00e9 de la situation concernant les performances de sa machine.<\/p>\n<p>\u00ab\u00a0On n&rsquo;a rien trouv\u00e9, j&rsquo;ai juste r\u00e9ussi \u00e0 faire un bon tour\u00a0\u00bb, tranche-t-il. \u00ab\u00a0La piste s&rsquo;est aussi am\u00e9lior\u00e9e un peu, et tout le monde a plus ou moins progress\u00e9 d&rsquo;une demi-seconde par rapport \u00e0 hier. C&rsquo;est notre cas aussi, et ils sont plusieurs \u00e0 avoir fait une mauvaise qualif, comme \u00c1lex [M\u00e1rquez], Ferm\u00edn [Aldeguer], Acosta qui a chut\u00e9&#8230; C&rsquo;est super de partir de cette position, mais je ne pense pas que ce soit notre position r\u00e9elle. Donc je ne peux pas vraiment \u00eatre satisfait de \u00e7a.\u00a0\u00bb<\/p>\n<p><img decoding=\"async\" class=\"sizer\" draggable=\"false\" src=\"data:image\/png;base64,iVBORw0KGgoAAAANSUhEUgAAABAAAAAJCAYAAAA7KqwyAAAAGXRFWHRTb2Z0d2FyZQBBZG9iZSBJbWFnZVJlYWR5ccllPAAAABpJREFUeNpi\/P\/\/PwMlgImBQjBqwLAwACDAAOVfAw9\/ZDvcAAAAAElFTkSuQmCC\" alt=\"\" loading=\"lazy\"\/><\/p>\n<p class=\"title\">VID\u00c9O &#8211; R\u00c9SUM\u00c9 : La course sprint au GP de Hongrie<\/p>\n<p>Lire aussi :<\/p>\n<p>Dans cet article<\/p>\n<p>Soyez le premier inform\u00e9 et souscrivez aux alertes mails pour recevoir les infos en temps r\u00e9el<\/p>\n<p>    S&rsquo;abonner aux alertes de news<\/p>\n","protected":false},"excerpt":{"rendered":"Fabio Quartararo s&rsquo;est fait remarquer au d\u00e9part du sprint sur le Balaton Park, mais pas comme il l&rsquo;avait&hellip;\n","protected":false},"author":2,"featured_media":338688,"comment_status":"","ping_status":"","sticky":false,"template":"","format":"standard","meta":{"footnotes":""},"categories":[1413],"tags":[21747,1680,47507,1011,27,21746,47506,1457,1456,1458,60,3796],"class_list":{"0":"post-338687","1":"post","2":"type-post","3":"status-publish","4":"format-standard","5":"has-post-thumbnail","7":"category-moto","8":"tag-balaton-park","9":"tag-fabio-quartararo","10":"tag-fautif-au-du00e9part-du-sprint","11":"tag-fr","12":"tag-france","13":"tag-gp-de-hongrie","14":"tag-les-explications-de-quartararo","15":"tag-moto","16":"tag-motocycle","17":"tag-motogp","18":"tag-sports","19":"tag-yamaha-factory-racing"},"share_on_mastodon":{"url":"https:\/\/pubeurope.com\/@fr\/115078594824518751","error":""},"_links":{"self":[{"href":"https:\/\/www.europesays.com\/fr\/wp-json\/wp\/v2\/posts\/338687","targetHints":{"allow":["GET"]}}],"collection":[{"href":"https:\/\/www.europesays.com\/fr\/wp-json\/wp\/v2\/posts"}],"about":[{"href":"https:\/\/www.europesays.com\/fr\/wp-json\/wp\/v2\/types\/post"}],"author":[{"embeddable":true,"href":"https:\/\/www.europesays.com\/fr\/wp-json\/wp\/v2\/users\/2"}],"replies":[{"embeddable":true,"href":"https:\/\/www.europesays.com\/fr\/wp-json\/wp\/v2\/comments?post=338687"}],"version-history":[{"count":0,"href":"https:\/\/www.europesays.com\/fr\/wp-json\/wp\/v2\/posts\/338687\/revisions"}],"wp:featuredmedia":[{"embeddable":true,"href":"https:\/\/www.europesays.com\/fr\/wp-json\/wp\/v2\/media\/338688"}],"wp:attachment":[{"href":"https:\/\/www.europesays.com\/fr\/wp-json\/wp\/v2\/media?parent=338687"}],"wp:term":[{"taxonomy":"category","embeddable":true,"href":"https:\/\/www.europesays.com\/fr\/wp-json\/wp\/v2\/categories?post=338687"},{"taxonomy":"post_tag","embeddable":true,"href":"https:\/\/www.europesays.com\/fr\/wp-json\/wp\/v2\/tags?post=338687"}],"curies":[{"name":"wp","href":"https:\/\/api.w.org\/{rel}","templated":true}]}}