{"id":338694,"date":"2025-08-23T14:42:10","date_gmt":"2025-08-23T14:42:10","guid":{"rendered":"https:\/\/www.europesays.com\/fr\/338694\/"},"modified":"2025-08-23T14:42:10","modified_gmt":"2025-08-23T14:42:10","slug":"elie-semoun-sa-maison-de-vacances-en-corse-ou-il-jardine","status":"publish","type":"post","link":"https:\/\/www.europesays.com\/fr\/338694\/","title":{"rendered":"Elie Semoun :sa maison de vacances en Corse o\u00f9 il jardine"},"content":{"rendered":"\n<p class=\"p1\"><a href=\"https:\/\/www.lejournaldelamaison.fr\/le-journal-de-la-maison\/piece-par-piece\/terrasse-jardin-piece-par-piece\/elie-semoun-jardin-frelon-asiatique-509015.html\" target=\"_blank\" rel=\"noopener nofollow\">Elie Semoun<\/a> fait rire des millions de Fran\u00e7ais \u00e0 travers l\u2019Hexagone. Que ce soit sur sc\u00e8ne ou sur les \u00e9crans, l\u2019humoriste ne cesse d\u2019amuser ses fans gr\u00e2ce \u00e0 de nombreuses blagues. Tout au long de l\u2019ann\u00e9e, ce dernier sillonne les routes du territoire fran\u00e7ais pour venir \u00e0 la rencontre des membres de sa communaut\u00e9 virtuelle. Mais Elie Semoun profite \u00e9galement de ses r\u00e9seaux sociaux pour <strong>partager son quotidien<\/strong> au sein de la capitale, mais aussi pour<strong> d\u00e9voiler des moments plus intimes de sa vie<\/strong>, comme ses escapades en Corse.<\/p>\n<p>    Elie Semoun poss\u00e8de une magnifique maison sur l\u2019\u00eele de Beaut\u00e9 <\/p>\n<p class=\"p1\">Et pour cause\u2026 Depuis plusieurs ann\u00e9es maintenant, l\u2019homme de 61 ans poss\u00e8de une <a href=\"https:\/\/www.lejournaldelamaison.fr\/le-journal-de-la-maison\/reportages-maisons\/maisons-reportages-maisons\/laetitia-casta-en-corse-je-me-ressource-voici-ce-que-va-devenir-sa-maison-de-vacances-en-corse-ancienne-batisse-du-xve-siecle-entierement-renovee-par-son-pere-apres-sa-separation-avec-louis-g-518008.html\" target=\"_blank\" rel=\"noopener nofollow\">maison de vacances<\/a> <strong>sur l\u2019\u00eele de Beaut\u00e9<\/strong>, comme l\u2019ont r\u00e9v\u00e9l\u00e9 nos confr\u00e8res du magazine Purepeople. D\u00e8s qu\u2019Elie Semoun a du temps libre, celui-ci n\u2019h\u00e9site pas \u00e0 <strong>poser ses valises dans cette fameuse r\u00e9sidence<\/strong>.<\/p>\n<p class=\"p1\">Le com\u00e9dien est tr\u00e8s proche de ses fans. Sur la Toile, ce dernier partage r\u00e9guli\u00e8rement <strong>ses instants de d\u00e9tente en Corse<\/strong>. Il y a quelques semaines, Elie Semoun avait notamment d\u00e9voil\u00e9 son ultime voyage sur l\u2019\u00eele de Beaut\u00e9. \u201cUn <a href=\"https:\/\/www.lejournaldelamaison.fr\/le-journal-de-la-maison\/decoration-par-style\/bord-de-mer\/plages-secretes-ghisonaccia-corse-2025-518329.html\" target=\"_blank\" rel=\"noopener nofollow\">mini s\u00e9jour en Corse<\/a> pour <strong>voir mes plantes<\/strong>.\u201d, avait-il simplement comment\u00e9 en story Instagram.<\/p>\n<p>    Elie Semoun ne vit pas seul en Corse, les animaux font \u00e9galement partie de son quotidien <\/p>\n<p class=\"p1\">Ce dimanche 16 ao\u00fbt 2025, Elie Semoun s\u2019est encore empar\u00e9 de son smartphone. Cette fois, ce dernier a montr\u00e9 \u00e0 ses abonn\u00e9s la <strong>visite surprise<\/strong> qu\u2019il a pu avoir le jour m\u00eame. La maison de vacances de l\u2019acteur est dot\u00e9 d\u2019un <strong>joli jardin<\/strong>, et parfois des animaux viennent y faire un petit tour.<\/p>\n<p class=\"p1\">Il y a quelques jours, c\u2019est un <strong>renard<\/strong> tout mignon qui s\u2019est approch\u00e9 d\u2019Elie Semoun. Sa venue a \u00e9t\u00e9<strong> captur\u00e9e en train de manger les croquettes pour chat<\/strong> que le com\u00e9dien avait dispos\u00e9 \u00e0 cet endroit. \u00ab\u00a0Il est trop chou\u00a0\u00bb,\u00a0\u00ab\u00a0Tu vas l\u00a0\u00bbadopter j&rsquo;esp\u00e8re ?\u00a0\u00bb,\u00a0\u00ab\u00a0\u00c7a fait du bien de voir des vid\u00e9os comme \u00e7a\u00a0\u00bb,\u00a0ont \u00e9crit les internautes dans les commentaires.<\/p>\n<blockquote class=\"tiktok-embed\" cite=\"https:\/\/www.tiktok.com\/@eliesemoun\/video\/7539254522871319830\" data-video-id=\"7539254522871319830\" data-embed-from=\"oembed\" style=\"max-width:605px; min-width:325px;\"><p>  <a target=\"_blank\" title=\"@eliesemoun\" href=\"https:\/\/www.tiktok.com\/@eliesemoun?refer=embed\" rel=\"nofollow noopener\">@eliesemoun<\/a>  <\/p>\n<p> <a target=\"_blank\" title=\"\u266c son original - Elie Semoun\" href=\"https:\/\/www.tiktok.com\/music\/son-original-7539254518421883670?refer=embed\" rel=\"nofollow noopener\">\u266c son original &#8211; Elie Semoun<\/a> <\/p>\n<\/blockquote>\n<p>    Elie Semoun a eu un v\u00e9ritable coup de foudre pour la Corse <\/p>\n<p class=\"p1\">Elie Semoun s\u2019\u00e9vade depuis plusieurs ann\u00e9es en Corse. L\u2019humoriste fait partie des personnalit\u00e9s qui sont <strong>tomb\u00e9es amoureuses de cette zone<\/strong> \u00e0 quelques kilom\u00e8tres de l\u2019Hexagone. Sur le plateau de l\u2019\u00e9mission En Apart\u00e9 sur Canal+, l\u2019homme de 61 ans a donn\u00e9 <strong>quelques d\u00e9tails<\/strong> au sujet de <a href=\"https:\/\/www.lejournaldelamaison.fr\/le-journal-de-la-maison\/reportages-maisons\/maisons-bord-de-mer\/lea-salame-endroit-plus-sublime-mediterranee-superbe-maison-vacances-corse-fait-oublier-grece-519146.html\" target=\"_blank\" rel=\"noopener nofollow\">sa demeure sur l\u2019\u00eele de Beaut\u00e9<\/a>.<\/p>\n<p class=\"p1\">\u201c<strong>J\u2019ai la chance d\u2019avoir un petit truc l\u00e0-bas<\/strong>, mais \u00e7a ne donne pas sur la mer, je ne suis pas assez riche encore.\u201d, avait-il expliqu\u00e9. Cette maison, cela fait plus de deux ans qu\u2019Elie Semoun l\u2019a achet\u00e9e. Et le moins que l\u2019on puisse dire, c\u2019est qu\u2019il appr\u00e9cie pleinement ce <strong>refuge loin de l\u2019agitation parisienne<\/strong>.<\/p>\n<p>                <script async src=\"\/\/www.tiktok.com\/embed.js\"><\/script><\/p>\n","protected":false},"excerpt":{"rendered":"Elie Semoun fait rire des millions de Fran\u00e7ais \u00e0 travers l\u2019Hexagone. Que ce soit sur sc\u00e8ne ou sur&hellip;\n","protected":false},"author":2,"featured_media":338695,"comment_status":"","ping_status":"","sticky":false,"template":"","format":"standard","meta":{"footnotes":""},"categories":[1359],"tags":[58,59,1011,27,973],"class_list":{"0":"post-338694","1":"post","2":"type-post","3":"status-publish","4":"format-standard","5":"has-post-thumbnail","7":"category-people","8":"tag-divertissement","9":"tag-entertainment","10":"tag-fr","11":"tag-france","12":"tag-people"},"share_on_mastodon":{"url":"https:\/\/pubeurope.com\/@fr\/115078610505684626","error":""},"_links":{"self":[{"href":"https:\/\/www.europesays.com\/fr\/wp-json\/wp\/v2\/posts\/338694","targetHints":{"allow":["GET"]}}],"collection":[{"href":"https:\/\/www.europesays.com\/fr\/wp-json\/wp\/v2\/posts"}],"about":[{"href":"https:\/\/www.europesays.com\/fr\/wp-json\/wp\/v2\/types\/post"}],"author":[{"embeddable":true,"href":"https:\/\/www.europesays.com\/fr\/wp-json\/wp\/v2\/users\/2"}],"replies":[{"embeddable":true,"href":"https:\/\/www.europesays.com\/fr\/wp-json\/wp\/v2\/comments?post=338694"}],"version-history":[{"count":0,"href":"https:\/\/www.europesays.com\/fr\/wp-json\/wp\/v2\/posts\/338694\/revisions"}],"wp:featuredmedia":[{"embeddable":true,"href":"https:\/\/www.europesays.com\/fr\/wp-json\/wp\/v2\/media\/338695"}],"wp:attachment":[{"href":"https:\/\/www.europesays.com\/fr\/wp-json\/wp\/v2\/media?parent=338694"}],"wp:term":[{"taxonomy":"category","embeddable":true,"href":"https:\/\/www.europesays.com\/fr\/wp-json\/wp\/v2\/categories?post=338694"},{"taxonomy":"post_tag","embeddable":true,"href":"https:\/\/www.europesays.com\/fr\/wp-json\/wp\/v2\/tags?post=338694"}],"curies":[{"name":"wp","href":"https:\/\/api.w.org\/{rel}","templated":true}]}}