{"id":338696,"date":"2025-08-23T14:43:11","date_gmt":"2025-08-23T14:43:11","guid":{"rendered":"https:\/\/www.europesays.com\/fr\/338696\/"},"modified":"2025-08-23T14:43:11","modified_gmt":"2025-08-23T14:43:11","slug":"peintes-le-matin-les-toiles-de-ces-artistes-seront-vendues-aux-encheres-lapres-midi-a-dieppe","status":"publish","type":"post","link":"https:\/\/www.europesays.com\/fr\/338696\/","title":{"rendered":"Peintes le matin, les toiles de ces artistes seront vendues aux ench\u00e8res l&rsquo;apr\u00e8s-midi \u00e0 Dieppe"},"content":{"rendered":"<p>            Par<br \/>\n        <strong><br \/>\n            <a href=\"https:\/\/actu.fr\/auteur\/veronique-weber\" title=\"Consulter tous les articles de Veronique Weber\" target=\"_blank\" rel=\"noopener\">Veronique Weber<\/a><br \/>\n        <\/strong><\/p>\n<p>        Publi\u00e9 le<\/p>\n<p>            22 ao\u00fbt 2025 \u00e0 10h13        <\/p>\n<p>Pour la 24e ann\u00e9e, dimanche 24 ao\u00fbt 2025, <b>le Lions Club Dieppe Doyen<\/b> organise sa<b> journ\u00e9e des peintres dans la ville<\/b>. Le principe est simple : les peintres qui souhaitent participer s\u2019inscrivent le matin \u00e0 partir de 8 h 30 quai Henri-IV \u00e0 <a href=\"https:\/\/actu.fr\/normandie\/dieppe_76217\" target=\"_blank\" rel=\"noopener\">Dieppe (Seine-Maritime).<\/a><\/p>\n<p>Une vente aux ench\u00e8res sur le quai<\/p>\n<p class=\" wall-content\">Ils se dispersent ensuite dans la ville pour r\u00e9aliser une \u0153uvre <b>sur le sujet de leur choix <\/b>en rapport avec Dieppe.<\/p>\n<p class=\" wall-content\">Les toiles et dessins sont ramen\u00e9s au stand du quai Henri-IV \u00e0 partir de midi et sont expos\u00e9s au public jusqu\u2019\u00e0 la vente aux ench\u00e8res.<\/p>\n<p class=\" wall-content\">Celle-ci sera effectu\u00e9e par Ma\u00eetre Goffart, <b>commissaire-priseur<\/b>, vers 15 h 30.<\/p>\n<p>Pour la bonne cause<\/p>\n<p class=\" wall-content\">Un tiers des gains sera revers\u00e9 au Lions Club, les deux tiers restants reviendront aux peintres. La totalit\u00e9 des gains du club sera <b>revers\u00e9e \u00e0 des associations locales.<\/b><\/p>\n<p>Vid\u00e9os : en ce moment sur Actu<\/p>\n<p>Les peintres dans la ville dimanche 24\u00a0ao\u00fbt \u00e0 partir de 8 h 30. Gratuit. Vente aux ench\u00e8res \u00e0 partir de 15 h 30 sur le quai Henri-IV \u00e0 Dieppe.<\/p>\n<p class=\" wall-content\">Personnalisez votre actualit\u00e9 en ajoutant vos villes et m\u00e9dias en favori avec <a href=\"https:\/\/moncompte.actu.fr\" title=\"D\u00e9couvez Mon Actu\" rel=\"nofollow noopener\" data-trk=\"{&quot;cta&quot;:{&quot;action&quot;:&quot;https:\\\/\\\/moncompte.actu.fr&quot;,&quot;category&quot;:&quot;mon compte&quot;,&quot;from&quot;:&quot;article footer&quot;,&quot;name&quot;:&quot;Mon actu&quot;,&quot;type&quot;:&quot;cta&quot;}}\" target=\"_blank\">Mon Actu<\/a>.<\/p>\n","protected":false},"excerpt":{"rendered":"Par Veronique Weber Publi\u00e9 le 22 ao\u00fbt 2025 \u00e0 10h13 Pour la 24e ann\u00e9e, dimanche 24 ao\u00fbt 2025,&hellip;\n","protected":false},"author":2,"featured_media":338697,"comment_status":"","ping_status":"","sticky":false,"template":"","format":"standard","meta":{"footnotes":""},"categories":[1358],"tags":[1063,1477,1348,1384,1385,1386,58,59,1011,27,1652,3400],"class_list":{"0":"post-338696","1":"post","2":"type-post","3":"status-publish","4":"format-standard","5":"has-post-thumbnail","7":"category-arts-et-design","8":"tag-animations","9":"tag-artisanat","10":"tag-arts","11":"tag-arts-and-design","12":"tag-arts-et-design","13":"tag-design","14":"tag-divertissement","15":"tag-entertainment","16":"tag-fr","17":"tag-france","18":"tag-loisirs-culture","19":"tag-solidarite"},"share_on_mastodon":{"url":"https:\/\/pubeurope.com\/@fr\/115078614515466423","error":""},"_links":{"self":[{"href":"https:\/\/www.europesays.com\/fr\/wp-json\/wp\/v2\/posts\/338696","targetHints":{"allow":["GET"]}}],"collection":[{"href":"https:\/\/www.europesays.com\/fr\/wp-json\/wp\/v2\/posts"}],"about":[{"href":"https:\/\/www.europesays.com\/fr\/wp-json\/wp\/v2\/types\/post"}],"author":[{"embeddable":true,"href":"https:\/\/www.europesays.com\/fr\/wp-json\/wp\/v2\/users\/2"}],"replies":[{"embeddable":true,"href":"https:\/\/www.europesays.com\/fr\/wp-json\/wp\/v2\/comments?post=338696"}],"version-history":[{"count":0,"href":"https:\/\/www.europesays.com\/fr\/wp-json\/wp\/v2\/posts\/338696\/revisions"}],"wp:featuredmedia":[{"embeddable":true,"href":"https:\/\/www.europesays.com\/fr\/wp-json\/wp\/v2\/media\/338697"}],"wp:attachment":[{"href":"https:\/\/www.europesays.com\/fr\/wp-json\/wp\/v2\/media?parent=338696"}],"wp:term":[{"taxonomy":"category","embeddable":true,"href":"https:\/\/www.europesays.com\/fr\/wp-json\/wp\/v2\/categories?post=338696"},{"taxonomy":"post_tag","embeddable":true,"href":"https:\/\/www.europesays.com\/fr\/wp-json\/wp\/v2\/tags?post=338696"}],"curies":[{"name":"wp","href":"https:\/\/api.w.org\/{rel}","templated":true}]}}