{"id":338704,"date":"2025-08-23T14:47:15","date_gmt":"2025-08-23T14:47:15","guid":{"rendered":"https:\/\/www.europesays.com\/fr\/338704\/"},"modified":"2025-08-23T14:47:15","modified_gmt":"2025-08-23T14:47:15","slug":"neve-campbell-voulait-reinitialiser-la-franchise-scream-avec-le-prochain-film","status":"publish","type":"post","link":"https:\/\/www.europesays.com\/fr\/338704\/","title":{"rendered":"Neve Campbell voulait \u00abr\u00e9initialiser\u00bb la franchise Scream avec le prochain film"},"content":{"rendered":"<p>.<strong>Avec le septi\u00e8me volet, Neve Campbell a voulu ramener la franchise <\/strong><strong>Scream<\/strong><strong> \u00e0 ses racines<\/strong><\/p>\n<p>L&rsquo;actrice de Sexcrimes a jou\u00e9 le personnage principal de Scream, Sidney Prescott, dans les cinq premiers films de la franchise, mais s&rsquo;est retir\u00e9e du sixi\u00e8me volet en raison d&rsquo;un diff\u00e9rend salarial. Cependant, apr\u00e8s que le sc\u00e9nariste original de Scream, Kevin Williamson, a rejoint le septi\u00e8me film en tant que r\u00e9alisateur, la com\u00e9dienne a d\u00e9cid\u00e9 de faire son retour.<\/p>\n<p>Kevin Williamson vient de r\u00e9v\u00e9ler dans le nouveau livre d&rsquo;Ashley Cullins, Your Favorite Scary Movie : How the Scream Films Rewrote the Rules of Horror, selon un extrait publi\u00e9 par Bloody Disgusting, que Neve Campbell avait de nombreuses suggestions pour Scream 7. Notamment, celle de revenir \u00e0 ses racines tonales et de ramener l&rsquo;horreur \u00e0 Woodsboro apr\u00e8s une escapade \u00e0 New York.<\/p>\n<p>\u00abNeve voulait revenir au premier film et retrouver le suspense, se concentrer sur l&rsquo;effrayant et non sur le sanglant\u00bb, a expliqu\u00e9 le cin\u00e9aste. \u00abElle \u00e9tait intelligente. Elle s&rsquo;est dit : \u00ab\u00a0C&rsquo;est le moment de le faire parce qu&rsquo;on s&rsquo;\u00e9loigne de New York. Nous revenons \u00e0 la vie de Sidney. C&rsquo;est le moment de se remettre un peu \u00e0 z\u00e9ro\u00a0\u00bb. Et je me suis dit : \u00ab\u00a0Oui, faisons-le\u00a0\u00bb.\u00bb<\/p>\n<p>\u00c0 l&rsquo;origine, Scream 7 devait \u00eatre r\u00e9alis\u00e9 par Christopher Landon, de Happy Birthdead, avec Melissa Barrera et Jenna Ortega, qui avaient obtenu les r\u00f4les principaux dans les cinqui\u00e8me et sixi\u00e8me volets. Cependant, Melissa Barrera a \u00e9t\u00e9 renvoy\u00e9e de la franchise \u00e0 la fin de l&rsquo;ann\u00e9e 2023 en raison de ses messages sur les r\u00e9seaux sociaux concernant le conflit isra\u00e9lo-palestinien, et Jenna Ortega et Christopher Landon ont \u00e9galement quitt\u00e9 le projet par la suite.<\/p>\n<p>Dans le livre d&rsquo;Ashley Cullins, Christophe Landon explique pourquoi il a quitt\u00e9 le navire.<\/p>\n<p>\u00abIl n&rsquo;y avait plus de film. Tout le sc\u00e9nario tournait autour d&rsquo;elle\u00bb, a-t-il d\u00e9clar\u00e9 en faisant r\u00e9f\u00e9rence \u00e0 Sam, le personnage de Melissa Barrera. \u00abJe n&rsquo;ai pas sign\u00e9 pour r\u00e9aliser un film Scream. J&rsquo;ai sign\u00e9 pour r\u00e9aliser ce film. Quand ce film n&rsquo;a plus exist\u00e9, je suis pass\u00e9 \u00e0 autre chose\u00bb.<\/p>\n<p>Outre Neve Campbell, Scream 7 met en sc\u00e8ne des vedettes qui ont d\u00e9j\u00e0 jou\u00e9 dans la franchise, comme Courteney Cox, David Arquette, Matthew Lillard, Jasmin Savoy Brown et Mason Gooding, ainsi que plusieurs nouveaux venus, tels qu\u2019Anna Camp et Joel McHale.<\/p>\n<p>Le film sortira au cin\u00e9ma en f\u00e9vrier 2026.<\/p>\n","protected":false},"excerpt":{"rendered":".Avec le septi\u00e8me volet, Neve Campbell a voulu ramener la franchise Scream \u00e0 ses racines L&rsquo;actrice de Sexcrimes&hellip;\n","protected":false},"author":2,"featured_media":338705,"comment_status":"","ping_status":"","sticky":false,"template":"","format":"standard","meta":{"footnotes":""},"categories":[1354],"tags":[58,59,1346,1011,27,1360],"class_list":{"0":"post-338704","1":"post","2":"type-post","3":"status-publish","4":"format-standard","5":"has-post-thumbnail","7":"category-films","8":"tag-divertissement","9":"tag-entertainment","10":"tag-films","11":"tag-fr","12":"tag-france","13":"tag-movies"},"share_on_mastodon":{"url":"https:\/\/pubeurope.com\/@fr\/115078630428370597","error":""},"_links":{"self":[{"href":"https:\/\/www.europesays.com\/fr\/wp-json\/wp\/v2\/posts\/338704","targetHints":{"allow":["GET"]}}],"collection":[{"href":"https:\/\/www.europesays.com\/fr\/wp-json\/wp\/v2\/posts"}],"about":[{"href":"https:\/\/www.europesays.com\/fr\/wp-json\/wp\/v2\/types\/post"}],"author":[{"embeddable":true,"href":"https:\/\/www.europesays.com\/fr\/wp-json\/wp\/v2\/users\/2"}],"replies":[{"embeddable":true,"href":"https:\/\/www.europesays.com\/fr\/wp-json\/wp\/v2\/comments?post=338704"}],"version-history":[{"count":0,"href":"https:\/\/www.europesays.com\/fr\/wp-json\/wp\/v2\/posts\/338704\/revisions"}],"wp:featuredmedia":[{"embeddable":true,"href":"https:\/\/www.europesays.com\/fr\/wp-json\/wp\/v2\/media\/338705"}],"wp:attachment":[{"href":"https:\/\/www.europesays.com\/fr\/wp-json\/wp\/v2\/media?parent=338704"}],"wp:term":[{"taxonomy":"category","embeddable":true,"href":"https:\/\/www.europesays.com\/fr\/wp-json\/wp\/v2\/categories?post=338704"},{"taxonomy":"post_tag","embeddable":true,"href":"https:\/\/www.europesays.com\/fr\/wp-json\/wp\/v2\/tags?post=338704"}],"curies":[{"name":"wp","href":"https:\/\/api.w.org\/{rel}","templated":true}]}}