{"id":338726,"date":"2025-08-23T14:58:16","date_gmt":"2025-08-23T14:58:16","guid":{"rendered":"https:\/\/www.europesays.com\/fr\/338726\/"},"modified":"2025-08-23T14:58:16","modified_gmt":"2025-08-23T14:58:16","slug":"nancy-quel-avenir-pour-lecole-un-debat-avec-clement-beaune-et-mathieu-klein","status":"publish","type":"post","link":"https:\/\/www.europesays.com\/fr\/338726\/","title":{"rendered":"Nancy. Quel avenir pour l\u2019\u00e9cole\u00a0? Un d\u00e9bat avec Cl\u00e9ment Beaune et Mathieu Klein"},"content":{"rendered":"<p>L\u2019effet miroir. Si le niveau des \u00e9l\u00e8ves en France n\u2019est pas bon, c\u2019est en grande partie \u00e0 cause de la crise de vocation du m\u00e9tier d\u2019enseignant. Telle est la conclusion de deux notes produites par le <a href=\"https:\/\/www.estrepublicain.fr\/politique\/2025\/03\/05\/sarah-el-hairy-et-clement-beaune-nommes-hauts-commissaires-a-l-enfance-et-au-plan\" target=\"_blank\" rel=\"noopener\">Haut-commissaire \u00e0 la Strat\u00e9gie et au Plan,<\/a> <a href=\"https:\/\/www.estrepublicain.fr\/p\/clement-beaune\" target=\"_blank\" rel=\"noopener\">Cl\u00e9ment Beaune<\/a>, et remis en juin \u00e0 la ministre de l\u2019\u00c9ducation nationale, <a href=\"https:\/\/www.estrepublicain.fr\/p\/elisabeth-borne\" target=\"_blank\" rel=\"noopener\">\u00c9lisabeth Borne<\/a>.<\/p>\n<p><a href=\"https:\/\/www.estrepublicain.fr\/votre-journal-et-vous\/2025\/08\/21\/face-aux-lecteurs-cinq-choses-a-savoir-sur-clement-beaune-haut-commissaire-a-la-strategie-et-au-plan\" target=\"_blank\" rel=\"noopener\">L\u2019ancien ministre<\/a> n\u2019\u00e9lude pas d\u2019autres facteurs. Les \u00e9crans, l\u2019encadrement, l\u2019autorit\u00e9\u2026 Mais ce n\u2019est pas le propre des \u00e9l\u00e8ves fran\u00e7ais. Pour autant, leur niveau baisse. Dans sa premi\u00e8re note d\u2019alerte, \u00ab\u00a0Niveau scolaire\u00a0: faut-il s\u2019inqui\u00e9ter\u00a0?\u00a0\u00bb il se fonde sur les r\u00e9sultats de deux dispositifs d\u2019enqu\u00eate nationaux, l\u2019enqu\u00eate Lire, \u00e9crire, compter (LEC) et le Cycle des \u00e9valuations disciplinaires r\u00e9alis\u00e9es sur \u00e9chantillons (CEDRE) et sur trois enqu\u00eates internationales, le PISA, la Trends in International Mathematics and Science Study (TIMSS) et l\u2019\u00e9tude Progress in International Reading Literacy (PIRLS).<\/p>\n<p>  D\u00e9bat et Face aux lecteurs<\/p>\n<p>La seconde, intitul\u00e9e \u00ab\u00a0Enseigner\u00a0: une vocation \u00e0 reconstruire, un \u00e9quilibre \u00e0 restaurer\u00a0\u00bb, souligne la crise du monde enseignant. Un mal-\u00eatre entretenu par un m\u00e9tier d\u00e9pr\u00e9ci\u00e9, l\u2019explosion des contractuels et des salaires gel\u00e9s. Sacr\u00e9 chantier. Pour autant, constater est une \u00e9tape, agir est une n\u00e9cessit\u00e9. Pour faire vivre le d\u00e9bat, il faut l\u2019ouvrir \u00e0 tous ceux qui souhaitent apporter leur contribution. La ville de Nancy, sensible aux questions de citoyennet\u00e9, engag\u00e9e aux c\u00f4t\u00e9s de l\u2019\u00e9cole et dans l\u2019\u00e9cole pour construire les citoyens de demain, s\u2019y emploie. <strong>Ce mardi, \u00e0 19<\/strong><strong>h<\/strong><strong>,<\/strong><strong>dans le Grand salon de l\u2019h\u00f4tel de ville<\/strong> , elle organise donc un d\u00e9bat en pr\u00e9sence de Cl\u00e9ment Beaune et de <a href=\"https:\/\/www.estrepublicain.fr\/p\/mathieu-klein\" target=\"_blank\" rel=\"noopener\">Mathieu Klein<\/a>.<\/p>\n<p>Un \u00e9change anim\u00e9 par L\u2019Est R\u00e9publicain qui, depuis 10 ans, se mobilise pour mener des actions d\u2019\u00e9ducation aux m\u00e9dias et \u00e0 l\u2019information, \u00e0 travers par exemple le Journal des \u00e9coliers de Nancy, \u00e9crit par et pour les \u00e9coliers. Un journal qui a fait des petits puisqu\u2019il y a d\u00e9sormais le m\u00eame \u00e0 Vandoeuvre, Laxou, Max\u00e9ville, Villers, Tomblaine\u2026 Pour poursuivre le d\u00e9bat, nous organisons \u00e9galement un <a href=\"https:\/\/www.estrepublicain.fr\/votre-journal-et-vous\/2025\/08\/21\/education-rencontrez-et-echangez-avec-clement-beaune-haut-commissaire-a-la-strategie-et-au-plan?preview=true\" target=\"_blank\" rel=\"noopener\">Face aux lecteurs<\/a> \u00a0avec Cl\u00e9ment Beaune, dans les locaux de L\u2019Est R\u00e9publicain \u00e0 Houdemont, ce mercredi 27\u00a0ao\u00fbt \u00e0 11\u00a0h.<\/p>\n<p class=\"note\">Pour participer au d\u00e9bat mardi 26\u00a0ao\u00fbt \u00e0 19\u00a0h\u00a0: https:\/\/demarches.nancy.fr\/contactez-nous\/conference-debat-notre-ecole-nos-enfants-mobilisation-generale<\/p>\n","protected":false},"excerpt":{"rendered":"L\u2019effet miroir. Si le niveau des \u00e9l\u00e8ves en France n\u2019est pas bon, c\u2019est en grande partie \u00e0 cause&hellip;\n","protected":false},"author":2,"featured_media":338727,"comment_status":"","ping_status":"","sticky":false,"template":"","format":"standard","meta":{"footnotes":""},"categories":[9635],"tags":[1111,11,1707,1704,1706,1705,1057,1777,674,1011,27,775,10425,1702,1703,12,316,25],"class_list":{"0":"post-338726","1":"post","2":"type-post","3":"status-publish","4":"format-standard","5":"has-post-thumbnail","7":"category-nancy","8":"tag-actu","9":"tag-actualites","10":"tag-edition-luneville","11":"tag-edition-nancy-et-agglomeration","12":"tag-edition-pont-a-mousson","13":"tag-edition-toul","14":"tag-education","15":"tag-eu","16":"tag-europe","17":"tag-fr","18":"tag-france","19":"tag-grand-est","20":"tag-maternelle-elementaire","21":"tag-nancy","22":"tag-nancy-ville-54b","23":"tag-news","24":"tag-politique","25":"tag-republique-francaise"},"share_on_mastodon":{"url":"https:\/\/pubeurope.com\/@fr\/115078673393125900","error":""},"_links":{"self":[{"href":"https:\/\/www.europesays.com\/fr\/wp-json\/wp\/v2\/posts\/338726","targetHints":{"allow":["GET"]}}],"collection":[{"href":"https:\/\/www.europesays.com\/fr\/wp-json\/wp\/v2\/posts"}],"about":[{"href":"https:\/\/www.europesays.com\/fr\/wp-json\/wp\/v2\/types\/post"}],"author":[{"embeddable":true,"href":"https:\/\/www.europesays.com\/fr\/wp-json\/wp\/v2\/users\/2"}],"replies":[{"embeddable":true,"href":"https:\/\/www.europesays.com\/fr\/wp-json\/wp\/v2\/comments?post=338726"}],"version-history":[{"count":0,"href":"https:\/\/www.europesays.com\/fr\/wp-json\/wp\/v2\/posts\/338726\/revisions"}],"wp:featuredmedia":[{"embeddable":true,"href":"https:\/\/www.europesays.com\/fr\/wp-json\/wp\/v2\/media\/338727"}],"wp:attachment":[{"href":"https:\/\/www.europesays.com\/fr\/wp-json\/wp\/v2\/media?parent=338726"}],"wp:term":[{"taxonomy":"category","embeddable":true,"href":"https:\/\/www.europesays.com\/fr\/wp-json\/wp\/v2\/categories?post=338726"},{"taxonomy":"post_tag","embeddable":true,"href":"https:\/\/www.europesays.com\/fr\/wp-json\/wp\/v2\/tags?post=338726"}],"curies":[{"name":"wp","href":"https:\/\/api.w.org\/{rel}","templated":true}]}}