{"id":338742,"date":"2025-08-23T15:08:10","date_gmt":"2025-08-23T15:08:10","guid":{"rendered":"https:\/\/www.europesays.com\/fr\/338742\/"},"modified":"2025-08-23T15:08:10","modified_gmt":"2025-08-23T15:08:10","slug":"un-homme-condamne-a-grenoble","status":"publish","type":"post","link":"https:\/\/www.europesays.com\/fr\/338742\/","title":{"rendered":"un homme condamn\u00e9 \u00e0 Grenoble"},"content":{"rendered":"<p>\t\t\t\t\t\t\t\t\t\t\t<img loading=\"lazy\" decoding=\"async\" width=\"1110\" title=\"A 44 ans, il se lance dans le deal en int\u00e9rim : un homme condamn\u00e9 \u00e0 Grenoble\" class=\"img-fluid  mb-3\" src=\"https:\/\/grandgrenoble.alpes1.com\/media\/news\/thumb\/1110x624_a-44-ans-il-se-lance-dans-le-deal-en-interim-un-homme-condamne-a-grenoble_68a9d7671df18.webp\" alt=\"A 44 ans, il se lance dans le deal en int\u00e9rim : un homme condamn\u00e9 \u00e0 Grenoble\" itemprop=\"image\" height=\"624\"\/>\t\t\t\t\t\t\t\t\t\t\t\t<\/p>\n<p>A 44 ans, il se lance dans le deal en int\u00e9rim : un homme condamn\u00e9 \u00e0 Grenoble &#8211; DR<\/p>\n<p itemprop=\"description\"><strong>On voit rarement des dealers \u00e2g\u00e9s de plus de 30 ans.<\/strong><\/p>\n<p>Arriv\u00e9s \u00e0 un certain \u00e2ge, ils sont g\u00e9n\u00e9ralement rang\u00e9s des bagnoles, promus chefs du r\u00e9seau ou bien plus pr\u00e9sents pour en parler.<\/p>\n<p>Dans le quartier Hoche \u00e0 Grenoble pourtant, la police a mis la main sur un sp\u00e9cimen rare le 20 juillet dernier : un dealer de 44 ans. Dans sa sacoche, plusieurs petites quantit\u00e9s de r\u00e9sine de cannabis et de coca\u00efne.<\/p>\n<p>Jug\u00e9 cette semaine, le quadrag\u00e9naire a donn\u00e9 une dr\u00f4le d&rsquo;explication. Ch\u00f4meur, il se serait rendu sur place pour acheter de la coca\u00efne. Mais n&rsquo;ayant pas suffisamment d&rsquo;argent, il aurait accept\u00e9 la proposition du dealer : vendre de la drogue \u00e0 sa place durant quelques heures, en \u00e9change d&rsquo;une petite quantit\u00e9 de poudre.<\/p>\n<p>Un dealer int\u00e9rimaire en somme !<\/p>\n<p>Le parquet n&rsquo;a pas \u00e9t\u00e9 convaincu et a requis 1 an de prison, avec la r\u00e9vocation d&rsquo;un pr\u00e9c\u00e9dent sursis, puisque le quadrag\u00e9naire avait d\u00e9j\u00e0 \u00e9t\u00e9 condamn\u00e9 en mai dernier pour violences conjugales.<\/p>\n<p>Mais les juges grenoblois ont \u00e9t\u00e9 plus \u00e0 l&rsquo;\u00e9coute des arguments de la d\u00e9fense. Ils ont prononc\u00e9 une peine de 9 mois ferme, mais qui pourra \u00eatre am\u00e9nag\u00e9e sous le r\u00e9gime de la semi-libert\u00e9.<\/p>\n","protected":false},"excerpt":{"rendered":"A 44 ans, il se lance dans le deal en int\u00e9rim : un homme condamn\u00e9 \u00e0 Grenoble &#8211;&hellip;\n","protected":false},"author":2,"featured_media":338743,"comment_status":"","ping_status":"","sticky":false,"template":"","format":"standard","meta":{"footnotes":""},"categories":[9566],"tags":[1111,11,7733,8279,2430,7736,650,7734,2889,2263,1777,674,1011,27,2731,8280,6417,1114,108,4662,12,3725,1825,25,7737],"class_list":{"0":"post-338742","1":"post","2":"type-post","3":"status-publish","4":"format-standard","5":"has-post-thumbnail","7":"category-grenoble","8":"tag-actu","9":"tag-actualites","10":"tag-alpes","11":"tag-alpes1","12":"tag-auvergne-rhone-alpes","13":"tag-cds","14":"tag-cinema","15":"tag-ecoute","16":"tag-emission","17":"tag-equipe","18":"tag-eu","19":"tag-europe","20":"tag-fr","21":"tag-france","22":"tag-grenoble","23":"tag-haute","24":"tag-information","25":"tag-infos","26":"tag-isere","27":"tag-journal","28":"tag-news","29":"tag-podcast","30":"tag-radio","31":"tag-republique-francaise","32":"tag-winamp"},"share_on_mastodon":{"url":"https:\/\/pubeurope.com\/@fr\/115078712794436461","error":""},"_links":{"self":[{"href":"https:\/\/www.europesays.com\/fr\/wp-json\/wp\/v2\/posts\/338742","targetHints":{"allow":["GET"]}}],"collection":[{"href":"https:\/\/www.europesays.com\/fr\/wp-json\/wp\/v2\/posts"}],"about":[{"href":"https:\/\/www.europesays.com\/fr\/wp-json\/wp\/v2\/types\/post"}],"author":[{"embeddable":true,"href":"https:\/\/www.europesays.com\/fr\/wp-json\/wp\/v2\/users\/2"}],"replies":[{"embeddable":true,"href":"https:\/\/www.europesays.com\/fr\/wp-json\/wp\/v2\/comments?post=338742"}],"version-history":[{"count":0,"href":"https:\/\/www.europesays.com\/fr\/wp-json\/wp\/v2\/posts\/338742\/revisions"}],"wp:featuredmedia":[{"embeddable":true,"href":"https:\/\/www.europesays.com\/fr\/wp-json\/wp\/v2\/media\/338743"}],"wp:attachment":[{"href":"https:\/\/www.europesays.com\/fr\/wp-json\/wp\/v2\/media?parent=338742"}],"wp:term":[{"taxonomy":"category","embeddable":true,"href":"https:\/\/www.europesays.com\/fr\/wp-json\/wp\/v2\/categories?post=338742"},{"taxonomy":"post_tag","embeddable":true,"href":"https:\/\/www.europesays.com\/fr\/wp-json\/wp\/v2\/tags?post=338742"}],"curies":[{"name":"wp","href":"https:\/\/api.w.org\/{rel}","templated":true}]}}