{"id":338744,"date":"2025-08-23T15:09:18","date_gmt":"2025-08-23T15:09:18","guid":{"rendered":"https:\/\/www.europesays.com\/fr\/338744\/"},"modified":"2025-08-23T15:09:18","modified_gmt":"2025-08-23T15:09:18","slug":"le-supermarche-auchan-de-grenoble-passe-sous-banniere-lidl","status":"publish","type":"post","link":"https:\/\/www.europesays.com\/fr\/338744\/","title":{"rendered":"Le supermarch\u00e9 Auchan de Grenoble passe sous banni\u00e8re Lidl"},"content":{"rendered":"<p>L\u2019annonce est tom\u00adb\u00e9e en juillet 2025\u00a0: dix-neuf maga\u00adsins Auchan vont pas\u00adser sous ban\u00adni\u00e8re Lidl dans les mois \u00e0 venir. Apr\u00e8s une \u00ab\u00a0ana\u00adlyse appro\u00adfon\u00addie\u00a0\u00bb, la ces\u00adsion a \u00e9t\u00e9 la solu\u00adtion rete\u00adnue \u00ab\u00a0pour garan\u00adtir la p\u00e9ren\u00adnit\u00e9 de l\u2019exploitation et pr\u00e9\u00adser\u00adver les emplois asso\u00adci\u00e9s, dans un esprit de res\u00adpon\u00adsa\u00adbi\u00adlit\u00e9 et de conti\u00adnuit\u00e9 d\u2019activit\u00e9\u00a0\u00bb, a alors indi\u00adqu\u00e9 l\u2019en\u00adseigne par voie de com\u00admu\u00adni\u00adqu\u00e9. Parmi les sites concer\u00adn\u00e9s, se trouve le super\u00admar\u00adch\u00e9 Auchan de Grenoble, ave\u00adnue Jean-Perrot.<\/p>\n<p><a href=\"https:\/\/www.europesays.com\/fr\/wp-content\/uploads\/2025\/08\/lidl-saint-martin-dheres-google-maps.jpg\" target=\"_blank\" rel=\"noopener\"><img fetchpriority=\"high\" decoding=\"async\" aria-describedby=\"caption-attachment-658041\" class=\"wp-image-658041 size-full\" src=\"data:image\/svg+xml,%3Csvg%20xmlns=\" http:=\"\" alt=\"Le magasin Aldi \u00e0 proximit\u00e9 du campus (et du centre commercial Neyrpic) \u00e0 Saint-Martin-d'H\u00e8res. L'enseigne discount va renforcer sa pr\u00e9sence en prenant possession du Auchan avenue Perrot \u00e0 Grenoble, plus la construction en cours d'un autre magasin \u00e0 Meylan. \u00a9 Google Maps\" width=\"1685\" height=\"1235\" data-lazy- data-lazy- data-lazy-src=\"https:\/\/www.europesays.com\/fr\/wp-content\/uploads\/2025\/08\/lidl-saint-martin-dheres-google-maps.jpg\"\/><\/a><\/p>\n<p id=\"caption-attachment-658041\" class=\"wp-caption-text\">Le maga\u00adsin Aldi \u00e0 proxi\u00admit\u00e9 du cam\u00adpus (et du centre com\u00admer\u00adcial Neyrpic) \u00e0 Saint-Martin-d\u2019H\u00e8res. L\u2019enseigne dis\u00adcount va ren\u00adfor\u00adcer sa pr\u00e9\u00adsence en pre\u00adnant pos\u00adses\u00adsion du maga\u00adsin Auchan situ\u00e9 ave\u00adnue Perrot \u00e0 Grenoble et en construi\u00adsant un autre maga\u00adsin \u00e0 Meylan. \u00a9 Google Maps<\/p>\n<p>Le maga\u00adsin devrait faire sa mue vers le hard-dis\u00adcount \u00e0 l\u2019au\u00adtomne, selon les infor\u00adma\u00adtions du <a href=\"https:\/\/c.ledauphine.com\/economie\/2025\/08\/08\/ce-magasin-auchan-va-etre-remplace-par-lidl-surprise-chez-les-salaries-personne-ne-s-y-attendait\" target=\"_blank\" rel=\"noopener nofollow\">Dauphin\u00e9 lib\u00e9r\u00e9<\/a>. De quoi asseoir un peu plus la pr\u00e9\u00adsence de Lidl dans l\u2019ag\u00adglo\u00adm\u00e9\u00adra\u00adtion gre\u00adno\u00adbloise, alors que l\u2019en\u00adtre\u00adprise alle\u00admande compte d\u00e9j\u00e0 des enseignes \u00e0 Grenoble, Saint-Martin-d\u2019H\u00e8res, \u00c9chirolles, Saint-Martin-le-Vinoux et Sassenage\u2026 et qu\u2019un pro\u00adjet de (grand) Lidl est en cours de construc\u00adtion \u00e0 Meylan, juste en face de l\u2019hy\u00adper\u00admar\u00adch\u00e9 Carrefour.<\/p>\n<p>Les per\u00adson\u00adnels du maga\u00adsin Auchan gre\u00adno\u00adblois n\u2019ont en tout cas pas \u00e9t\u00e9 infor\u00adm\u00e9s en amont de la ces\u00adsion pro\u00adchaine de leur maga\u00adsin. Certains l\u2019au\u00adraient inci\u00addem\u00adment appris via les r\u00e9seaux sociaux, selon le quo\u00adti\u00addien r\u00e9gional.<\/p>\n<p>Pas de quoi \u00e9ton\u00adner Sophie Serra, d\u00e9l\u00e9\u00adgu\u00e9e syn\u00addi\u00adcale cen\u00adtrale de la CGT Auchan, contac\u00adt\u00e9e par Place Gre\u2019net. La m\u00eame situa\u00adtion se serait en effet pro\u00adduite dans les autres maga\u00adsins pro\u00admis \u00e0 la ces\u00adsion. \u00ab\u00a0Il faut \u00eatre un peu sin\u00adc\u00e8re avec les sala\u00adri\u00e9s\u00a0!\u00a0\u00bb, s\u2019a\u00adgace la syn\u00addi\u00adca\u00adliste devant cette fa\u00e7on de faire de la direction.<\/p>\n","protected":false},"excerpt":{"rendered":"L\u2019annonce est tom\u00adb\u00e9e en juillet 2025\u00a0: dix-neuf maga\u00adsins Auchan vont pas\u00adser sous ban\u00adni\u00e8re Lidl dans les mois \u00e0&hellip;\n","protected":false},"author":2,"featured_media":338745,"comment_status":"","ping_status":"","sticky":false,"template":"","format":"standard","meta":{"footnotes":""},"categories":[9566],"tags":[1111,11,2430,1777,674,1011,27,2731,12,25],"class_list":{"0":"post-338744","1":"post","2":"type-post","3":"status-publish","4":"format-standard","5":"has-post-thumbnail","7":"category-grenoble","8":"tag-actu","9":"tag-actualites","10":"tag-auvergne-rhone-alpes","11":"tag-eu","12":"tag-europe","13":"tag-fr","14":"tag-france","15":"tag-grenoble","16":"tag-news","17":"tag-republique-francaise"},"share_on_mastodon":{"url":"https:\/\/pubeurope.com\/@fr\/115078716677696636","error":""},"_links":{"self":[{"href":"https:\/\/www.europesays.com\/fr\/wp-json\/wp\/v2\/posts\/338744","targetHints":{"allow":["GET"]}}],"collection":[{"href":"https:\/\/www.europesays.com\/fr\/wp-json\/wp\/v2\/posts"}],"about":[{"href":"https:\/\/www.europesays.com\/fr\/wp-json\/wp\/v2\/types\/post"}],"author":[{"embeddable":true,"href":"https:\/\/www.europesays.com\/fr\/wp-json\/wp\/v2\/users\/2"}],"replies":[{"embeddable":true,"href":"https:\/\/www.europesays.com\/fr\/wp-json\/wp\/v2\/comments?post=338744"}],"version-history":[{"count":0,"href":"https:\/\/www.europesays.com\/fr\/wp-json\/wp\/v2\/posts\/338744\/revisions"}],"wp:featuredmedia":[{"embeddable":true,"href":"https:\/\/www.europesays.com\/fr\/wp-json\/wp\/v2\/media\/338745"}],"wp:attachment":[{"href":"https:\/\/www.europesays.com\/fr\/wp-json\/wp\/v2\/media?parent=338744"}],"wp:term":[{"taxonomy":"category","embeddable":true,"href":"https:\/\/www.europesays.com\/fr\/wp-json\/wp\/v2\/categories?post=338744"},{"taxonomy":"post_tag","embeddable":true,"href":"https:\/\/www.europesays.com\/fr\/wp-json\/wp\/v2\/tags?post=338744"}],"curies":[{"name":"wp","href":"https:\/\/api.w.org\/{rel}","templated":true}]}}