{"id":338746,"date":"2025-08-23T15:10:10","date_gmt":"2025-08-23T15:10:10","guid":{"rendered":"https:\/\/www.europesays.com\/fr\/338746\/"},"modified":"2025-08-23T15:10:10","modified_gmt":"2025-08-23T15:10:10","slug":"des-milliers-de-produits-locaux-vont-servir-daide-alimentaire","status":"publish","type":"post","link":"https:\/\/www.europesays.com\/fr\/338746\/","title":{"rendered":"des milliers de produits locaux vont servir d&rsquo;aide alimentaire"},"content":{"rendered":"<p>            Par<br \/>\n        <strong><br \/>\n            <a href=\"https:\/\/actu.fr\/auteur\/redaction-jv\" title=\"Consulter tous les articles de R\u00e9daction Vitr\u00e9\" target=\"_blank\" rel=\"noopener\">R\u00e9daction Vitr\u00e9<\/a><br \/>\n        <\/strong><\/p>\n<p>        Publi\u00e9 le<\/p>\n<p>            23 ao\u00fbt 2025 \u00e0 17h00        <\/p>\n<p><b>Solaal Bretagne<\/b> (Solidarit\u00e9 des producteurs agricoles et des fili\u00e8res alimentaires) est <b>une association d\u2019aide alimentaire<\/b> bas\u00e9e \u00e0 Pl\u00e9rin (C\u00f4tes-d\u2019Armor), qui a pour but de faciliter l\u2019organisation des dons des entreprises agricoles et agroalimentaires.<\/p>\n<p>Une rencontre \u00e0 Janz\u00e9<\/p>\n<p class=\" wall-content\">Elle rassemble les organisations issues des secteurs agricoles, industriels, des interprofessions agricoles et alimentaires et des march\u00e9s de gros.<\/p>\n<p class=\" wall-content\">Solaal propose <b>le don aux associations d\u2019aide alimentair<\/b>e ayant une habilitation nationale.<\/p>\n<p class=\" wall-content\">R\u00e9cemment, les responsables Solaal ont organis\u00e9<b> une rencontre \u00e0 Janz\u00e9<\/b> (Ille-et-Vilaine) avec les repr\u00e9sentants des Restos du C\u0153ur de Rennes, La Petite Cr\u00e8merie de Sophie, la Banque alimentaire et la CCPA (fabricant de nourriture pour animaux).<\/p>\n<p>Des achats solidaires<\/p>\n<p class=\" wall-content\">Le but de l\u2019\u00e9v\u00e8nement \u00e9tait de <b>pr\u00e9senter le m\u00e9c\u00e9nat de l\u2019entreprise CCPA,<\/b> missionn\u00e9e par la Solaal Bretagne pour r\u00e9aliser des achats solidaires chez des producteurs locaux, afin de reverser les produits achet\u00e9s \u00e0 des associations d\u2019aide alimentaire \u00ab\u2009dans le but de diversifier leur approvisionnement et de lutter contre la pr\u00e9carit\u00e9 alimentaire\u2009\u00bb, explique Zo\u00e9 Lapeze de la coordination Solaal.<\/p>\n<p class=\" wall-content\">\u00c0 la suite des achats effectu\u00e9s, la distribution des produits sera effectu\u00e9e dans les prochaines semaines\/mois.<\/p>\n<p>Les chiffres des achats<\/p>\n<p class=\" wall-content\">Achats (au total)\u2009: La Petite Cr\u00e8merie de Sophie\u2009: 1\u2009000 bouteilles de lait +\u00a0400 yaourts aromatis\u00e9s. Maison Robert\u2009: 400 bouteilles de 250\u00a0ml d\u2019huile de tournesol\u2009; Clouet Volailles\u2009: 137 bocaux de rillettes +\u00a0environ 130 barquettes de deux cuisses de poulet\u2009; Ferme de la Bassi\u00e8re\u2009: 768 bo\u00eetes de six \u0153ufs plein air.<\/p>\n<p>Votre r\u00e9gion, votre actu !<\/p>\n<p>Recevez chaque jour les infos qui comptent pour vous.<\/p>\n<p>\t<a href=\"https:\/\/actu.fr\/newsletter\" class=\"ac-btn ac-btn--corner ac-btn--medium ac-btn--blue800\" target=\"_blank\" rel=\"noopener\">S&rsquo;incrire<\/a><\/p>\n<p class=\" wall-content\">En 2024, <b>597\u00a0tonnes de produits<\/b> ont \u00e9t\u00e9 donn\u00e9es par les fili\u00e8res agricoles et alimentaires via l\u2019accompagnement de Solaal Bretagne, soit <b>l\u2019\u00e9quivalent de 1\u2009194\u2009000 repas distribu\u00e9s<\/b> aux associations d\u2019aide alimentaire nationales habilit\u00e9es. C\u2019est aussi <b>471\u00a0tonnes de CO2 non gaspill\u00e9es.<\/b><\/p>\n<p class=\" wall-content\">Cela repr\u00e9sentait <b>920 dons<\/b> (chiffre multipli\u00e9 par 3 par rapport \u00e0 2023)\u2009: 345 dons issus des exploitations, 563 dons issus des refus d\u2019agr\u00e9age, un don lors d\u2019\u00e9v\u00e8nement agricole, 12 glanages solidaires\u2009; 48 donateurs, dont 26 nouveaux producteurs. 53 antennes locales d\u2019associations d\u2019aide alimentaire ont pu b\u00e9n\u00e9ficier de produits via le r\u00e9seau Solaal.<\/p>\n<p class=\" wall-content\">Personnalisez votre actualit\u00e9 en ajoutant vos villes et m\u00e9dias en favori avec <a href=\"https:\/\/moncompte.actu.fr\" title=\"D\u00e9couvez Mon Actu\" rel=\"nofollow noopener\" data-trk=\"{&quot;cta&quot;:{&quot;action&quot;:&quot;https:\\\/\\\/moncompte.actu.fr&quot;,&quot;category&quot;:&quot;mon compte&quot;,&quot;from&quot;:&quot;article footer&quot;,&quot;name&quot;:&quot;Mon actu&quot;,&quot;type&quot;:&quot;cta&quot;}}\" target=\"_blank\">Mon Actu<\/a>.<\/p>\n","protected":false},"excerpt":{"rendered":"Par R\u00e9daction Vitr\u00e9 Publi\u00e9 le 23 ao\u00fbt 2025 \u00e0 17h00 Solaal Bretagne (Solidarit\u00e9 des producteurs agricoles et des&hellip;\n","protected":false},"author":2,"featured_media":338747,"comment_status":"","ping_status":"","sticky":false,"template":"","format":"standard","meta":{"footnotes":""},"categories":[2821],"tags":[1111,11,829,1777,674,1011,27,10264,12,584,25,104],"class_list":{"0":"post-338746","1":"post","2":"type-post","3":"status-publish","4":"format-standard","5":"has-post-thumbnail","7":"category-rennes","8":"tag-actu","9":"tag-actualites","10":"tag-bretagne","11":"tag-eu","12":"tag-europe","13":"tag-fr","14":"tag-france","15":"tag-humanitaire","16":"tag-news","17":"tag-rennes","18":"tag-republique-francaise","19":"tag-societe"},"share_on_mastodon":{"url":"https:\/\/pubeurope.com\/@fr\/115078720609959696","error":""},"_links":{"self":[{"href":"https:\/\/www.europesays.com\/fr\/wp-json\/wp\/v2\/posts\/338746","targetHints":{"allow":["GET"]}}],"collection":[{"href":"https:\/\/www.europesays.com\/fr\/wp-json\/wp\/v2\/posts"}],"about":[{"href":"https:\/\/www.europesays.com\/fr\/wp-json\/wp\/v2\/types\/post"}],"author":[{"embeddable":true,"href":"https:\/\/www.europesays.com\/fr\/wp-json\/wp\/v2\/users\/2"}],"replies":[{"embeddable":true,"href":"https:\/\/www.europesays.com\/fr\/wp-json\/wp\/v2\/comments?post=338746"}],"version-history":[{"count":0,"href":"https:\/\/www.europesays.com\/fr\/wp-json\/wp\/v2\/posts\/338746\/revisions"}],"wp:featuredmedia":[{"embeddable":true,"href":"https:\/\/www.europesays.com\/fr\/wp-json\/wp\/v2\/media\/338747"}],"wp:attachment":[{"href":"https:\/\/www.europesays.com\/fr\/wp-json\/wp\/v2\/media?parent=338746"}],"wp:term":[{"taxonomy":"category","embeddable":true,"href":"https:\/\/www.europesays.com\/fr\/wp-json\/wp\/v2\/categories?post=338746"},{"taxonomy":"post_tag","embeddable":true,"href":"https:\/\/www.europesays.com\/fr\/wp-json\/wp\/v2\/tags?post=338746"}],"curies":[{"name":"wp","href":"https:\/\/api.w.org\/{rel}","templated":true}]}}