{"id":338756,"date":"2025-08-23T15:15:14","date_gmt":"2025-08-23T15:15:14","guid":{"rendered":"https:\/\/www.europesays.com\/fr\/338756\/"},"modified":"2025-08-23T15:15:14","modified_gmt":"2025-08-23T15:15:14","slug":"a-nice-lassociation-semeurs-despoir-monaco-gardent-le-lien-tout-lete-avec-les-plus-fragiles","status":"publish","type":"post","link":"https:\/\/www.europesays.com\/fr\/338756\/","title":{"rendered":"\u00c0 Nice, l&rsquo;association Semeurs d\u2019Espoir Monaco gardent le lien tout l\u2019\u00e9t\u00e9 avec les plus fragiles"},"content":{"rendered":"<p>Il est 19\u2005h\u200530 sur le quai Papacino, \u00e0 Nice. Malgr\u00e9 un retard d\u2019une vingtaine de minutes d\u00fb \u00e0 des embouteillages en provenance de Monaco, une trentaine de personnes patiente dans la bonne humeur. Peu avant 20\u2005heures, deux des camions de Semeurs d\u2019Espoir Monaco font leur apparition dans le trafic ni\u00e7ois. En l\u2019espace de quelques minutes, les \u00e9quipes men\u00e9es par Pierre Grunaud s\u2019empressent de faire les gestes qu\u2019ils ont l\u2019habitude de r\u00e9p\u00e9ter un mardi sur deux. \u00ab\u00a0Nous sommes une maraude mobile, donc notre temps est limit\u00e9, introduit le responsable du jour. La r\u00e9glementation nous impose de rester une demi-heure maximum sur place.\u00a0\u00bb<\/p>\n<p>Alors sans plus attendre, chacun s\u2019attelle \u00e0 sa t\u00e2che respective\u2005dans un ballet coordonn\u00e9. Accrocher des sacs-poubelle autour du point de distribution \u00e9ph\u00e9m\u00e8re, installer un petit bar d\u2019appoint, mettre en place le dressing mobile et le camion-\u00e9picerie. La m\u00e9canique est bien huil\u00e9e car d\u2019autres points de distribution attendent les b\u00e9n\u00e9voles dans la soir\u00e9e, qui doit se conclure aux alentours de minuit. \u00ab\u00a0La maraude, c\u2019est l\u2019ADN de l\u2019association, rappelle Alexandra, b\u00e9n\u00e9vole depuis deux ans. On souhaite aider les gens qui sont dans une grande pr\u00e9carit\u00e9 et on commence toujours par le port de Nice. C\u2019est ici qu\u2019on retrouve nos habitu\u00e9s.\u00a0\u00bb<br \/>&#13;<br \/>\n<strong><br \/>&#13;<br \/>\nUn moment d\u2019\u00e9change\u00a0 au-del\u00e0 de l\u2019aspect mat\u00e9riel<\/strong><\/p>\n<p>Chaque \u00e9t\u00e9, l\u2019association redouble de vigilance pour assister les personnes en grande pr\u00e9carit\u00e9 en raison des fortes chaleurs [lire plus bas]. Et ce alors que le nombre de b\u00e9n\u00e9ficiaires n\u2019a pas augment\u00e9 cette ann\u00e9e, contrairement aux pr\u00e9c\u00e9dentes. 350 b\u00e9n\u00e9ficiaires ont \u00e9t\u00e9 recens\u00e9s sur juillet-ao\u00fbt, soit dans la moyenne du reste de 2025. Des chiffres qui rassurent les b\u00e9n\u00e9voles \u00e0 l\u2019heure de faire le bilan de l\u2019\u00e9t\u00e9.<\/p>\n<p>Ce soir [les r\u00f4les sont \u00e9changeables \u00e0 chaque maraude en fonction des pr\u00e9f\u00e9rences de chacun Ndlr], Alexandra est charg\u00e9e d\u2019animer le coin caf\u00e9 qui se trouve sur le c\u00f4t\u00e9 de la camionnette. \u00ab\u00a0On va \u00e0 la rencontre des b\u00e9n\u00e9ficiaires. On leur propose un th\u00e9 ou un chocolat chaud. C\u2019est l\u2019occasion de discuter avec eux. C\u2019est un poste important parce que c\u2019est celui o\u00f9 on cr\u00e9e le plus de lien social.\u00a0\u00bb<br \/>&#13;<br \/>\n<br \/>&#13;<br \/>\nCar au-del\u00e0 de l\u2019aspect mat\u00e9riel, les b\u00e9n\u00e9voles insistent sur l\u2019importance de la proximit\u00e9 cr\u00e9\u00e9e avec les b\u00e9n\u00e9ficiaires de l\u2019association. \u00ab\u00a0Il faut avoir \u00e0 l\u2019esprit qu\u2019on les conna\u00eet bien pour la plupart. Ce sont des b\u00e9n\u00e9ficiaires qui viennent nous voir depuis longtemps. Ils nous donnent de leurs nouvelles tous les 15 jours\u2005: est-ce qu\u2019ils ont r\u00e9ussi \u00e0 trouver du travail, comment se r\u00e9sorbe une petite blessure&#8230;\u00a0\u00bb<\/p>\n<p>              <img ci-src=\"https:\/\/www.nicematin.com\/social\/Image+MON19Q804B_JM_SEMEURS+D+ESPOIR-BURYWr4S.jpg?vh=cc2c2e&amp;ci_seal=b1281ad279\" alt=\"\"\/><br \/>\n        Sur le quai Papacino, neuf b\u00e9n\u00e9voles distribuent des affaires aux b\u00e9n\u00e9ficiaires : de la nourriture aux v\u00eatements en passant par des produits d\u2019hygi\u00e8ne. <strong>Photo Justine Meddah.<\/strong> <\/p>\n<p>C\u2019est probablement l\u2019espace le plus sollicit\u00e9 par les b\u00e9n\u00e9ficiaires. Le camion-dressing, am\u00e9nag\u00e9 pour r\u00e9pondre au mieux \u00e0 la demande, voit toujours une queue d\u2019une dizaine de personnes se former \u00e0 chaque maraude. Depuis l\u2019int\u00e9rieur du camion, une b\u00e9n\u00e9vole fait la distribution en prenant\u00a0en compte les desideratas de chacun. \u00ab\u00a0Il y a aussi tout un espace r\u00e9serv\u00e9 \u00e0 l\u2019hygi\u00e8ne, ajoute la responsable de la communication. Les v\u00eatements, c\u2019est ce qui est le plus demand\u00e9 parce que rares sont les autres associations \u00e0 donner des habits. Surtout de mani\u00e8re mobile.\u00a0\u00bb<br \/>&#13;<br \/>\n<br \/>&#13;<br \/>\nEn raison du succ\u00e8s de cet espace \u00e9ph\u00e9m\u00e8re, les b\u00e9n\u00e9voles veillent \u00e0 rationner la distribution. \u00ab\u00a0On ne fixe pas de limite mais on essaie de faire attention, temp\u00e8re Alexandra. Par exemple, les baskets sont tr\u00e8s demand\u00e9es donc on ne va pas en donner tous les quinze jours \u00e0 la m\u00eame personne. On essaie de r\u00e9pondre avec le sourire en leur disant qu\u2019on leur en a d\u00e9j\u00e0 donn\u00e9. G\u00e9n\u00e9ralement, on donne toujours un article de chaque\u2005: un pantalon, un t-shirt, des sous-v\u00eatements.\u00a0\u00bb<br \/>&#13;<br \/>\n<br \/>&#13;<br \/>\nEnfin, les Semeurs d\u2019Espoir proposent \u00e9galement un camion-\u00e9picerie pour ravitailler ceux dans le besoin. \u00ab\u00a0Ici, on distribue des \u2018\u2018sacs de vie\u2019\u2019 dans lesquels on glisse du sucr\u00e9 et du sal\u00e9 qui se consomment dans la rue avec des couverts.\u00a0\u00bb<br \/>&#13;<br \/>\n<br \/>&#13;<br \/>\nToutes ces distributions r\u00e9sultent d\u2019un travail de l\u2019ombre colossal qui est fait en amont par d\u2019autres \u00e9quipes dans les deux locaux de l\u2019association situ\u00e9s au niveau de la digue semi-flottante \u00e0 Monaco. \u00ab\u00a0Une \u00e9quipe g\u00e8re le stockage et une autre fait un tri permanent pour charger les camions avant chaque maraude.\u00a0\u00bb<\/p>\n<p><strong>\u00ab\u00a0Un jour, une jeune maman avait un b\u00e9b\u00e9 de sept mois dans ses bras\u00a0\u00bb<\/strong><\/p>\n<p>Selon les b\u00e9n\u00e9voles, 80 \u00e0 90\u2005% des b\u00e9n\u00e9ficiaires sont des hommes. \u00ab\u00a0\u00c9videmment, on aide les plus pr\u00e9caires mais on ne refuse jamais qui que ce soit. On sert tous ceux qui se pr\u00e9sentent \u00e0 nous sans demander aucune justification. Certains sont \u00e0 la rue, d\u2019autres ont des domiciles pr\u00e9caires.\u00a0\u00bb Luigi, lui, a un chez lui mais se retrouve souvent \u00e9touff\u00e9 par les d\u00e9penses toujours plus nombreuses et cons\u00e9quentes. \u00ab\u00a0Je viens depuis plus d\u2019un an, raconte l\u2019int\u00e9ress\u00e9. J\u2019ai un domicile mais j\u2019ai beaucoup de frais fixes alors je viens ici. Cela me permet de voir des amis et de manger un petit peu. Ce sont des moments importants parce qu\u2019on essaie de s\u2019ouvrir et on oublie le n\u00e9gatif.\u00a0\u00bb<br \/>&#13;<br \/>\n<br \/>&#13;<br \/>\nDes moments importants qui peuvent tout de m\u00eame s\u2019av\u00e9rer douloureux pour les \u00e9quipes de Semeurs d\u2019Espoir Monaco. \u00ab\u00a0Ils le sont de moins en moins avec le temps. \u00c0 titre personnel, je deviens de plus en plus aguerrie. C\u2019est quelque chose de tr\u00e8s personnel. De mon c\u00f4t\u00e9, je suis tr\u00e8s sensible lorsque des familles viennent nous voir avec des enfants. Heureusement, c\u2019est assez rare mais un jour je suis tomb\u00e9e sur une famille \u00e9rythr\u00e9enne. Une jeune femme s\u2019est approch\u00e9e et elle avait un jeune b\u00e9b\u00e9 de sept mois dans les bras. C\u2019est tr\u00e8s compliqu\u00e9 de l\u2019accepter.\u00a0\u00bb<\/p>\n<p>              <img ci-src=\"https:\/\/www.nicematin.com\/social\/Image+MON19Q811B_JM_SEMEURS+D+ESPOIR-mWZMwqG7.jpg?vh=0eecd8&amp;ci_seal=fdaf1a87fa\" alt=\"\"\/><br \/>\n        Les Semeurs d\u2019Espoir proposent \u00e9galement un camion-\u00e9picerie pour ravitailler ceux dans le besoin. \u00ab\u00a0Ici, on distribue des \u2018\u2018sacs de vie\u2019\u2019 dans lesquels on glisse du sucr\u00e9 et du sal\u00e9 qui se consomment dans la rue avec des couverts.\u00a0\u00bb <strong>Photo Justine Meddah.<\/strong> <\/p>\n<p><strong>\u00ab\u00a0Des parenth\u00e8ses qui leur font \u00e9norm\u00e9ment de bien\u00a0\u00bb<br \/>&#13;<br \/>\n<\/strong><br \/>&#13;<br \/>\nUne force mentale qui est parfois mise \u00e0 rude \u00e9preuve. \u00ab\u00a0Malheureusement, la pr\u00e9carit\u00e9 engendre un cercle dont on n\u2019arrive pas \u00e0 sortir malgr\u00e9 la bonne volont\u00e9. Certains n\u2019ont plus le confort qu\u2019on conna\u00eet comme se laver et se rendre dans certains lieux ou m\u00eame chercher du travail. C\u2019est difficile de se dire qu\u2019on a des gens face \u00e0 nous qui sont en souffrance.\u00a0\u00bb<\/p>\n<p>Malgr\u00e9 tout, les b\u00e9n\u00e9voles tentent d\u2019apporter un r\u00e9confort relatif. \u00ab\u00a0On se dit que les moments qu\u2019on passe avec eux, les sourires qu\u2019on leur adresse, sont des parenth\u00e8ses qui leur font \u00e9norm\u00e9ment de bien. On sait que ce ne sont que cinq minutes et qu\u2019ils vont, pour la plupart, retourner des dans situations pr\u00e9caires. Mais ils ont conscience qu\u2019on est l\u00e0 pour eux. Ils nous remercient d\u2019\u00eatre l\u00e0.\u00a0\u00bb<br \/>&#13;<br \/>\n<br \/>&#13;<br \/>\nApr\u00e8s leur arr\u00eat au port de Nice, les \u00e9quipes men\u00e9es par Pierre Grunaud vont se diriger vers la place Garibaldi avant de remonter la promenade des Anglais et de se pr\u00e9senter \u00e0 la gare de Nice-ville et sur l\u2019avenue Jean M\u00e9decin.<\/p>\n<p>            Les dates des prochaines collectes \u00e0 Monaco<\/p>\n<p>Pour mener \u00e0 bien leurs missions r\u00e9guli\u00e8res de distribution, Semeurs d\u2019Espoir Monaco s\u2019appuie sur les dons. Ces derniers sont collect\u00e9s en plusieurs temps. D\u2019abord, les v\u00eatements et les chaussures. Ces dons-l\u00e0 sont rendus possibles \u00e0 l\u2019ann\u00e9e gr\u00e2ce \u00e0 la benne qui se trouve au -4 du parking de la Digue. Ainsi, les donateurs peuvent se rendre \u00e0 la benne 24\u2005h\u200524, 7 J\/7.<\/p>\n<p>Attention, il faut que les dons correspondent \u00e0 certains crit\u00e8res. Pour les v\u00eatements notamment, ceux-ci doivent se pr\u00eater \u00e0 la vie de la rue. C\u2019est-\u00e0-dire des tenues sombres, pas salissantes et faciles \u00e0 porter comme des sweat-shirts, jeans et tee-shirts. Notez que les tenues pour hommes sont plus recherch\u00e9es.<\/p>\n<p>Quant \u00e0 la nourriture, des collectes ponctuelles sont organis\u00e9es \u00e0 Monaco, notamment la plus grande qui a lieu au centre commercial de Fontvieille. \u00ab\u00a0G\u00e9n\u00e9ralement, on passe une commande cons\u00e9quente aupr\u00e8s de Carrefour, explique Alexandra, b\u00e9n\u00e9vole. Ils nous mettent \u00e0 disposition des stands auxquels le public peut se rendre pour ensuite les r\u00e9gler en caisse. Cela nous permet de cibler les produits dont on a le plus besoin. Parfois, les gens pensent bien faire en achetant eux-m\u00eames des produits, mais on doit redistribuer certains dons aupr\u00e8s d\u2019autres associations.\u00a0\u00bb<\/p>\n<p>La prochaine collecte aura lieu les 4 et 5 octobre \u00e0 Fontvieille, avant une nouvelle qu\u00eate au mois d\u2019avril.<\/p>\n","protected":false},"excerpt":{"rendered":"Il est 19\u2005h\u200530 sur le quai Papacino, \u00e0 Nice. Malgr\u00e9 un retard d\u2019une vingtaine de minutes d\u00fb \u00e0&hellip;\n","protected":false},"author":2,"featured_media":338757,"comment_status":"","ping_status":"","sticky":false,"template":"","format":"standard","meta":{"footnotes":""},"categories":[2819],"tags":[1111,11,1777,674,1011,27,12,2401,882,25,801],"class_list":{"0":"post-338756","1":"post","2":"type-post","3":"status-publish","4":"format-standard","5":"has-post-thumbnail","7":"category-nice","8":"tag-actu","9":"tag-actualites","10":"tag-eu","11":"tag-europe","12":"tag-fr","13":"tag-france","14":"tag-news","15":"tag-nice","16":"tag-provence-alpes-cote-dazur","17":"tag-republique-francaise","18":"tag-social"},"share_on_mastodon":{"url":"https:\/\/pubeurope.com\/@fr\/115078740245225092","error":""},"_links":{"self":[{"href":"https:\/\/www.europesays.com\/fr\/wp-json\/wp\/v2\/posts\/338756","targetHints":{"allow":["GET"]}}],"collection":[{"href":"https:\/\/www.europesays.com\/fr\/wp-json\/wp\/v2\/posts"}],"about":[{"href":"https:\/\/www.europesays.com\/fr\/wp-json\/wp\/v2\/types\/post"}],"author":[{"embeddable":true,"href":"https:\/\/www.europesays.com\/fr\/wp-json\/wp\/v2\/users\/2"}],"replies":[{"embeddable":true,"href":"https:\/\/www.europesays.com\/fr\/wp-json\/wp\/v2\/comments?post=338756"}],"version-history":[{"count":0,"href":"https:\/\/www.europesays.com\/fr\/wp-json\/wp\/v2\/posts\/338756\/revisions"}],"wp:featuredmedia":[{"embeddable":true,"href":"https:\/\/www.europesays.com\/fr\/wp-json\/wp\/v2\/media\/338757"}],"wp:attachment":[{"href":"https:\/\/www.europesays.com\/fr\/wp-json\/wp\/v2\/media?parent=338756"}],"wp:term":[{"taxonomy":"category","embeddable":true,"href":"https:\/\/www.europesays.com\/fr\/wp-json\/wp\/v2\/categories?post=338756"},{"taxonomy":"post_tag","embeddable":true,"href":"https:\/\/www.europesays.com\/fr\/wp-json\/wp\/v2\/tags?post=338756"}],"curies":[{"name":"wp","href":"https:\/\/api.w.org\/{rel}","templated":true}]}}