{"id":338762,"date":"2025-08-23T15:18:11","date_gmt":"2025-08-23T15:18:11","guid":{"rendered":"https:\/\/www.europesays.com\/fr\/338762\/"},"modified":"2025-08-23T15:18:11","modified_gmt":"2025-08-23T15:18:11","slug":"une-ceremonie-a-bordeaux-en-hommage-aux-victimes-de-lesclavage","status":"publish","type":"post","link":"https:\/\/www.europesays.com\/fr\/338762\/","title":{"rendered":"une c\u00e9r\u00e9monie \u00e0 Bordeaux en hommage aux victimes de l\u2019esclavage"},"content":{"rendered":"<p>Et la conque a r\u00e9sonn\u00e9 place Lain\u00e9, devant la Bourse maritime. \u00c0\u00a010 heures ce samedi 23\u00a0ao\u00fbt, Siale-Utuao, un jeune Bordelais d\u2019origine wallisienne, s\u2019est saisi de ce grand coquillage du Pacifique pour lancer la c\u00e9r\u00e9monie. Organis\u00e9e par l\u2019association M\u00e9moires et partages et en pr\u00e9sence de l\u2019adjoint au maire de Bordeaux Bernard Blanc, la c\u00e9l\u00e9bration a rendu hommage, devant plus de 100\u00a0personnes, \u00e0 la r\u00e9volution ha\u00eftienne, commenc\u00e9e dans la nuit du 22\u00a0ao\u00fbt au 23\u00a0ao\u00fbt 1791 et qui fait, depuis 1998, l\u2019objet d\u2019<a href=\"https:\/\/www.unesco.org\/fr\/days\/slave-trade-remembrance\" target=\"_blank\" rel=\"nofollow noopener\">une Journ\u00e9e internationale du souvenir de la traite n\u00e9gri\u00e8re et de son abolition<\/a>.<\/p>\n<p>\u00ab\u00a0Ha\u00efti, c\u2019est le premier peuple noir \u00e0 \u00eatre libre\u00a0\u00bb, assure Pelanatino Amole, originaire de Wallis-et-Futuna. Ce dignitaire polyn\u00e9sien, qui r\u00e9side d\u00e9sormais \u00e0 Bordeaux, officie lors de cette c\u00e9r\u00e9monie. \u00ab\u00a0Nous voulons rendre hommage \u00e0 ces insurg\u00e9s. Ils ont \u00e9t\u00e9 les premiers \u00e0 gagner contre l\u2019esclavage.\u00a0\u00bb Appel\u00e9e alors Saint-Domingue, l\u2019ancienne colonie fran\u00e7aise, place forte de la production sucri\u00e8re mondiale, employa en effet jusqu\u2019\u00e0 400\u00a0000 esclaves, jusqu\u2019\u00e0 ce qu\u2019en 1791, une insurrection \u00e9clate. Apr\u00e8s treize ans de combat, Ha\u00efti devenait ind\u00e9pendante en 1804, couronnant la premi\u00e8re r\u00e9volte d\u2019esclaves victorieuse de l\u2019histoire.<\/p>\n<p>Bordeaux, port n\u00e9grier\u2026<\/p>\n<p>Un hommage \u00e0 l\u2019histoire que Karfa Diallo, fondateur de l\u2019<a href=\"https:\/\/memoiresetpartages.com\/\" target=\"_blank\" rel=\"nofollow noopener\">association M\u00e9moires et partages<\/a> et conseiller r\u00e9gional de la Nouvelle-Aquitaine, a voulu initier depuis cette place Lain\u00e9\u00a0: \u00ab\u00a0Ce nom, c\u2019est celui du ministre de Louis XVIII qui a permis la construction <a href=\"https:\/\/www.sudouest.fr\/gironde\/bordeaux\/en-images-des-denrees-coloniales-au-capc-connaissez-vous-l-histoire-de-l-entrepot-laine-a-bordeaux-20416481.php\" target=\"_blank\" rel=\"follow nofollow noopener\">des entrep\u00f4ts o\u00f9 \u00e9taient stock\u00e9es les denr\u00e9es alimentaires coloniales<\/a>. Bordeaux a \u00e9t\u00e9 un des plus grands ports n\u00e9griers fran\u00e7ais et peut-\u00eatre le port qui s\u2019est enrichi le plus du syst\u00e8me esclavagiste.\u00a0\u00bb<\/p>\n<p>Cinq cents bateaux qui ont d\u00e9port\u00e9 150\u00a0000 esclaves, partis du port girondin pour \u00eatre revendus aux Am\u00e9riques et qui revenaient charg\u00e9s des denr\u00e9es issues de la production esclavagiste. Un commerce triangulaire qui op\u00e9ra de 1672 \u00e0 1837 et qui se retrouva dop\u00e9 par la situation g\u00e9ographique de Bordeaux, o\u00f9 transitaient les exp\u00e9ditions commerciales d\u2019autres pays colonialistes.<\/p>\n<p>Un pass\u00e9 dont ne veut pas s\u2019exclure Brigitte, de passage \u00e0 Bordeaux\u00a0: \u00ab\u00a0J\u2019ai \u00e9t\u00e9 sensibilis\u00e9e par ma fille \u00e0 cette histoire esclavagiste. Alors en tant que Fran\u00e7aise, j\u2019ai voulu venir pour faire acte de contrition.\u00a0\u00bb<\/p>\n<p>        <img decoding=\"async\" id=\"25638794\" src=\"https:\/\/www.europesays.com\/fr\/wp-content\/uploads\/2025\/08\/20250823142530-lt2497.jpg\" alt=\"Pelanatino Amole, d\u2019origine wallisienne, proc\u00e8de \u00e0 la c\u00e9r\u00e9monie du kava, une plante polyn\u00e9sienne.\" itemprop=\"contentURL\"\/><\/p>\n<p>    Pelanatino Amole, d\u2019origine wallisienne, proc\u00e8de \u00e0 la c\u00e9r\u00e9monie du kava, une plante polyn\u00e9sienne.<\/p>\n<p>Laurent Theillet\/SO<\/p>\n<p>    \u2026et \u00ab\u00a0port de m\u00e9moire\u00a0\u00bb<\/p>\n<p>Karfa Diallo le revendique\u00a0: \u00ab\u00a0Se taire, c\u2019est trahir. Bordeaux est un port de m\u00e9moire. Sur cette place Lain\u00e9, nous aimerions qu\u2019une plaque explicative soit pos\u00e9e.\u00a0\u00bb Une interpellation abond\u00e9e par le conseiller municipal Philippe Poutou, venu pour la c\u00e9r\u00e9monie\u00a0: \u00ab\u00a0Le mandat municipal se termine. Et tant pour la <a href=\"https:\/\/www.sudouest.fr\/gironde\/bordeaux\/histoire-la-future-maison-esclavages-et-resistances-s-installera-sur-un-terrain-du-port-de-bordeaux-18389004.php\" target=\"_blank\" rel=\"follow nofollow noopener\">Maison esclavages et r\u00e9sistances<\/a> que pour le renommage de certaines rues, rien n\u2019avance beaucoup. Pourtant, nous avons besoin dans la soci\u00e9t\u00e9 actuelle d\u2019id\u00e9es \u00e9mancipatrices.\u00a0\u00bb Un objectif pour lequel Olivier s\u2019est joint \u00e0 la c\u00e9l\u00e9bration\u00a0: \u00ab\u00a0Pour moi, c\u2019est une question de chemin intime mais, \u00e0 travers ce type de c\u00e9r\u00e9monie, c\u2019est aussi la possibilit\u00e9 d\u2019en faire un chemin de soci\u00e9t\u00e9.\u00a0\u00bb<\/p>\n","protected":false},"excerpt":{"rendered":"Et la conque a r\u00e9sonn\u00e9 place Lain\u00e9, devant la Bourse maritime. \u00c0\u00a010 heures ce samedi 23\u00a0ao\u00fbt, Siale-Utuao, un&hellip;\n","protected":false},"author":2,"featured_media":338763,"comment_status":"","ping_status":"","sticky":false,"template":"","format":"standard","meta":{"footnotes":""},"categories":[2817],"tags":[1111,11,1997,1777,674,1011,27,12,2219,25],"class_list":{"0":"post-338762","1":"post","2":"type-post","3":"status-publish","4":"format-standard","5":"has-post-thumbnail","7":"category-bordeaux","8":"tag-actu","9":"tag-actualites","10":"tag-bordeaux","11":"tag-eu","12":"tag-europe","13":"tag-fr","14":"tag-france","15":"tag-news","16":"tag-nouvelle-aquitaine","17":"tag-republique-francaise"},"share_on_mastodon":{"url":"https:\/\/pubeurope.com\/@fr\/115078752213301862","error":""},"_links":{"self":[{"href":"https:\/\/www.europesays.com\/fr\/wp-json\/wp\/v2\/posts\/338762","targetHints":{"allow":["GET"]}}],"collection":[{"href":"https:\/\/www.europesays.com\/fr\/wp-json\/wp\/v2\/posts"}],"about":[{"href":"https:\/\/www.europesays.com\/fr\/wp-json\/wp\/v2\/types\/post"}],"author":[{"embeddable":true,"href":"https:\/\/www.europesays.com\/fr\/wp-json\/wp\/v2\/users\/2"}],"replies":[{"embeddable":true,"href":"https:\/\/www.europesays.com\/fr\/wp-json\/wp\/v2\/comments?post=338762"}],"version-history":[{"count":0,"href":"https:\/\/www.europesays.com\/fr\/wp-json\/wp\/v2\/posts\/338762\/revisions"}],"wp:featuredmedia":[{"embeddable":true,"href":"https:\/\/www.europesays.com\/fr\/wp-json\/wp\/v2\/media\/338763"}],"wp:attachment":[{"href":"https:\/\/www.europesays.com\/fr\/wp-json\/wp\/v2\/media?parent=338762"}],"wp:term":[{"taxonomy":"category","embeddable":true,"href":"https:\/\/www.europesays.com\/fr\/wp-json\/wp\/v2\/categories?post=338762"},{"taxonomy":"post_tag","embeddable":true,"href":"https:\/\/www.europesays.com\/fr\/wp-json\/wp\/v2\/tags?post=338762"}],"curies":[{"name":"wp","href":"https:\/\/api.w.org\/{rel}","templated":true}]}}