{"id":338766,"date":"2025-08-23T15:20:11","date_gmt":"2025-08-23T15:20:11","guid":{"rendered":"https:\/\/www.europesays.com\/fr\/338766\/"},"modified":"2025-08-23T15:20:11","modified_gmt":"2025-08-23T15:20:11","slug":"sept-personnes-coincees-sur-un-ilot-au-milieu-de-la-garonne","status":"publish","type":"post","link":"https:\/\/www.europesays.com\/fr\/338766\/","title":{"rendered":"sept personnes coinc\u00e9es sur un \u00eelot au milieu de la Garonne"},"content":{"rendered":"<p>            Par<br \/>\n        <strong><br \/>\n            <a href=\"https:\/\/actu.fr\/auteur\/lea-afonso\" title=\"Consulter tous les articles de L\u00e9a Afonso\" rel=\"nofollow noopener\" target=\"_blank\">L\u00e9a Afonso<\/a><br \/>\n        <\/strong><\/p>\n<p>        Publi\u00e9 le<\/p>\n<p>            23 ao\u00fbt 2025 \u00e0 17h12        <\/p>\n<p>Nouvelle intervention des <strong>sapeurs-pompiers de la Haute-Garonne<\/strong> ce samedi 23\u00a0ao\u00fbt 2025. Peu apr\u00e8s 15h, sept d\u2019entre eux, dont <strong>trois sp\u00e9cialistes de l\u2019\u00e9quipe nautique<\/strong> sont intervenus sur la commune de <a href=\"https:\/\/actu.fr\/occitanie\/saubens_31533\" rel=\"nofollow noopener\" target=\"_blank\">Saubens<\/a>, au sud de <a href=\"https:\/\/actu.fr\/toulouse\/\" rel=\"nofollow noopener\" target=\"_blank\">Toulouse<\/a>.<\/p>\n<p>    <a href=\"https:\/\/www.google.com\/maps\/embed?pb=!1m18!1m12!1m3!1d20084.591295218812!2d1.3385651983846487!3d43.47987965105776!2m3!1f0!2f0!3f0!3m2!1i1024!2i768!4f13.1!3m3!1m2!1s0x12aeb7e76b67b83f%3A0x92b249c4bf341b46!2s31600%20Saubens!5e1!3m2!1sfr!2sfr!4v1755961723394!5m2!1sfr!2sfr\" title=\"Ouvrie le lien\" rel=\"nofollow noopener\" target=\"_blank\">Cliquez ici pour visualiser le contenu<\/a><\/p>\n<p>Des personnes coinc\u00e9es sur un \u00eelot<\/p>\n<p class=\" wall-content\"><strong>Sept individus<\/strong> se sont essay\u00e9s \u00e0 la baignade sauvage, mais sont rest\u00e9s <strong>coinc\u00e9s<\/strong> sur un <strong>\u00eelot au milieu de la Garonne.<\/strong> Impossible pour eux de revenir. Apr\u00e8s l\u2019arriv\u00e9e des pompiers, tous ont \u00e9t\u00e9 ramen\u00e9s sur la berge. <strong>Aucun bless\u00e9<\/strong> n\u2019est \u00e0 d\u00e9plorer.<\/p>\n<p class=\" wall-content\">Personnalisez votre actualit\u00e9 en ajoutant vos villes et m\u00e9dias en favori avec <a href=\"https:\/\/moncompte.actu.fr\" title=\"D\u00e9couvez Mon Actu\" rel=\"nofollow noopener\" data-trk=\"{&quot;cta&quot;:{&quot;action&quot;:&quot;https:\\\/\\\/moncompte.actu.fr&quot;,&quot;category&quot;:&quot;mon compte&quot;,&quot;from&quot;:&quot;article footer&quot;,&quot;name&quot;:&quot;Mon actu&quot;,&quot;type&quot;:&quot;cta&quot;}}\" target=\"_blank\">Mon Actu<\/a>.<\/p>\n","protected":false},"excerpt":{"rendered":"Par L\u00e9a Afonso Publi\u00e9 le 23 ao\u00fbt 2025 \u00e0 17h12 Nouvelle intervention des sapeurs-pompiers de la Haute-Garonne ce&hellip;\n","protected":false},"author":2,"featured_media":338767,"comment_status":"","ping_status":"","sticky":false,"template":"","format":"standard","meta":{"footnotes":""},"categories":[2816],"tags":[1111,11,1777,674,118,1011,27,12,2680,1311,25,2312],"class_list":{"0":"post-338766","1":"post","2":"type-post","3":"status-publish","4":"format-standard","5":"has-post-thumbnail","7":"category-toulouse","8":"tag-actu","9":"tag-actualites","10":"tag-eu","11":"tag-europe","12":"tag-faits-divers","13":"tag-fr","14":"tag-france","15":"tag-news","16":"tag-occitanie","17":"tag-pompiers","18":"tag-republique-francaise","19":"tag-toulouse"},"share_on_mastodon":{"url":"https:\/\/pubeurope.com\/@fr\/115078759987533270","error":""},"_links":{"self":[{"href":"https:\/\/www.europesays.com\/fr\/wp-json\/wp\/v2\/posts\/338766","targetHints":{"allow":["GET"]}}],"collection":[{"href":"https:\/\/www.europesays.com\/fr\/wp-json\/wp\/v2\/posts"}],"about":[{"href":"https:\/\/www.europesays.com\/fr\/wp-json\/wp\/v2\/types\/post"}],"author":[{"embeddable":true,"href":"https:\/\/www.europesays.com\/fr\/wp-json\/wp\/v2\/users\/2"}],"replies":[{"embeddable":true,"href":"https:\/\/www.europesays.com\/fr\/wp-json\/wp\/v2\/comments?post=338766"}],"version-history":[{"count":0,"href":"https:\/\/www.europesays.com\/fr\/wp-json\/wp\/v2\/posts\/338766\/revisions"}],"wp:featuredmedia":[{"embeddable":true,"href":"https:\/\/www.europesays.com\/fr\/wp-json\/wp\/v2\/media\/338767"}],"wp:attachment":[{"href":"https:\/\/www.europesays.com\/fr\/wp-json\/wp\/v2\/media?parent=338766"}],"wp:term":[{"taxonomy":"category","embeddable":true,"href":"https:\/\/www.europesays.com\/fr\/wp-json\/wp\/v2\/categories?post=338766"},{"taxonomy":"post_tag","embeddable":true,"href":"https:\/\/www.europesays.com\/fr\/wp-json\/wp\/v2\/tags?post=338766"}],"curies":[{"name":"wp","href":"https:\/\/api.w.org\/{rel}","templated":true}]}}