{"id":338774,"date":"2025-08-23T15:25:15","date_gmt":"2025-08-23T15:25:15","guid":{"rendered":"https:\/\/www.europesays.com\/fr\/338774\/"},"modified":"2025-08-23T15:25:15","modified_gmt":"2025-08-23T15:25:15","slug":"ici-369-000-euros-ont-ete-investis-visite-de-chantier-des-ecoles-renovees-pendant-les-vacances-a-marseille","status":"publish","type":"post","link":"https:\/\/www.europesays.com\/fr\/338774\/","title":{"rendered":"\u00ab\u00a0Ici, 369 000 Euros ont \u00e9t\u00e9 investis\u00a0\u00bb, visite de chantier des \u00e9coles r\u00e9nov\u00e9es pendant les vacances \u00e0 Marseille"},"content":{"rendered":"<p class=\"article__intro\">Comme chaque ann\u00e9e, la ville de Marseille, (en parall\u00e8le des travaux de grande ampleur dans le cadre du Plan \u00e9cole), pr\u00e9sente son bilan des travaux r\u00e9alis\u00e9s l&rsquo;\u00e9t\u00e9 dans les \u00e9tablissements. Exemple dans le centre-ville \u00e0 l\u2019\u00e9cole \u00e9l\u00e9mentaire Chabanon, dans le 6e arrondissement de Marseille.<\/p>\n<p>\n      La Quotidienne Soci\u00e9t\u00e9\n    <\/p>\n<p>\n      De la vie quotidienne aux grands enjeux, recevez tous les jours les sujets qui font la soci\u00e9t\u00e9 locale, comme la justice, l\u2019\u00e9ducation, la sant\u00e9 et la famille.\n    <\/p>\n<p>    France T\u00e9l\u00e9visions utilise votre adresse e-mail afin de vous envoyer la newsletter \u00ab\u00a0La Quotidienne Soci\u00e9t\u00e9\u00a0\u00bb. Vous pouvez vous d\u00e9sinscrire \u00e0 tout moment via le lien en bas de cette newsletter. <a target=\"_blank\" href=\"https:\/\/www.francetelevisions.fr\/groupe\/confidentialite\/politique-de-confidentialite\/politique-de-confidentialite-de-france-televisions-6503\" rel=\"nofollow noopener\">Notre politique de confidentialit\u00e9<\/a><\/p>\n<p>\u00ab\u00a0Pendant ces vacances d&rsquo;\u00e9t\u00e9 2025, 200 \u00e9coles ont b\u00e9n\u00e9fici\u00e9 de travaux de r\u00e9novation pour un montant global de 16 millions d&rsquo;euros. R\u00e9fection des fa\u00e7ades, accessibilit\u00e9, r\u00e9novation des b\u00e2timents, modernisation des \u00e9quipements, d\u00e9simperm\u00e9abilisation des cours, installation de brasseurs d&rsquo;airs, travaux d&rsquo;\u00e9lectricit\u00e9\u00a0\u00bb, annonce la ville de Marseille sur son site pet propose m\u00eame de constater via <a href=\"https:\/\/www.marseille.fr\/education\/actualites\/renovation-ecoles-travaux-du-quotidien\" target=\"_blank\" rel=\"noopener nofollow\">une carte interactive,<\/a> quels travaux ont \u00e9t\u00e9 faits dans l&rsquo;\u00e9cole de vos enfants.<\/p>\n<blockquote class=\"twitter-tweet\">\n<p dir=\"ltr\" lang=\"fr\">La Ville de Marseille investit chaque ann\u00e9e 40M\u20ac dans les travaux courants, en parall\u00e8le des grands chantiers.<br \/>L\u2019\u00e9cole Chabanon (6e) a ainsi b\u00e9n\u00e9fici\u00e9 de nouveaux bancs, peintures, \u00e9crans et stores pour une rentr\u00e9e dans les meilleures conditions.<br \/>\ud83d\udc49 <a href=\"https:\/\/t.co\/z3HGutxUOY\" rel=\"nofollow\">https:\/\/t.co\/z3HGutxUOY<\/a> <a href=\"https:\/\/t.co\/9tMvTXWDMr\" rel=\"nofollow\">pic.twitter.com\/9tMvTXWDMr<\/a><\/p>\n<p>\u2014 Ville de Marseille (@marseille) <a href=\"https:\/\/twitter.com\/marseille\/status\/1958907033366778257?ref_src=twsrc%5Etfw\" rel=\"nofollow noopener\" target=\"_blank\">August 22, 2025<\/a><\/p><\/blockquote>\n<p>Ce vendredi 22 ao\u00fbt, c&rsquo;est visite de chantier avec en chef de Chantier, Pierre-Marie Ganozzi, Adjoint au maire de Marseille en charge du plan \u00e9cole (DVG). \u00ab\u00a0On va mettre des \u00e9crans num\u00e9riques interactifs. L\u00e0, on va mettre des pav\u00e9s LED partout et des isolants phoniques au plafond\u00a0\u00bb. Il explique ce qu&rsquo;il reste \u00e0 faire, et ce que les \u00e9coliers vont retrouver dans cette \u00e9cole de quartier d\u00e8s le 1er septembre prochain. Ici, de gros travaux ont \u00e9t\u00e9 r\u00e9alis\u00e9s comme le changement de fen\u00eatres avec du double vitrage.\u00a0\u00bb Les fen\u00eatres, on en a eu pour \u00e0 peu pr\u00e8s 86 000 \u20ac pour le 4e \u00e9tage. Nous avons fait les stores ext\u00e9rieurs pour la chaleur. Le faux plafond ainsi que l&rsquo;\u00e9lectricit\u00e9 et du 3\u1d49 et 4e \u00e9tage\u00a0\u00bb, d\u00e9taille Melyna Petit, technicienne b\u00e2timent ville de Marseille.<\/p>\n<p>16 millions d\u2019euros ont \u00e9t\u00e9 allou\u00e9s par la ville pour la r\u00e9novation des \u00e9coles cet \u00e9t\u00e9. De la reprise du r\u00e9seau d\u2019eau au changement de chaudi\u00e8re, \u00e0 la r\u00e9fection de toiture, ou mise en place de bancs autour des platanes dans la cour, tout est pr\u00e9vu.<\/p>\n<p>\u00ab\u00a0Depuis 2020, la Ville de Marseille d\u00e9ploie une s\u00e9rie de mesures pour limiter les effets de la chaleur dans les \u00e9coles et cr\u00e8ches municipales. Au travers d\u2019un\u00a0Plan canicule qui s\u2019\u00e9l\u00e8ve \u00e0 1 million d\u2019euros, les probl\u00e8mes les plus importants ont \u00e9t\u00e9 trait\u00e9s en 2024, en premier lieu par l\u2019installation d\u2019\u00e9quipements permettant de\u00a0rem\u00e9dier rapidement aux \u00eelots de chaleur (stores, pergolas, tonnelles, abris, ventilateurs et brasseurs d\u2019air, etc.)\u00a0\u00bb, pr\u00e9cise la ville de Marseille.<\/p>\n<p>\u00ab\u00a0L\u00e0, vous voyez, alors \u00e7a, c&rsquo;est dans le cas du plan de canicule, vous avez les stores brise-soleil et toutes les \u00e9tudes ont montr\u00e9 que \u00e7a permettait de diminuer de trois voire quatre degr\u00e9s, les temp\u00e9ratures int\u00e9rieures. Ce sont plus de 200 \u00e9coles qui ont connu des travaux d&rsquo;am\u00e9lioration cet \u00e9t\u00e9. Ici tr\u00e8s important puisqu&rsquo;on est \u00e0 369 000 \u20ac qui ont \u00e9t\u00e9 investis. Rien que pour cet \u00e9t\u00e9, c&rsquo;est une des \u00e9coles o\u00f9 il y a eu le plus de travaux et nous en sommes tr\u00e8s fiers\u00a0\u00bb, lance Pierre-Marie Ganozzi, Adjoint au maire de Marseille en charge du plan \u00e9cole (DVG).<\/p>\n<p>\u00ab\u00a0D\u2019autre part, en lien avec son\u00a0Plan arbres\u00a0lanc\u00e9 en 2023 qui a pour objectif de planter 308 000 arbres et arbustes dans la ville, la municipalit\u00e9 d\u00e9ploie un plan de v\u00e9g\u00e9talisation des cours d\u2019\u00e9coles.\u00a0La v\u00e9g\u00e9talisation et la d\u00e9simperm\u00e9abilisation des sols\u00a0permettent de cr\u00e9er des espaces ombrag\u00e9s et un rafra\u00eechissement de l\u2019air, et assurent le confort des \u00e9coliers et du personnel \u00e9ducatif. La Ville accompagne \u00e9galement les \u00e9coles dans la mise en place de\u00a0jardins p\u00e9dagogiques, ce qui a d\u00e9j\u00e0 permis la\u00a0cr\u00e9ation d\u2019une quarantaine\u00a0d\u2019espaces de ce type\u00a0\u00bb, d\u00e9taille la mairie de Marseille.<\/p>\n<p>Il reste \u00e0 faire les peintures aux murs, ce sera pour l&rsquo;\u00e9t\u00e9 prochain. La volont\u00e9 de la municipalit\u00e9 : mettre au m\u00eame niveau tous les \u00e9tablissements. \u00c0 Marseille, 470 \u00e9coles en sont en cours de r\u00e9novation. 188 font partie du vaste Plan \u00e9cole, mais b\u00e9n\u00e9ficient d\u2019un autre budget.<\/p>\n<p>  <script async src=\"https:\/\/platform.twitter.com\/widgets.js\" charset=\"utf-8\"><\/script><\/p>\n","protected":false},"excerpt":{"rendered":"Comme chaque ann\u00e9e, la ville de Marseille, (en parall\u00e8le des travaux de grande ampleur dans le cadre du&hellip;\n","protected":false},"author":2,"featured_media":338775,"comment_status":"","ping_status":"","sticky":false,"template":"","format":"standard","meta":{"footnotes":""},"categories":[2814],"tags":[1111,11,1777,674,1011,27,884,12,882,25],"class_list":{"0":"post-338774","1":"post","2":"type-post","3":"status-publish","4":"format-standard","5":"has-post-thumbnail","7":"category-marseille","8":"tag-actu","9":"tag-actualites","10":"tag-eu","11":"tag-europe","12":"tag-fr","13":"tag-france","14":"tag-marseille","15":"tag-news","16":"tag-provence-alpes-cote-dazur","17":"tag-republique-francaise"},"share_on_mastodon":{"url":"https:\/\/pubeurope.com\/@fr\/115078779605416399","error":""},"_links":{"self":[{"href":"https:\/\/www.europesays.com\/fr\/wp-json\/wp\/v2\/posts\/338774","targetHints":{"allow":["GET"]}}],"collection":[{"href":"https:\/\/www.europesays.com\/fr\/wp-json\/wp\/v2\/posts"}],"about":[{"href":"https:\/\/www.europesays.com\/fr\/wp-json\/wp\/v2\/types\/post"}],"author":[{"embeddable":true,"href":"https:\/\/www.europesays.com\/fr\/wp-json\/wp\/v2\/users\/2"}],"replies":[{"embeddable":true,"href":"https:\/\/www.europesays.com\/fr\/wp-json\/wp\/v2\/comments?post=338774"}],"version-history":[{"count":0,"href":"https:\/\/www.europesays.com\/fr\/wp-json\/wp\/v2\/posts\/338774\/revisions"}],"wp:featuredmedia":[{"embeddable":true,"href":"https:\/\/www.europesays.com\/fr\/wp-json\/wp\/v2\/media\/338775"}],"wp:attachment":[{"href":"https:\/\/www.europesays.com\/fr\/wp-json\/wp\/v2\/media?parent=338774"}],"wp:term":[{"taxonomy":"category","embeddable":true,"href":"https:\/\/www.europesays.com\/fr\/wp-json\/wp\/v2\/categories?post=338774"},{"taxonomy":"post_tag","embeddable":true,"href":"https:\/\/www.europesays.com\/fr\/wp-json\/wp\/v2\/tags?post=338774"}],"curies":[{"name":"wp","href":"https:\/\/api.w.org\/{rel}","templated":true}]}}