{"id":338776,"date":"2025-08-23T15:26:09","date_gmt":"2025-08-23T15:26:09","guid":{"rendered":"https:\/\/www.europesays.com\/fr\/338776\/"},"modified":"2025-08-23T15:26:09","modified_gmt":"2025-08-23T15:26:09","slug":"un-homme-fait-un-saut-ultra-dangereux-dans-la-saone-la-prefete-voit-rouge","status":"publish","type":"post","link":"https:\/\/www.europesays.com\/fr\/338776\/","title":{"rendered":"un homme fait un saut ultra dangereux dans la Sa\u00f4ne, la pr\u00e9f\u00e8te voit rouge"},"content":{"rendered":"<p>            Par<br \/>\n        <strong><br \/>\n            <a href=\"https:\/\/actu.fr\/auteur\/anthony-soudani\" title=\"Consulter tous les articles de Anthony Soudani\" rel=\"nofollow noopener\" target=\"_blank\">Anthony Soudani<\/a><br \/>\n        <\/strong><\/p>\n<p>        Publi\u00e9 le<\/p>\n<p>            23 ao\u00fbt 2025 \u00e0 15h07<br \/>\n        ; mis \u00e0 jour le 23 ao\u00fbt 2025 \u00e0 15h13    <\/p>\n<p>Hallucinant, mais surtout ultra dangereux. Un homme a \u00e9t\u00e9 film\u00e9 en train de faire <strong>un saut de plus de 30 m\u00e8tres<\/strong> dans la Sa\u00f4ne, \u00e0 <a href=\"https:\/\/actu.fr\/lyon\/\" rel=\"nofollow noopener\" target=\"_blank\">Lyon<\/a>. On le voit faire un back-flip depuis la pile de la passerelle du palais de justice, dans le 5e arrondissement.<\/p>\n<p class=\" wall-content\">La vid\u00e9o diffus\u00e9e sur le r\u00e9seau social X est rapidement devenue virale. Fabienne Buccio, <a href=\"https:\/\/actu.fr\/auvergne-rhone-alpes\/lyon_69123\/lyon-l-animateur-du-crous-veut-violer-et-egorger-la-prefete-du-rhone-il-finit-en-prison_63064912.html\" rel=\"nofollow noopener\" target=\"_blank\">pr\u00e9f\u00e8te de R\u00e9gion<\/a> Auvergne-Rh\u00f4ne-Alpes, a vu rouge en d\u00e9couvrant ces images ce samedi 23 ao\u00fbt.\u00a0<\/p>\n<p>\u00ab\u00a0Ce comportement est irresponsable et dangereux\u00a0\u00bb<\/p>\n<p class=\" wall-content\">\u00ab\u00a0Alors que de nombreux cas de noyades sont recens\u00e9s dans la m\u00e9tropole de Lyon ces derniers jours, cet individu met sa vie en danger. <strong>Professionnel ou pas, ce comportement est irresponsable et dangereux.<\/strong> Se baigner dans le Rh\u00f4ne et la Sa\u00f4ne est interdit\u00a0\u00bb, r\u00e9agit-elle, visiblement tr\u00e8s en col\u00e8re.\u00a0<\/p>\n<p class=\" wall-content\">Guillaume Lamy, r\u00e9dacteur en chef de Lyon Capitale, est \u00e0 l\u2019origine de la publication de la vid\u00e9o. Il donne quelques \u00e9l\u00e9ments de contexte.\u00a0<\/p>\n<p>Un plongeur professionnel ?<\/p>\n<p class=\" wall-content\">\u00ab\u00a0Un cam\u00e9raman m\u2019a dit que le plongeur \u00e9tait un professionnel\u00a0\u00bb, pr\u00e9cise-t-il. Selon nos informations exclusives, il pourrait s\u2019agir d\u2019un membre du \u00ab\u00a0Wizzy Gang\u00a0\u00bb. Un groupe qui a d\u00e9j\u00e0 fait parler de lui dans la presse avec des plongeurs excellant dans le cliff jumping et le parkour.<\/p>\n<p class=\" wall-content\">\u00ab\u00a0Quand les types \u00e9taient dans l\u2019eau, <strong>on entendait les sir\u00e8nes<\/strong> d\u2019une patrouille de police au loin. L\u2019\u00e9quipe du plongeur ( 6\/7 personnes) s\u2019est volatilis\u00e9e en quelques minutes. Sur place, l\u2019\u00e9quipage de police a juste \u00e9cout\u00e9 le r\u00e9cit des uns et des autres\u00a0\u00bb, ajoute Guillaume Lamy.<\/p>\n<p class=\" wall-content\">\n<p class=\" wall-content\">L\u2019auteur de ce saut n\u2019a pour l\u2019heure ni \u00e9t\u00e9 identifi\u00e9, ni retrouv\u00e9.<\/p>\n<p class=\" wall-content\">Personnalisez votre actualit\u00e9 en ajoutant vos villes et m\u00e9dias en favori avec <a href=\"https:\/\/moncompte.actu.fr\" title=\"D\u00e9couvez Mon Actu\" rel=\"nofollow noopener\" data-trk=\"{&quot;cta&quot;:{&quot;action&quot;:&quot;https:\\\/\\\/moncompte.actu.fr&quot;,&quot;category&quot;:&quot;mon compte&quot;,&quot;from&quot;:&quot;article footer&quot;,&quot;name&quot;:&quot;Mon actu&quot;,&quot;type&quot;:&quot;cta&quot;}}\" target=\"_blank\">Mon Actu<\/a>.<\/p>\n","protected":false},"excerpt":{"rendered":"Par Anthony Soudani Publi\u00e9 le 23 ao\u00fbt 2025 \u00e0 15h07 ; mis \u00e0 jour le 23 ao\u00fbt 2025&hellip;\n","protected":false},"author":2,"featured_media":338777,"comment_status":"","ping_status":"","sticky":false,"template":"","format":"standard","meta":{"footnotes":""},"categories":[1889],"tags":[1111,11,2430,1777,674,118,1011,27,2428,12,25],"class_list":{"0":"post-338776","1":"post","2":"type-post","3":"status-publish","4":"format-standard","5":"has-post-thumbnail","7":"category-lyon","8":"tag-actu","9":"tag-actualites","10":"tag-auvergne-rhone-alpes","11":"tag-eu","12":"tag-europe","13":"tag-faits-divers","14":"tag-fr","15":"tag-france","16":"tag-lyon","17":"tag-news","18":"tag-republique-francaise"},"share_on_mastodon":{"url":"https:\/\/pubeurope.com\/@fr\/115078783649125158","error":""},"_links":{"self":[{"href":"https:\/\/www.europesays.com\/fr\/wp-json\/wp\/v2\/posts\/338776","targetHints":{"allow":["GET"]}}],"collection":[{"href":"https:\/\/www.europesays.com\/fr\/wp-json\/wp\/v2\/posts"}],"about":[{"href":"https:\/\/www.europesays.com\/fr\/wp-json\/wp\/v2\/types\/post"}],"author":[{"embeddable":true,"href":"https:\/\/www.europesays.com\/fr\/wp-json\/wp\/v2\/users\/2"}],"replies":[{"embeddable":true,"href":"https:\/\/www.europesays.com\/fr\/wp-json\/wp\/v2\/comments?post=338776"}],"version-history":[{"count":0,"href":"https:\/\/www.europesays.com\/fr\/wp-json\/wp\/v2\/posts\/338776\/revisions"}],"wp:featuredmedia":[{"embeddable":true,"href":"https:\/\/www.europesays.com\/fr\/wp-json\/wp\/v2\/media\/338777"}],"wp:attachment":[{"href":"https:\/\/www.europesays.com\/fr\/wp-json\/wp\/v2\/media?parent=338776"}],"wp:term":[{"taxonomy":"category","embeddable":true,"href":"https:\/\/www.europesays.com\/fr\/wp-json\/wp\/v2\/categories?post=338776"},{"taxonomy":"post_tag","embeddable":true,"href":"https:\/\/www.europesays.com\/fr\/wp-json\/wp\/v2\/tags?post=338776"}],"curies":[{"name":"wp","href":"https:\/\/api.w.org\/{rel}","templated":true}]}}