{"id":338778,"date":"2025-08-23T15:27:12","date_gmt":"2025-08-23T15:27:12","guid":{"rendered":"https:\/\/www.europesays.com\/fr\/338778\/"},"modified":"2025-08-23T15:27:12","modified_gmt":"2025-08-23T15:27:12","slug":"on-ne-peut-pas-faire-nimporte-quoi-la-metropole-de-lyon-repond-au-paysagiste-qui-entretient-les-espaces-verts-abandonnes","status":"publish","type":"post","link":"https:\/\/www.europesays.com\/fr\/338778\/","title":{"rendered":"On ne peut pas faire n&rsquo;importe quoi\u00a0\u00bb : la M\u00e9tropole de Lyon r\u00e9pond au paysagiste qui entretient les espaces verts \u00ab\u00a0abandonn\u00e9s"},"content":{"rendered":"<p>                            <img loading=\"lazy\" width=\"770\" height=\"496\" class=\"attachment-article size-article wp-post-image lazyload\" alt=\"\" decoding=\"async\" src=\"https:\/\/www.europesays.com\/fr\/wp-content\/uploads\/2025\/08\/Capture-decran-2023-02-09-a-15.05.42-e1755952060944.jpg\" data-eio-rwidth=\"770\" data-eio-rheight=\"496\"\/><\/p>\n<p>Pierre Athanaze (EELV) est vice-pr\u00e9sident \u00e0 la M\u00e9tropole de Lyon en charge de la protection animale. <\/p>\n<p class=\"content\" style=\"font-size:1.2em;font-weight:700\">Le vice-pr\u00e9sident en charge de la biodiversit\u00e9 de la M\u00e9tropole de Lyon, Pierre Athanaze, estime que l&rsquo;on \u00ab\u00a0ne peut pas faire n&rsquo;importe quoi\u00a0\u00bb concernant les espaces verts de l&rsquo;agglom\u00e9ration.<\/p>\n<p>La pol\u00e9mique n\u2019en finit plus. Romain Gervais, paysagiste lyonnais, a r\u00e9cemment publi\u00e9 une vid\u00e9o dans laquelle il se filme nettoyant et d\u00e9broussaillant les espaces verts \u00ab\u00a0abandonn\u00e9s\u00a0\u00bb \u00e0 Lyon. Une mise en sc\u00e8ne qui a beaucoup fait r\u00e9agir sur les r\u00e9seaux sociaux, notamment la droite lyonnaise qui a salu\u00e9 l\u2019initiative, tandis que d\u2019autres lui ont reproch\u00e9 de tondre en pleine canicule. Mais \u00e9galement le vice-pr\u00e9sident en charge de la biodiversit\u00e9 de la M\u00e9tropole de Lyon.<\/p>\n<p><strong>Lire aussi :<\/strong>\u00a0<a href=\"https:\/\/www.lyoncapitale.fr\/actualite\/80-000-nouveaux-arbres-et-arbustes-ont-ete-plantes-cet-hiver-dans-la-metropole-de-lyon\" target=\"_blank\" rel=\"noreferrer noopener nofollow\">80 000 nouveaux arbres et arbustes ont \u00e9t\u00e9 plant\u00e9s cet hiver dans la M\u00e9tropole de Lyon<\/a><\/p>\n<p>\u00ab\u00a0Il faut quand m\u00eame faire tr\u00e8s attention \u00e0 ce que l\u2019on fait\u00a0\u00bb<\/p>\n<p>Pierre Athanaze avait en effet d\u2019abord qualifi\u00e9 l\u2019acte \u00ab\u00a0\u00e0 la limite du criminel\u00a0\u00bb avant de revenir plus en d\u00e9tails sur ses propos chez nos confr\u00e8res de <a href=\"https:\/\/www.bfmtv.com\/lyon\/replay-emissions\/bonjour-lyon\/video-espaces-verts-la-metropole-repond-au-paysagiste_VN-202508220194.html\" target=\"_blank\" rel=\"noreferrer noopener nofollow\">BFM Lyon<\/a> vendredi 22 ao\u00fbt. \u00ab\u00a0J\u2019expliquais que la gestion des espaces verts est compl\u00e8tement diff\u00e9rente maintenant. D\u00e9j\u00e0, d\u2019un point de vue l\u00e9gal, la loi Labb\u00e9 de 2014 interdit aux Villes d\u2019utiliser des pesticides, donc des d\u00e9sherbants, au 1er janvier 2017. Et un nouvel arr\u00eat\u00e9 publi\u00e9 en juillet 2022 est encore plus restrictif\u00a0\u00bb, explique-t-il. Il poursuit : \u00ab\u00a0C\u2019est une gestion compl\u00e8tement diff\u00e9rente. (\u2026) Avoir des herbes, des fleurs, qui vont pousser, c\u2019est une opportunit\u00e9 parce que \u00e7a r\u00e9duit la chaleur au sol et parce que \u00e7a permet \u00e0 la biodiversit\u00e9, aux abeilles, aux papillons de vivre, de trouver de quoi manger et de se reproduire.\u00a0\u00bb Alertant sur les diff\u00e9rentes canicules qui ont touch\u00e9 l\u2019agglom\u00e9ration lyonnaise ces derni\u00e8res ann\u00e9es, Pierre Athanaze souligne l\u2019importance de ces espaces verts. \u00ab\u00a0On peut n&rsquo;en n\u2019avoir rien \u00e0 faire des abeilles et des papillons, sauf que c\u2019est juste indispensable.\u00a0\u00bb<\/p>\n<p>Dans une seconde vid\u00e9o, Romain Gervais coupe une haie \u00ab\u00a0laiss\u00e9e \u00e0 l\u2019abandon\u00a0\u00bb, dans le 9e arrondissement. \u00ab\u00a0Elle n\u2019est pas \u00e0 l\u2019abandon. Elle a un propri\u00e9taire. Il faut bien savoir que l\u2019on n\u2019a pas le droit de tailler des haies entre le 15 mars et le 15 ao\u00fbt. C\u2019est encadr\u00e9, car il y a des esp\u00e8ces qui nichent \u00e0 l\u2019int\u00e9rieur. On ne peut pas faire n\u2019importe quoi\u00a0\u00bb, lance le vice-pr\u00e9sident. Il pr\u00e9cise : \u00ab\u00a0Il intervient sur des terrains qui appartiennent \u00e0 la Ville, \u00e0 des bailleurs sociaux, \u00e0 des copropri\u00e9t\u00e9s. La haie, je ne sais pas \u00e0 qui elle appartenait, mais certainement \u00e0 un particulier. Il faut quand m\u00eame faire tr\u00e8s attention \u00e0 ce que l\u2019on fait.\u00a0\u00bb<\/p>\n<p>Et quant \u00e0 l\u2019argument de la \u00ab\u00a0d\u00e9marche citoyenne\u00a0\u00bb du paysagiste, Pierre Athanaze juge que \u00ab\u00a0si les gens vont maintenant chez les autres, dans le domaine public, dans le domaine priv\u00e9, pour faire comme eux pensent juste, c\u2019est un peu dommage.\u00a0\u00bb Il conclut : \u00ab\u00a0Nous sommes encore dans un endroit o\u00f9 l\u2019on peut discuter.\u00a0\u00ab\u00a0<\/p>\n<p><strong>Lire aussi :<\/strong> <a href=\"https:\/\/www.lyoncapitale.fr\/actualite\/lyon-les-jardins-du-pre-gaudry-ancienne-friche-industrielle-devenue-un-ilot-de-fraicheur\" target=\"_blank\" rel=\"noreferrer noopener nofollow\">Lyon : les jardins du Pr\u00e9 Gaudry, ancienne friche industrielle devenue un \u00eelot de fra\u00eecheur<\/a><\/p>\n","protected":false},"excerpt":{"rendered":"Pierre Athanaze (EELV) est vice-pr\u00e9sident \u00e0 la M\u00e9tropole de Lyon en charge de la protection animale. Le vice-pr\u00e9sident&hellip;\n","protected":false},"author":2,"featured_media":338779,"comment_status":"","ping_status":"","sticky":false,"template":"","format":"standard","meta":{"footnotes":""},"categories":[1889],"tags":[1111,11,2430,1777,674,1011,27,2428,12,25],"class_list":{"0":"post-338778","1":"post","2":"type-post","3":"status-publish","4":"format-standard","5":"has-post-thumbnail","7":"category-lyon","8":"tag-actu","9":"tag-actualites","10":"tag-auvergne-rhone-alpes","11":"tag-eu","12":"tag-europe","13":"tag-fr","14":"tag-france","15":"tag-lyon","16":"tag-news","17":"tag-republique-francaise"},"share_on_mastodon":{"url":"https:\/\/pubeurope.com\/@fr\/115078787430363767","error":""},"_links":{"self":[{"href":"https:\/\/www.europesays.com\/fr\/wp-json\/wp\/v2\/posts\/338778","targetHints":{"allow":["GET"]}}],"collection":[{"href":"https:\/\/www.europesays.com\/fr\/wp-json\/wp\/v2\/posts"}],"about":[{"href":"https:\/\/www.europesays.com\/fr\/wp-json\/wp\/v2\/types\/post"}],"author":[{"embeddable":true,"href":"https:\/\/www.europesays.com\/fr\/wp-json\/wp\/v2\/users\/2"}],"replies":[{"embeddable":true,"href":"https:\/\/www.europesays.com\/fr\/wp-json\/wp\/v2\/comments?post=338778"}],"version-history":[{"count":0,"href":"https:\/\/www.europesays.com\/fr\/wp-json\/wp\/v2\/posts\/338778\/revisions"}],"wp:featuredmedia":[{"embeddable":true,"href":"https:\/\/www.europesays.com\/fr\/wp-json\/wp\/v2\/media\/338779"}],"wp:attachment":[{"href":"https:\/\/www.europesays.com\/fr\/wp-json\/wp\/v2\/media?parent=338778"}],"wp:term":[{"taxonomy":"category","embeddable":true,"href":"https:\/\/www.europesays.com\/fr\/wp-json\/wp\/v2\/categories?post=338778"},{"taxonomy":"post_tag","embeddable":true,"href":"https:\/\/www.europesays.com\/fr\/wp-json\/wp\/v2\/tags?post=338778"}],"curies":[{"name":"wp","href":"https:\/\/api.w.org\/{rel}","templated":true}]}}