{"id":338782,"date":"2025-08-23T15:31:19","date_gmt":"2025-08-23T15:31:19","guid":{"rendered":"https:\/\/www.europesays.com\/fr\/338782\/"},"modified":"2025-08-23T15:31:19","modified_gmt":"2025-08-23T15:31:19","slug":"boubale-lance-son-nouveau-brunch-et-cest-une-explosion-de-saveurs-en-plein-marais","status":"publish","type":"post","link":"https:\/\/www.europesays.com\/fr\/338782\/","title":{"rendered":"Boubal\u00e9 lance son nouveau brunch et c\u2019est une explosion de saveurs en plein Marais\u00a0!"},"content":{"rendered":"<p><strong>Un d\u00e9cor color\u00e9<\/strong> qui invite au voyage, <strong>des saveurs aussi novatrices qu\u2019exquises<\/strong>, une gourmandise sans limite\u2026 <strong>Boubal\u00e9<\/strong>, le restaurant de l&rsquo;h\u00f4tel Le Grand Mazarin, nous avait promis <strong>la plus inoubliable des escapades<\/strong>,\u00a0et le pari a \u00e9t\u00e9 tenu\u00a0! Depuis le mois de mars 2025, l\u2019incontournable restaurant levantin <strong>install\u00e9 dans le Marais<\/strong>, propose chaque dimanche <a href=\"https:\/\/www.lebonbon.fr\/paris\/les-tops-food-et-drink\/top-brunch-nos-preferes-paris\/\" rel=\"nofollow noopener\" target=\"_blank\">une nouvelle version de son brunch<\/a>. Exit les buffets ou les formules minimalistes\u2026 Ici, c\u2019est <strong>un brunch en trois temps<\/strong> o\u00f9 les saveurs ensoleill\u00e9es rencontrent les couleurs p\u00e9tillantes qui vous est servi. On esp\u00e8re que vous avez faim\u00a0!<\/p>\n<p>&#13;<\/p>\n<blockquote class=\"instagram-media\" data-instgrm-permalink=\"https:\/\/www.instagram.com\/p\/DJmahyIIQyf\/?utm_source=ig_embed&amp;utm_campaign=loading\" data-instgrm-version=\"14\" style=\"background: #FFF; border: 0; border-radius: 3px; box-shadow: 0 0 1px 0 rgba(0,0,0,0.5),0 1px 10px 0 rgba(0,0,0,0.15); margin: 1px; max-width: 540px; min-width: 326px; padding: 0; width: calc(100% - 2px);\"><p>&#13;<br \/>\n&#13;\n<\/p><\/blockquote>\n<p>&#13;<br \/>\n&#13;<br \/>\n<br \/><strong>Un brunch aux accents m\u00e9diterran\u00e9ens\u00a0<\/strong>&#13;<\/p>\n<p>S\u2019il y a bien une chose \u00e0 laquelle on ne dira jamais non, <a href=\"https:\/\/www.lebonbon.fr\/paris\/les-tops-food-et-drink\/brunch-terrasse-paris\/\" rel=\"nofollow noopener\" target=\"_blank\"><strong>c\u2019est de prolonger un peu les vacances<\/strong><\/a>, ne serait-ce que pour quelques heures. Alors forc\u00e9ment, lorsque l\u2019on passe les portes de Boubal\u00e9 et que l\u2019on est immerg\u00e9 dans <strong>un cadre aux touches m\u00e9diterran\u00e9ennes<\/strong> chaleureuses, il ne nous en faut plus pour \u00eatre conquis.\u00a0<\/p>\n<p>&#13;<\/p>\n<blockquote class=\"instagram-media\" data-instgrm-permalink=\"https:\/\/www.instagram.com\/reel\/DM-vEzKswfZ\/?utm_source=ig_embed&amp;utm_campaign=loading\" data-instgrm-version=\"14\" style=\"background: #FFF; border: 0; border-radius: 3px; box-shadow: 0 0 1px 0 rgba(0,0,0,0.5),0 1px 10px 0 rgba(0,0,0,0.15); margin: 1px; max-width: 540px; min-width: 326px; padding: 0; width: calc(100% - 2px);\"><p>&#13;<br \/>\n&#13;\n<\/p><\/blockquote>\n<p>&#13;<br \/>\n&#13;<\/p>\n<p>Mais c\u2019est une fois le menu sous les yeux, que<strong> la magie op\u00e8re r\u00e9ellement<\/strong>. Chez Boubal\u00e9, on s\u2019\u00e9loigne du brunch traditionnel pour s\u2019offrir <strong>une v\u00e9ritable exp\u00e9rience gastronomique<\/strong>, pens\u00e9e en trois actes, et sign\u00e9e par le <strong>Chef Nathan Kessous<\/strong>. Et tout commence par une g\u00e9n\u00e9reuse <strong>corbeille de viennoiseries croustillantes<\/strong>, de pain frais et de confitures, accompagn\u00e9s d\u2019une boisson chaude, d\u2019un jus de fruit press\u00e9, d\u2019un shot \u2014 sans alcool \u2014 de bienvenue, et <strong>d\u2019une petite entr\u00e9e sal\u00e9e du jour<\/strong>, concoct\u00e9e selon l\u2019inspiration du Chef et les arrivages de saison.\u00a0<\/p>\n<p>&#13;<br \/>\n<br \/><strong>Entre cr\u00e9ativit\u00e9 et gourmandise<\/strong>&#13;<\/p>\n<p>Vous voil\u00e0 d\u00e9j\u00e0 rassasi\u00e9\u00b7e\u00a0? Laissez-vous surprendre, <strong>l\u2019exp\u00e9rience ne fait que devenir meilleure<\/strong>. Place au second temps, o\u00f9 c\u2019est \u00e0 vous de choisir parmi les huit plats de la carte. Le Chef s\u2019est soigneusement <strong>empar\u00e9 des grands classiques du brunch<\/strong> comme les pancakes, les \u0153ufs b\u00e9n\u00e9dictes ou l\u2019avocado toast, pour les retravailler d\u2019une fa\u00e7on singuli\u00e8re, et leur apporter <strong>ce petit twist m\u00e9diterrann\u00e9en et levantin<\/strong> aussi audacieux que savoureux.\u00a0<\/p>\n<p>&#13;<\/p>\n<blockquote class=\"instagram-media\" data-instgrm-permalink=\"https:\/\/www.instagram.com\/p\/DKjj1gvBCIq\/?utm_source=ig_embed&amp;utm_campaign=loading\" data-instgrm-version=\"14\" style=\"background: #FFF; border: 0; border-radius: 3px; box-shadow: 0 0 1px 0 rgba(0,0,0,0.5),0 1px 10px 0 rgba(0,0,0,0.15); margin: 1px; max-width: 540px; min-width: 326px; padding: 0; width: calc(100% - 2px);\"><p>&#13;<br \/>\n&#13;\n<\/p><\/blockquote>\n<p>&#13;<br \/>\n&#13;<\/p>\n<p>Ce plat est accompagn\u00e9 <strong>d\u2019un cocktail au choix<\/strong>, \u00e9labor\u00e9 par le mixologue de la maison\u00a0: Espresso Martini ou Gin Tonic pour les plus traditionnels\u00a0; <strong>Mimosa revisit\u00e9<\/strong> (champagne Taittinger brut, cordial orange-cl\u00e9mentine-curcuma) pour les plus curieux\u00b7ses\u00a0; ou Bloody Mary \u00e0 concocter soi-m\u00eame <strong>fa\u00e7on <\/strong><strong>do it yourself<\/strong> pour les plus cr\u00e9atif\u00b7ve\u00b7s.\u00a0<\/p>\n<p>&#13;<\/p>\n<p>Veillez \u00e0 garder une place pour<strong> la touche sucr\u00e9e<\/strong> qui suit, puisque tout bon repas s\u2019ach\u00e8ve forc\u00e9ment par un dessert. Au programme de ce troisi\u00e8me temps donc, <strong>une s\u00e9lection de gourmandises \u00e0 partager<\/strong>, variant au gr\u00e9 des saisons. De quoi terminer cette exp\u00e9rience gustative tout en douceur et <strong>avec l\u2019envie certaine de revenir<\/strong> <a href=\"https:\/\/www.lebonbon.fr\/paris\/les-tops-food-et-drink\/restaurants-bruncher-toute-la-semaine-paris\/\" rel=\"nofollow noopener\" target=\"_blank\">le dimanche d\u2019apr\u00e8s<\/a>.\u00a0<\/p>\n<p>&#13;<\/p>\n<p><strong>Brunch chez Boubal\u00e9<br \/>H\u00f4tel Le Grand Mazarin<br \/>17, rue de la Verrerie \u2014 4e<br \/>Tous les dimanches de 12h \u00e0 15h<br \/>Tarifs\u00a0: 49 \u20ac par personne, 25 \u20ac par enfant<br \/><a href=\"https:\/\/www.legrandmazarin.com\/fr\/restaurant\/\" rel=\"nofollow noopener noreferrer\" target=\"_blank\">Plus d\u2019infos<\/a>\u00a0<\/strong><\/p>\n<p><script async src=\"\/\/www.instagram.com\/embed.js\"><\/script><\/p>\n","protected":false},"excerpt":{"rendered":"Un d\u00e9cor color\u00e9 qui invite au voyage, des saveurs aussi novatrices qu\u2019exquises, une gourmandise sans limite\u2026 Boubal\u00e9, le&hellip;\n","protected":false},"author":2,"featured_media":338783,"comment_status":"","ping_status":"","sticky":false,"template":"","format":"standard","meta":{"footnotes":""},"categories":[1888],"tags":[1111,1928,11,1927,1777,674,1011,27,12,1926,626,1925,25],"class_list":{"0":"post-338782","1":"post","2":"type-post","3":"status-publish","4":"format-standard","5":"has-post-thumbnail","7":"category-paris","8":"tag-actu","9":"tag-actu-paris","10":"tag-actualites","11":"tag-actualites-paris","12":"tag-eu","13":"tag-europe","14":"tag-fr","15":"tag-france","16":"tag-news","17":"tag-news-paris","18":"tag-paris","19":"tag-paris-news","20":"tag-republique-francaise"},"share_on_mastodon":{"url":"https:\/\/pubeurope.com\/@fr\/115078803207428912","error":""},"_links":{"self":[{"href":"https:\/\/www.europesays.com\/fr\/wp-json\/wp\/v2\/posts\/338782","targetHints":{"allow":["GET"]}}],"collection":[{"href":"https:\/\/www.europesays.com\/fr\/wp-json\/wp\/v2\/posts"}],"about":[{"href":"https:\/\/www.europesays.com\/fr\/wp-json\/wp\/v2\/types\/post"}],"author":[{"embeddable":true,"href":"https:\/\/www.europesays.com\/fr\/wp-json\/wp\/v2\/users\/2"}],"replies":[{"embeddable":true,"href":"https:\/\/www.europesays.com\/fr\/wp-json\/wp\/v2\/comments?post=338782"}],"version-history":[{"count":0,"href":"https:\/\/www.europesays.com\/fr\/wp-json\/wp\/v2\/posts\/338782\/revisions"}],"wp:featuredmedia":[{"embeddable":true,"href":"https:\/\/www.europesays.com\/fr\/wp-json\/wp\/v2\/media\/338783"}],"wp:attachment":[{"href":"https:\/\/www.europesays.com\/fr\/wp-json\/wp\/v2\/media?parent=338782"}],"wp:term":[{"taxonomy":"category","embeddable":true,"href":"https:\/\/www.europesays.com\/fr\/wp-json\/wp\/v2\/categories?post=338782"},{"taxonomy":"post_tag","embeddable":true,"href":"https:\/\/www.europesays.com\/fr\/wp-json\/wp\/v2\/tags?post=338782"}],"curies":[{"name":"wp","href":"https:\/\/api.w.org\/{rel}","templated":true}]}}