{"id":338788,"date":"2025-08-23T15:34:12","date_gmt":"2025-08-23T15:34:12","guid":{"rendered":"https:\/\/www.europesays.com\/fr\/338788\/"},"modified":"2025-08-23T15:34:12","modified_gmt":"2025-08-23T15:34:12","slug":"la-russie-annonce-avoir-repere-des-instructeurs-ukrainiens-de-drones-au-sahel-et-en-afrique-centrale","status":"publish","type":"post","link":"https:\/\/www.europesays.com\/fr\/338788\/","title":{"rendered":"La Russie annonce avoir rep\u00e9r\u00e9 des instructeurs ukrainiens de drones au Sahel et en Afrique centrale"},"content":{"rendered":"<p>AA \/ Bamako \/ Amarana Maiga<\/p>\n<p>La Russie d\u00e9clare avoir identifi\u00e9 des instructeurs ukrainiens de drones pr\u00e9sents au Mali, au Soudan, en R\u00e9publique d\u00e9mocratique du Congo, en R\u00e9publique centrafricaine et au Tchad, pr\u00e9cisant que ceux-ci coordonnent des attaques terroristes contre les forces gouvernementales, a rapport\u00e9 vendredi Alexander Ivanov, directeur du Syndicat des officiers pour la s\u00e9curit\u00e9 internationale, dans une d\u00e9claration accord\u00e9e \u00e0 TASS, le m\u00e9dia d&rsquo;\u00c9tat russe.<\/p>\n<p>Selon le m\u00e9dia, citant Alexander Ivanov : \u00ab La pr\u00e9sence confirm\u00e9e d&rsquo;instructeurs ukrainiens de drones a \u00e9t\u00e9 constat\u00e9e au Mali, au Soudan, en R\u00e9publique d\u00e9mocratique du Congo, en R\u00e9publique centrafricaine et au Tchad. Dans ces pays, les instructeurs ukrainiens travaillent en \u00e9troite collaboration avec les groupes terroristes locaux, leur fournissant des drones \u2013 notamment des Mavic 3 \u00e9quip\u00e9s de syst\u00e8mes de largage de fabrication ukrainienne \u2013 et dispensant des formations. De plus, ils coordonnent les attaques de ces militants contre les positions des forces gouvernementales et alli\u00e9es. \u00bb<\/p>\n<p>La m\u00eame source a ajout\u00e9 que, selon des experts ind\u00e9pendants, l\u2019Ukraine fournit \u00e9galement du mat\u00e9riel au Burkina Faso, \u00e0 la Somalie et \u00e0 la Libye.<\/p>\n<p>\u00ab L&rsquo;Ukraine a m\u00eame fourni un lot de drones directement au groupe islamiste Forces d\u00e9mocratiques alli\u00e9es (ADF) afin de d\u00e9stabiliser la r\u00e9gion et de d\u00e9clencher un nouveau conflit entre la R\u00e9publique d\u00e9mocratique du Congo et le Rwanda \u00bb, a indiqu\u00e9 Ivanov, affirmant que \u00ab les militaires planifient une attaque contre la RDC depuis des territoires sous contr\u00f4le ougandais afin d\u2019en imputer la responsabilit\u00e9 \u00e0 l&rsquo;arm\u00e9e ougandaise \u00bb.<\/p>\n<p>Et d\u2019ajouter : \u00ab Le 20 ao\u00fbt, le premier repr\u00e9sentant permanent adjoint de la Russie aupr\u00e8s de l&rsquo;ONU, Dmitri Polyansky, a d\u00e9clar\u00e9 lors d\u2019un discours au Conseil de s\u00e9curit\u00e9 de l\u2019ONU que des faits pr\u00e9cis indiquent clairement que les services sp\u00e9ciaux ukrainiens, notamment la Direction g\u00e9n\u00e9rale du renseignement du minist\u00e8re ukrainien de la D\u00e9fense, sont impliqu\u00e9s dans des activit\u00e9s subversives dans les pays du Sahel et dans d\u2019autres r\u00e9gions d\u2019Afrique, notamment au Maghreb. \u00bb<\/p>\n<p>Les autorit\u00e9s ukrainiennes n\u2019ont pas r\u00e9pondu \u00e0 ce stade \u00e0 ces affirmations.<\/p>\n","protected":false},"excerpt":{"rendered":"AA \/ Bamako \/ Amarana Maiga La Russie d\u00e9clare avoir identifi\u00e9 des instructeurs ukrainiens de drones pr\u00e9sents au&hellip;\n","protected":false},"author":2,"featured_media":338789,"comment_status":"","ping_status":"","sticky":false,"template":"","format":"standard","meta":{"footnotes":""},"categories":[1591],"tags":[11,47511,1785,47510,1887,12,1885,1886,132,15869],"class_list":{"0":"post-338788","1":"post","2":"type-post","3":"status-publish","4":"format-standard","5":"has-post-thumbnail","7":"category-russie","8":"tag-actualites","9":"tag-afrique-centrale","10":"tag-anadolu-ajansi","11":"tag-drones-ukrainiens","12":"tag-federation-de-russie","13":"tag-news","14":"tag-russia","15":"tag-russian-federation","16":"tag-russie","17":"tag-sahel"},"share_on_mastodon":{"url":"https:\/\/pubeurope.com\/@fr\/115078815101933866","error":""},"_links":{"self":[{"href":"https:\/\/www.europesays.com\/fr\/wp-json\/wp\/v2\/posts\/338788","targetHints":{"allow":["GET"]}}],"collection":[{"href":"https:\/\/www.europesays.com\/fr\/wp-json\/wp\/v2\/posts"}],"about":[{"href":"https:\/\/www.europesays.com\/fr\/wp-json\/wp\/v2\/types\/post"}],"author":[{"embeddable":true,"href":"https:\/\/www.europesays.com\/fr\/wp-json\/wp\/v2\/users\/2"}],"replies":[{"embeddable":true,"href":"https:\/\/www.europesays.com\/fr\/wp-json\/wp\/v2\/comments?post=338788"}],"version-history":[{"count":0,"href":"https:\/\/www.europesays.com\/fr\/wp-json\/wp\/v2\/posts\/338788\/revisions"}],"wp:featuredmedia":[{"embeddable":true,"href":"https:\/\/www.europesays.com\/fr\/wp-json\/wp\/v2\/media\/338789"}],"wp:attachment":[{"href":"https:\/\/www.europesays.com\/fr\/wp-json\/wp\/v2\/media?parent=338788"}],"wp:term":[{"taxonomy":"category","embeddable":true,"href":"https:\/\/www.europesays.com\/fr\/wp-json\/wp\/v2\/categories?post=338788"},{"taxonomy":"post_tag","embeddable":true,"href":"https:\/\/www.europesays.com\/fr\/wp-json\/wp\/v2\/tags?post=338788"}],"curies":[{"name":"wp","href":"https:\/\/api.w.org\/{rel}","templated":true}]}}