{"id":338790,"date":"2025-08-23T15:35:11","date_gmt":"2025-08-23T15:35:11","guid":{"rendered":"https:\/\/www.europesays.com\/fr\/338790\/"},"modified":"2025-08-23T15:35:11","modified_gmt":"2025-08-23T15:35:11","slug":"la-russie-confrontee-a-une-penurie-de-carburant-a-cause-des-attaques-ukrainiennes","status":"publish","type":"post","link":"https:\/\/www.europesays.com\/fr\/338790\/","title":{"rendered":"la Russie confront\u00e9e \u00e0 une p\u00e9nurie de carburant \u00e0 cause des attaques ukrainiennes"},"content":{"rendered":"<p>Guerre en Ukraine: la Russie confront\u00e9e \u00e0 une p\u00e9nurie de carburant \u00e0 cause des attaques ukrainiennesSur le m\u00eame sujet<a href=\"https:\/\/www.bfmtv.com\/international\/asie\/russie\/video-guerre-en-ukraine-la-russie-confrontee-a-une-penurie-de-carburant-a-cause-des-attaques-ukrainiennes_VN-202508230188.html\" title=\" Guerre en Ukraine: la Russie confront\u00e9e \u00e0 une p\u00e9nurie de carburant \u00e0 cause des attaques ukrainiennes \" rel=\"nofollow noopener\" target=\"_blank\"><img width=\"16\" height=\"9\" class=\"lozad\"  alt=\" Guerre en Ukraine: la Russie confront\u00e9e \u00e0 une p\u00e9nurie de carburant \u00e0 cause des attaques ukrainiennes \"\/>en lectureGuerre en Ukraine: la Russie confront\u00e9e \u00e0 une p\u00e9nurie de carburant \u00e0 cause des attaques ukrainiennes<\/a><a href=\"https:\/\/www.bfmtv.com\/international\/asie\/russie\/video-reunion-entre-poutine-et-zelensky-la-rencontre-semble-compromise-entre-les-deux-presidents_VN-202508230063.html\" title=\"R\u00e9union entre Poutine et Zelensky: la rencontre semble compromise entre les deux pr\u00e9sidents\" rel=\"nofollow noopener\" target=\"_blank\"><img width=\"16\" height=\"9\" class=\"lozad\"  alt=\"R\u00e9union entre Poutine et Zelensky: la rencontre semble compromise entre les deux pr\u00e9sidents\"\/>1:52R\u00e9union entre Poutine et Zelensky: la rencontre semble compromise entre les deux pr\u00e9sidents<\/a><a href=\"https:\/\/www.bfmtv.com\/international\/asie\/russie\/video-rencontre-entre-poutine-et-zelensky-les-deux-pays-s-accusent-mutuellement-de-saboter-l-organisation-de-cette-reunion-bilaterale_VN-202508230058.html\" title=\"Rencontre entre Poutine et Zelensky: les deux pays s&#039;accusent mutuellement de saboter l&#039;organisation de cette r\u00e9union bilat\u00e9rale\" rel=\"nofollow noopener\" target=\"_blank\"><img width=\"16\" height=\"9\" class=\"lozad\"  alt=\"Rencontre entre Poutine et Zelensky: les deux pays s'accusent mutuellement de saboter l'organisation de cette r\u00e9union bilat\u00e9rale\"\/>5:04Rencontre entre Poutine et Zelensky: les deux pays s&rsquo;accusent mutuellement de saboter l&rsquo;organisation de cette r\u00e9union bilat\u00e9rale<\/a><a href=\"https:\/\/www.bfmtv.com\/international\/asie\/russie\/video-guerre-en-ukraine-parler-avec-son-ennemi-c-est-la-regle-estime-michel-fayad-analyste-geopolitique_VN-202508220620.html\" title=\"Guerre en Ukraine: &quot;Parler avec son ennemi, c&#039;est la r\u00e8gle&quot;, estime Michel Fayad, analyste g\u00e9opolitique\" rel=\"nofollow noopener\" target=\"_blank\"><img width=\"16\" height=\"9\" class=\"lozad\"  alt=\"Guerre en Ukraine: &quot;Parler avec son ennemi, c'est la r\u00e8gle&quot;, estime Michel Fayad, analyste g\u00e9opolitique\"\/>1:24Guerre en Ukraine: \u00ab\u00a0Parler avec son ennemi, c&rsquo;est la r\u00e8gle\u00a0\u00bb, estime Michel Fayad, analyste g\u00e9opolitique<\/a><a href=\"https:\/\/www.bfmtv.com\/international\/asie\/russie\/video-guerre-en-ukraine-ils-oublient-que-ce-sont-eux-memes-qui-ont-commence-la-guerre-en-2014-lance-vladimir-poutine_VN-202508220617.html\" title=\"Guerre en Ukraine: &quot;ils oublient que ce sont eux-m\u00eames qui ont commenc\u00e9 la guerre en 2014&quot;, lance Vladimir Poutine\" rel=\"nofollow noopener\" target=\"_blank\"><img width=\"16\" height=\"9\" class=\"lozad\"  alt=\"Guerre en Ukraine: &quot;ils oublient que ce sont eux-m\u00eames qui ont commenc\u00e9 la guerre en 2014&quot;, lance Vladimir Poutine\"\/>2:10Guerre en Ukraine: \u00ab\u00a0ils oublient que ce sont eux-m\u00eames qui ont commenc\u00e9 la guerre en 2014\u00a0\u00bb, lance Vladimir Poutine<\/a><a href=\"https:\/\/www.bfmtv.com\/international\/asie\/russie\/video-ukraine-russie-on-veut-que-kiev-gagne-rentrons-en-guerre-completement-lance-michel-fayad-analyste-geopolitique_VN-202508220613.html\" title=\"Ukraine\/Russie: &quot;On veut que Kiev gagne? Rentrons en guerre compl\u00e8tement&quot;, lance  Michel Fayad, analyste g\u00e9opolitique\" rel=\"nofollow noopener\" target=\"_blank\"><img width=\"16\" height=\"9\" class=\"lozad\"  alt=\"Ukraine\/Russie: &quot;On veut que Kiev gagne? Rentrons en guerre compl\u00e8tement&quot;, lance  Michel Fayad, analyste g\u00e9opolitique\"\/>2:12Ukraine\/Russie: \u00ab\u00a0On veut que Kiev gagne? Rentrons en guerre compl\u00e8tement\u00a0\u00bb, lance Michel Fayad, analyste g\u00e9opolitique<\/a><a href=\"https:\/\/www.bfmtv.com\/politique\/video-guerre-en-ukraine-les-europeens-se-sont-mis-dans-une-impasse-depuis-le-debut-lance-henri-guaino-ancien-conseille-special-de-nicolas-sarkozy_VN-202508220573.html\" title=\"Guerre en Ukraine: &quot;Les Europ\u00e9ens se sont mis dans une impasse depuis le d\u00e9but&quot;, lance Henri Guaino, ancien conseill\u00e9 sp\u00e9cial de Nicolas Sarkozy\" rel=\"nofollow noopener\" target=\"_blank\"><img width=\"16\" height=\"9\" class=\"lozad\"  alt=\"Guerre en Ukraine: &quot;Les Europ\u00e9ens se sont mis dans une impasse depuis le d\u00e9but&quot;, lance Henri Guaino, ancien conseill\u00e9 sp\u00e9cial de Nicolas Sarkozy\"\/>3:41Guerre en Ukraine: \u00ab\u00a0Les Europ\u00e9ens se sont mis dans une impasse depuis le d\u00e9but\u00a0\u00bb, lance Henri Guaino, ancien conseill\u00e9 sp\u00e9cial de Nicolas Sarkozy<\/a><a href=\"https:\/\/www.bfmtv.com\/international\/amerique-nord\/etats-unis\/video-guerre-en-ukraine-moscou-ne-veut-pas-de-fin-au-conflit-affirme-volodymyr-zelensky_VN-202508220456.html\" title=\"Guerre en Ukraine: &quot;Moscou ne veut pas de fin au conflit&quot;, affirme Volodymyr Zelensky\" rel=\"nofollow noopener\" target=\"_blank\"><img width=\"16\" height=\"9\" class=\"lozad\"  alt=\"Guerre en Ukraine: &quot;Moscou ne veut pas de fin au conflit&quot;, affirme Volodymyr Zelensky\"\/>1:30Guerre en Ukraine: \u00ab\u00a0Moscou ne veut pas de fin au conflit\u00a0\u00bb, affirme Volodymyr Zelensky<\/a><a href=\"https:\/\/www.bfmtv.com\/international\/amerique-nord\/etats-unis\/video-guerre-en-ukraine-zelensky-et-poutine-c-est-comme-melanger-de-l-huile-et-du-vinaigre-declare-donald-trump_VN-202508220446.html\" title=\"Guerre en Ukraine: &quot;Zelensky et Poutine, c&#039;est comme m\u00e9langer de l&#039;huile et du vinaigre&quot;, d\u00e9clare Donald Trump\" rel=\"nofollow noopener\" target=\"_blank\"><img width=\"16\" height=\"9\" class=\"lozad\"  alt=\"Guerre en Ukraine: &quot;Zelensky et Poutine, c'est comme m\u00e9langer de l'huile et du vinaigre&quot;, d\u00e9clare Donald Trump\"\/>1:54Guerre en Ukraine: \u00ab\u00a0Zelensky et Poutine, c&rsquo;est comme m\u00e9langer de l&rsquo;huile et du vinaigre\u00a0\u00bb, d\u00e9clare Donald Trump<\/a><a href=\"https:\/\/www.bfmtv.com\/international\/asie\/russie\/video-trump-guerre-en-ukraine-il-espere-retablir-des-liens-avec-moscou-explique-ulrich-bounat-analyste-geopolitique_VN-202508220440.html\" title=\"Trump\/Guerre en Ukraine: &quot;Il esp\u00e8re r\u00e9tablir des liens avec Moscou&quot;, explique Ulrich Bounat, analyste g\u00e9opolitique\" rel=\"nofollow noopener\" target=\"_blank\"><img width=\"16\" height=\"9\" class=\"lozad\"  alt=\"Trump\/Guerre en Ukraine: &quot;Il esp\u00e8re r\u00e9tablir des liens avec Moscou&quot;, explique Ulrich Bounat, analyste g\u00e9opolitique\"\/>0:54Trump\/Guerre en Ukraine: \u00ab\u00a0Il esp\u00e8re r\u00e9tablir des liens avec Moscou\u00a0\u00bb, explique Ulrich Bounat, analyste g\u00e9opolitique<\/a><a href=\"https:\/\/www.bfmtv.com\/replay-emissions\/le-live-bfm\/video-et-maintenant-trump-appelle-a-frapper-la-russie-22-08_VN-202508220271.html\" title=\"Et maintenant, Trump appelle \u00e0 frapper la Russie ? - 22\/08\" rel=\"nofollow noopener\" target=\"_blank\"><img width=\"16\" height=\"9\" class=\"lozad\"  alt=\"Et maintenant, Trump appelle \u00e0 frapper la Russie ? - 22\/08\"\/>3:54Et maintenant, Trump appelle \u00e0 frapper la Russie ? &#8211; 22\/08<\/a><a href=\"https:\/\/www.bfmtv.com\/international\/amerique-nord\/etats-unis\/video-guerre-en-ukraine-j-d-vance-vice-president-des-etats-unis-appelle-l-europe-a-assumer-la-plus-grande-part-du-fardeau_VN-202508210652.html\" title=\"Guerre en Ukraine: J.D. Vance, vice-pr\u00e9sident des \u00c9tats-Unis, appelle l&#039;Europe \u00e0 assumer &quot;la plus grande part du fardeau&quot;\" rel=\"nofollow noopener\" target=\"_blank\"><img width=\"16\" height=\"9\" class=\"lozad\"  alt=\"Guerre en Ukraine: J.D. Vance, vice-pr\u00e9sident des \u00c9tats-Unis, appelle l'Europe \u00e0 assumer &quot;la plus grande part du fardeau&quot;\"\/>1:15Guerre en Ukraine: J.D. Vance, vice-pr\u00e9sident des \u00c9tats-Unis, appelle l&rsquo;Europe \u00e0 assumer \u00ab\u00a0la plus grande part du fardeau\u00a0\u00bb<\/a><a href=\"https:\/\/www.bfmtv.com\/international\/asie\/russie\/video-deploiement-militaire-europeen-en-ukraine-j-espere-que-ceux-qui-envisagent-de-tels-plans-comprennent-quelles-en-seront-les-consequences-affirme-serguei-lavrov_VN-202508210614.html\" title=\"D\u00e9ploiement militaire europ\u00e9en en Ukraine: &quot;J&#039;esp\u00e8re que ceux qui envisagent de tels plans, comprennent quelles en seront les cons\u00e9quences&quot;, affirme Sergue\u00ef Lavrov\" rel=\"nofollow noopener\" target=\"_blank\"><img width=\"16\" height=\"9\" class=\"lozad\"  alt=\"D\u00e9ploiement militaire europ\u00e9en en Ukraine: &quot;J'esp\u00e8re que ceux qui envisagent de tels plans, comprennent quelles en seront les cons\u00e9quences&quot;, affirme Sergue\u00ef Lavrov\"\/>0:41D\u00e9ploiement militaire europ\u00e9en en Ukraine: \u00ab\u00a0J&rsquo;esp\u00e8re que ceux qui envisagent de tels plans, comprennent quelles en seront les cons\u00e9quences\u00a0\u00bb, affirme Sergue\u00ef Lavrov<\/a><a href=\"https:\/\/www.bfmtv.com\/international\/asie\/russie\/video-guerre-en-ukraine-614-drones-et-missiles-lances-par-la-russie-pendant-la-nuit-un-record-depuis-un-mois_VN-202508210495.html\" title=\"Guerre en Ukraine: 614 drones et missiles lanc\u00e9s par la Russie pendant la nuit, un record depuis un mois\" rel=\"nofollow noopener\" target=\"_blank\"><img width=\"16\" height=\"9\" class=\"lozad\"  alt=\"Guerre en Ukraine: 614 drones et missiles lanc\u00e9s par la Russie pendant la nuit, un record depuis un mois\"\/>1:28Guerre en Ukraine: 614 drones et missiles lanc\u00e9s par la Russie pendant la nuit, un record depuis un mois<\/a><a class=\"jumpToVideo\" target=\"_blank\"><img class=\"thumbnailPreview\"\/><\/a><\/p>\n","protected":false},"excerpt":{"rendered":"Guerre en Ukraine: la Russie confront\u00e9e \u00e0 une p\u00e9nurie de carburant \u00e0 cause des attaques ukrainiennesSur le m\u00eame&hellip;\n","protected":false},"author":2,"featured_media":338791,"comment_status":"","ping_status":"","sticky":false,"template":"","format":"standard","meta":{"footnotes":""},"categories":[1590],"tags":[11,1777,674,12,220],"class_list":{"0":"post-338790","1":"post","2":"type-post","3":"status-publish","4":"format-standard","5":"has-post-thumbnail","7":"category-ukraine","8":"tag-actualites","9":"tag-eu","10":"tag-europe","11":"tag-news","12":"tag-ukraine"},"share_on_mastodon":{"url":"https:\/\/pubeurope.com\/@fr\/115078818903461420","error":""},"_links":{"self":[{"href":"https:\/\/www.europesays.com\/fr\/wp-json\/wp\/v2\/posts\/338790","targetHints":{"allow":["GET"]}}],"collection":[{"href":"https:\/\/www.europesays.com\/fr\/wp-json\/wp\/v2\/posts"}],"about":[{"href":"https:\/\/www.europesays.com\/fr\/wp-json\/wp\/v2\/types\/post"}],"author":[{"embeddable":true,"href":"https:\/\/www.europesays.com\/fr\/wp-json\/wp\/v2\/users\/2"}],"replies":[{"embeddable":true,"href":"https:\/\/www.europesays.com\/fr\/wp-json\/wp\/v2\/comments?post=338790"}],"version-history":[{"count":0,"href":"https:\/\/www.europesays.com\/fr\/wp-json\/wp\/v2\/posts\/338790\/revisions"}],"wp:featuredmedia":[{"embeddable":true,"href":"https:\/\/www.europesays.com\/fr\/wp-json\/wp\/v2\/media\/338791"}],"wp:attachment":[{"href":"https:\/\/www.europesays.com\/fr\/wp-json\/wp\/v2\/media?parent=338790"}],"wp:term":[{"taxonomy":"category","embeddable":true,"href":"https:\/\/www.europesays.com\/fr\/wp-json\/wp\/v2\/categories?post=338790"},{"taxonomy":"post_tag","embeddable":true,"href":"https:\/\/www.europesays.com\/fr\/wp-json\/wp\/v2\/tags?post=338790"}],"curies":[{"name":"wp","href":"https:\/\/api.w.org\/{rel}","templated":true}]}}