{"id":338794,"date":"2025-08-23T15:37:10","date_gmt":"2025-08-23T15:37:10","guid":{"rendered":"https:\/\/www.europesays.com\/fr\/338794\/"},"modified":"2025-08-23T15:37:10","modified_gmt":"2025-08-23T15:37:10","slug":"au-royaume-uni-une-parachutiste-chevronnee-de-32-ans-se-suicide-apres-une-rupture-amoureuse","status":"publish","type":"post","link":"https:\/\/www.europesays.com\/fr\/338794\/","title":{"rendered":"Au Royaume-Uni, une parachutiste chevronn\u00e9e de 32 ans se suicide apr\u00e8s une rupture amoureuse"},"content":{"rendered":"<p>C\u2019est une histoire d\u2019amour qui a tr\u00e8s mal tourn\u00e9. Ce jeudi 21 ao\u00fbt 2025, nos confr\u00e8res britanniques du journal The Guardian ont r\u00e9v\u00e9l\u00e9 les conclusions de l&rsquo;enqu\u00eate men\u00e9e suite \u00e0 un accident survenu plusieurs mois plus t\u00f4t, le 27 avril 2025. Une femme de 32 ans, Jade Damerell, a fait une chute mortelle alors qu\u2019elle sautait en parachute, \u00e0 4 600 m\u00e8tres d\u2019altitude, au-dessus d\u2019un champ situ\u00e9 \u00e0 Shotton Colliery, dans le comt\u00e9 de Durham (Angleterre). Cet accident mortel a alert\u00e9 l\u2019entourage de la d\u00e9funte puisque celle-ci \u00e9tait une parachutiste chevronn\u00e9e, qui avait effectu\u00e9 plus de 500 sauts de ce type au cours de sa vie. Pour faire toute la lumi\u00e8re sur ce drame, une enqu\u00eate avait alors \u00e9t\u00e9 ouverte par les autorit\u00e9s locales. Les conclusions viennent d\u2019\u00eatre rendues publiques.<\/p>\n<p>Selon les investigations men\u00e9es, Jade Damerell n\u2019aurait pas \u00e9t\u00e9 victime d\u2019un accident mais aurait d\u00e9cid\u00e9 de se suicider, en omettant d\u00e9lib\u00e9r\u00e9ment de d\u00e9clencher son parachute. En effet, la jeune femme, au d\u00e9sespoir, s\u2019\u00e9tait s\u00e9par\u00e9e, la veille au soir, de son compagnon \u2013 lui-m\u00eame passionn\u00e9 de parachutisme. Un suicide au proc\u00e9d\u00e9 lourd de sens. La d\u00e9funte avait \u00e9galement d\u00e9sactiv\u00e9 le dispositif de d\u00e9ploiement d\u2019urgence du parachute de secours. Autre indice : la jeune femme avait l\u2019habitude de filmer ses sauts gr\u00e2ce \u00e0 une cam\u00e9ra embarqu\u00e9e, chose qu\u2019elle n\u2019a pas faite le jour de sa mort. Les parachutes \u2013 principal et de secours \u2013 ont tous deux \u00e9t\u00e9 jug\u00e9s en parfait \u00e9tat de fonctionnement. Enfin, l\u2019un des enqu\u00eateurs a (&#8230;)<\/p>\n<p>(&#8230;) <a href=\"https:\/\/www.femmeactuelle.fr\/actu\/news-actu\/au-royaume-uni-une-parachutiste-chevronnee-de-32-ans-se-suicide-apres-une-rupture-amoureuse-2197411\" rel=\"nofollow noopener\" target=\"_blank\" data-ylk=\"slk:Cliquez ici pour voir la suite;elm:context_link;itc:0;sec:content-canvas\" class=\"link \">Cliquez ici pour voir la suite<\/a><\/p>\n<p><a href=\"https:\/\/www.femmeactuelle.fr\/actu\/news-actu\/apres-la-gifle-une-nouvelle-sequence-capturee-en-video-entre-emmanuel-et-brigitte-macron-fait-polemique-2195508\" rel=\"nofollow noopener\" target=\"_blank\" data-ylk=\"slk:Apr\u00e8s la gifle, une nouvelle s\u00e9quence captur\u00e9e en vid\u00e9o entre Emmanuel et Brigitte Macron fait pol\u00e9mique en pleine visite d&#039;\u00c9tat au Royaume-uni;elm:context_link;itc:0;sec:content-canvas\" class=\"link \">Apr\u00e8s la gifle, une nouvelle s\u00e9quence captur\u00e9e en vid\u00e9o entre Emmanuel et Brigitte Macron fait pol\u00e9mique en pleine visite d&rsquo;\u00c9tat au Royaume-uni<\/a><br \/><a href=\"https:\/\/www.femmeactuelle.fr\/actu\/news-actu\/c-est-tres-complique-d-en-parler-pierre-arditi-se-livre-sur-sa-tentative-de-suicide-a-32-ans-2172402\" rel=\"nofollow noopener\" target=\"_blank\" data-ylk=\"slk:&quot;C&#039;est tr\u00e8s compliqu\u00e9 d&#039;en parler&quot; : Pierre Arditi se livre sur sa tentative de suicide \u00e0 32 ans;elm:context_link;itc:0;sec:content-canvas\" class=\"link \">\u00ab\u00a0C&rsquo;est tr\u00e8s compliqu\u00e9 d&rsquo;en parler\u00a0\u00bb : Pierre Arditi se livre sur sa tentative de suicide \u00e0 32 ans<\/a><br \/><a href=\"https:\/\/www.femmeactuelle.fr\/actu\/news-actu\/ce-nest-pas-un-cas-isole-un-rat-de-pres-de-56-centimetres-de-long-retrouve-dans-une-maison-du-yorkshire-au-royaume-uni-2196694\" rel=\"nofollow noopener\" target=\"_blank\" data-ylk=\"slk:&quot;Ce n\u2019est pas un cas isol\u00e9&quot; : un rat de pr\u00e8s de 56 centim\u00e8tres de long retrouv\u00e9 dans une maison du Yorkshire au Royaume-Uni;elm:context_link;itc:0;sec:content-canvas\" class=\"link \">\u00ab\u00a0Ce n\u2019est pas un cas isol\u00e9\u00a0\u00bb : un rat de pr\u00e8s de 56 centim\u00e8tres de long retrouv\u00e9 dans une maison du Yorkshire au Royaume-Uni<\/a><br \/><a href=\"https:\/\/www.femmeactuelle.fr\/actu\/news-actu\/le-prince-harry-explique-pourquoi-meghan-markle-ne-vient-plus-au-royaume-uni-avec-lui-2179006\" rel=\"nofollow noopener\" target=\"_blank\" data-ylk=\"slk:Le prince Harry explique pourquoi Meghan Markle ne vient plus au Royaume-Uni avec lui;elm:context_link;itc:0;sec:content-canvas\" class=\"link \">Le prince Harry explique pourquoi Meghan Markle ne vient plus au Royaume-Uni avec lui<\/a><br \/><a href=\"https:\/\/www.femmeactuelle.fr\/actu\/news-actu\/ecoutez-cest-comme-ca-apres-sa-rupture-l-avis-tres-tranche-de-laurent-ruquier-sur-une-future-relation-amoureuse-2193790\" rel=\"nofollow noopener\" target=\"_blank\" data-ylk=\"slk:&quot;\u00c9coutez, c\u2019est comme \u00e7a&quot; : apr\u00e8s sa rupture, l&#039;avis tr\u00e8s tranch\u00e9 de Laurent Ruquier sur une future relation amoureuse;elm:context_link;itc:0;sec:content-canvas\" class=\"link \">\u00ab\u00a0\u00c9coutez, c\u2019est comme \u00e7a\u00a0\u00bb : apr\u00e8s sa rupture, l&rsquo;avis tr\u00e8s tranch\u00e9 de Laurent Ruquier sur une future relation amoureuse<\/a><\/p>\n","protected":false},"excerpt":{"rendered":"C\u2019est une histoire d\u2019amour qui a tr\u00e8s mal tourn\u00e9. Ce jeudi 21 ao\u00fbt 2025, nos confr\u00e8res britanniques du&hellip;\n","protected":false},"author":2,"featured_media":338795,"comment_status":"","ping_status":"","sticky":false,"template":"","format":"standard","meta":{"footnotes":""},"categories":[1588],"tags":[11,47513,1777,674,47512,18930,12,473,1853,47514,1851,6966,1850,1852],"class_list":{"0":"post-338794","1":"post","2":"type-post","3":"status-publish","4":"format-standard","5":"has-post-thumbnail","7":"category-royaume-uni","8":"tag-actualites","9":"tag-comte-de-durham","10":"tag-eu","11":"tag-europe","12":"tag-jade-damerell","13":"tag-la-lumiere","14":"tag-news","15":"tag-royaume-uni","16":"tag-royaume-uni-de-grande-bretagne-et-dirlande-du-nord","17":"tag-shotton-colliery","18":"tag-uk","19":"tag-une-histoire-damour","20":"tag-united-kingdom","21":"tag-united-kingdom-of-great-britain-and-northern-ireland"},"share_on_mastodon":{"url":"https:\/\/pubeurope.com\/@fr\/115078826812510327","error":""},"_links":{"self":[{"href":"https:\/\/www.europesays.com\/fr\/wp-json\/wp\/v2\/posts\/338794","targetHints":{"allow":["GET"]}}],"collection":[{"href":"https:\/\/www.europesays.com\/fr\/wp-json\/wp\/v2\/posts"}],"about":[{"href":"https:\/\/www.europesays.com\/fr\/wp-json\/wp\/v2\/types\/post"}],"author":[{"embeddable":true,"href":"https:\/\/www.europesays.com\/fr\/wp-json\/wp\/v2\/users\/2"}],"replies":[{"embeddable":true,"href":"https:\/\/www.europesays.com\/fr\/wp-json\/wp\/v2\/comments?post=338794"}],"version-history":[{"count":0,"href":"https:\/\/www.europesays.com\/fr\/wp-json\/wp\/v2\/posts\/338794\/revisions"}],"wp:featuredmedia":[{"embeddable":true,"href":"https:\/\/www.europesays.com\/fr\/wp-json\/wp\/v2\/media\/338795"}],"wp:attachment":[{"href":"https:\/\/www.europesays.com\/fr\/wp-json\/wp\/v2\/media?parent=338794"}],"wp:term":[{"taxonomy":"category","embeddable":true,"href":"https:\/\/www.europesays.com\/fr\/wp-json\/wp\/v2\/categories?post=338794"},{"taxonomy":"post_tag","embeddable":true,"href":"https:\/\/www.europesays.com\/fr\/wp-json\/wp\/v2\/tags?post=338794"}],"curies":[{"name":"wp","href":"https:\/\/api.w.org\/{rel}","templated":true}]}}